{"id":169,"date":"2013-05-27T21:30:33","date_gmt":"2013-05-27T20:30:33","guid":{"rendered":"http:\/\/blogs.elnortedecastilla.es\/CampoGrande\/?p=169"},"modified":"2013-05-27T21:30:33","modified_gmt":"2013-05-27T20:30:33","slug":"la-estepa-infinita-de-esther-hautzig","status":"publish","type":"post","link":"https:\/\/blogs.elnortedecastilla.es\/CampoGrande\/2013\/05\/27\/la-estepa-infinita-de-esther-hautzig\/","title":{"rendered":"La estepa infinita, de Esther Hautzig"},"content":{"rendered":"<p><a href=\"\/CampoGrande\/wp-content\/uploads\/sites\/27\/2013\/05\/laestepainfinita.jpg\"><img loading=\"lazy\" title=\"laestepainfinita\" src=\"\/CampoGrande\/wp-content\/uploads\/sites\/27\/2013\/05\/laestepainfinita.jpg\" alt=\"\" width=\"189\" height=\"267\" \/><\/a><\/p>\n<p><strong><em>La estepa infinita<\/em><\/strong><\/p>\n<p>Esther Hautzig<\/p>\n<p>Traducci\u00f3n de Santiago de Rey, Salamandra, Barcelona, 2008<\/p>\n<p><strong>Un poco de historia:<\/strong><\/p>\n<p>El territorio que actualmente corresponde a\u00a0Lituania\u00a0se remonta en sus or\u00edgenes pol\u00edticos al s. XIII como estado medieval. Los caballeros Teutones \u2013de origen alem\u00e1n- se hab\u00edan preparado para llevar a cabo una cruzada que devolviera a los cristianos los Santos Lugares tomados por los musulmanes. Ante la imposibilidad de llevar la empresa con ciertas garant\u00edas de \u00e9xito, se instalaron en lo que hoy es Ruman\u00eda.<\/p>\n<p>El rey del imperio h\u00fangaro, Andr\u00e9s II, temeroso\u00a0 de la existencia de semejante ej\u00e9rcito dentro de su territorio, les encomend\u00f3 la conquista para la fe de los territorios b\u00e1lticos que limitaban con Polonia, en 1225. Y as\u00ed se instalaron \u00a0en el territorio de las actuales Lituania, Letonia y Estonia. Fue primero un gran ducado independiente, incluso en 1253 fue proclamado reino, ya que el gran duque\u00a0Mindaugas recibi\u00f3 la corona del Papa, aunque el pa\u00eds no hab\u00eda sido a\u00fan cristianizado.<\/p>\n<p>Desde 1389 se uni\u00f3 con\u00a0Polonia\u00a0en virtud de la uni\u00f3n din\u00e1stica de los dos estados. La segunda parte de la\u00a0uni\u00f3n con Polonia\u00a0se produjo en 1569, convirti\u00e9ndose as\u00ed en el pa\u00eds m\u00e1s grande de Europa. Seg\u00fan el sistema de uni\u00f3n de los dos pa\u00edses, Lituania pudo conservar un autogobierno propio. Posteriormente fue incorporada a\u00a0Rusia\u00a0bajo el reinado de Catalina II. La defensa del uso de su propia lengua motiv\u00f3 dos grandes revueltas populares contra el Imperio ruso en 1831 y 1863, pero Lituania no consigui\u00f3 liberarse.<\/p>\n<p>Entre\u00a01915\u00a0y 1918 fue ocupada por\u00a0Alemania\u00a0durante la\u00a0Primera Guerra Mundial. En 1918,\u00a0Lituania declar\u00f3 su independencia aprovechando la\u00a0Revoluci\u00f3n Rusa\u00a0(1917), y se separ\u00f3 del Imperio de\u00a0Nicol\u00e1s II de Rusia.<\/p>\n<p>Tras la Primera Guerra Mundial, la\u00a0Rusia sovi\u00e9tica ocup\u00f3 la mitad oriental del pa\u00eds. Un ej\u00e9rcito, formado bajo auspicio alem\u00e1n, luch\u00f3 contra los bolcheviques a inicios de\u00a01919. Grupos de mercenarios alemanes ayudaron a los lituanos a repeler a los bolcheviques. Los bolcheviques proclamaron la Rep\u00fablica Socialista Sovi\u00e9tica Lituana-Bielorrusa, pero tuvieron que abandonar\u00a0Vilna debido al avance del ej\u00e9rcito polaco en la regi\u00f3n. Desde entonces, Lituania reclam\u00f3 Vilna como su capital hist\u00f3rica, aunque qued\u00f3 bajo control polaco.<\/p>\n<p>Despu\u00e9s de la\u00a0Batalla de Varsovia, los sovi\u00e9ticos se retiraron de Polonia, y entregaron el control de Vilna a Lituania. Adem\u00e1s, en 1920, los rusos reconocieron la independencia de Lituania, y su derecho a la regi\u00f3n de Vilna.\u00a0Bielorrusia y Polonia\u00a0no aceptaron esto.<\/p>\n<p>En 1940, Lituania fue incluida en la Uni\u00f3n Sovi\u00e9tica bajo el nombre de\u00a0 Rep\u00fablica Socialista Sovi\u00e9tica de Lituania.<\/p>\n<p>Fue ocupada por Alemania\u00a0durante la Segunda Guerra Mundial. Los lituanos recibieron bien a los alemanes y les ayudaron a que la gran poblaci\u00f3n jud\u00eda lituana fuera perseguida y exterminada por los\u00a0nazis\u00a0durante la ocupaci\u00f3n, siendo asesinados unos 100.000 jud\u00edos en toda Lituania, 70.000 solamente en Vilna. A mediados de\u00a01944, Lituania quedo bajo total control ruso.<\/p>\n<p>Durante el periodo sovi\u00e9tico se convirti\u00f3 en la parte m\u00e1s desarrollada (junto a Estonia) de la URSS.<\/p>\n<p>A 13 km al noreste de\u00a0\u0160iauliai\u00a0se encuentra un s\u00edmbolo de resistencia a la opresi\u00f3n:\u00a0<em>El Cerro de las Cruces<\/em>. Desde\u00a01961\u00a0los buld\u00f3ceres sovi\u00e9ticos la destruyeron constantemente, pero finalmente cuenta con m\u00e1s de 50.000 cruces. En\u00a01988\u00a0se form\u00f3 el Movimiento Lituano por la\u00a0Perestroika, que triunf\u00f3 en las elecciones de\u00a01989\u00a0al\u00a0Congreso de Diputados de la URSS. En ese a\u00f1o se establece el\u00a0lituano\u00a0como lengua oficial. Se proclama la independencia en\u00a01990. Hubo una dura r\u00e9plica sovi\u00e9tica (ocupaci\u00f3n militar de Vilna) que forz\u00f3 la pac\u00edfica pero un\u00e1nime reacci\u00f3n popular en lo que se dio en llamar\u00a0Revoluci\u00f3n Cantada. El 13 de enero de 1991 las tropas sovi\u00e9ticas atacaron a los ciudadanos desarmados en un intento de tomar bajo control militar la torre de la televisi\u00f3n, en donde fueron asesinadas 13 personas y heridos m\u00e1s de 200. Lituania sigui\u00f3 su camino de independencia y, como castigo, en agosto de mismo a\u00f1o, las fuerzas especiales sovi\u00e9ticas asesinaron a siete funcionarios de la reci\u00e9n creada aduana de Lituania, dispar\u00e1ndoles a todos en la cabeza. Tras el fallido golpe de Estado de agosto de\u00a01991\u00a0en\u00a0Mosc\u00fa, la independencia del pa\u00eds fue reconocida internacionalmente y aceptada por Mosc\u00fa.<\/p>\n<p>Desde el 2004 forma parte de Uni\u00f3n Europea.<\/p>\n<p>&nbsp;<\/p>\n<p><strong>La novela:<\/strong><\/p>\n<p>La novela comienza en 1941, cuando los rusos invaden Vilna y apresan a los ricos por considerarlos contrarios a la revoluci\u00f3n comunista. Los capturan, los deportan y les expropian sus bienes.<\/p>\n<p>Este es el caso de la familia de Esther Hauztig, que adem\u00e1s de rica es una familia de origen jud\u00edo. Ocupaban una gran casa donde viv\u00edan varias generaciones. En el momento del apresamiento s\u00f3lo se encuentran en la casa los abuelos y los padres de Esther. Son deportados a un campo de trabajo en Siberia.<\/p>\n<p>Esther, una ni\u00f1a de nueve a\u00f1os, nos cuenta sus impresiones sobre el viaje y aquel primer a\u00f1o terrible en Siberia. Posteriormente les reconocen cierta libertad y les permiten abandonar el campo de trabajo e irse a instalar en un pueblo a unos doce kil\u00f3metros, en medio de la estepa siberiana. All\u00ed Esther podr\u00e1 incorporarse a la escuela, aprender el ruso y luchar por ser aceptada entre los otros ni\u00f1os como una m\u00e1s.<\/p>\n<p>Las condiciones de vida siguen siendo especialmente duras y sorprende que consiguieran sobrevivir al fr\u00edo siberiano.<\/p>\n<p>No obstante el optimismo y el esp\u00edritu de lucha parece que no les falta. Al poco tiempo de haberse instalado, el padre el llamado a filas y la lucha por la supervivencia de las tres familias se hace a\u00fan m\u00e1s costosa.<\/p>\n<p>La novela termina con el reencuentro de la familia de Esther y su padre en la estaci\u00f3n del tren en Polonia, finalizada la guerra, en 1946.<\/p>\n<p>El hecho de que la protagonista sea una ni\u00f1a que se aproxima a las inquietudes de la adolescencia hace que sea un libro adecuado para presentar las consecuencias del comunismo y del nazismo a los preadolescentes (11-16 a\u00f1os). Del nazismo porque los componentes de la familia jud\u00eda que en el momento del apresamiento no se encontraban en la casa murieron poco despu\u00e9s, cuando los alemanes invadieron a los lituanos y expulsaron a los rusos. Los familiares jud\u00edos fueron deportados a campos de concentraci\u00f3n y all\u00ed se perdi\u00f3 su rastro.<\/p>\n<p>Las referencias literarias que encontramos en la novela se relacionan con autores rusos: <em>La lluvia<\/em>, de Turguenev; <em>La hija del capit\u00e1n<\/em> y <em>Eugenio Oneguin<\/em> de Pushkin; y Ch\u00e9jov.<\/p>\n<p>Entre los autores americanos cita a Jack London y a Mark Twain. Entre los brit\u00e1nicos a Shakespeare (traducido por Pasternak) y Charles Dickens. Y por \u00faltimo, al franc\u00e9s Alejandro Dumas.<\/p>\n<p>El estilo narrativo es la autobiograf\u00eda, sin ninguna complicaci\u00f3n. Sigue la l\u00ednea del tiempo.<\/p>\n<p><a href=\"\/CampoGrande\/wp-content\/uploads\/sites\/27\/2013\/05\/laestepainfinita.jpg\"><br \/>\n<\/a><\/p>\n<!-- AddThis Advanced Settings generic via filter on the_content --><!-- AddThis Share Buttons generic via filter on the_content -->","protected":false},"excerpt":{"rendered":"<p>La estepa infinita Esther Hautzig Traducci\u00f3n de Santiago de Rey, Salamandra, Barcelona, 2008 Un poco de historia: El territorio que actualmente corresponde a\u00a0Lituania\u00a0se remonta en sus or\u00edgenes pol\u00edticos al s. XIII como estado medieval. Los caballeros Teutones \u2013de origen alem\u00e1n- se hab\u00edan preparado para llevar a cabo una cruzada que devolviera a los cristianos los [&hellip;]<!-- AddThis Advanced Settings generic via filter on get_the_excerpt --><!-- AddThis Share Buttons generic via filter on get_the_excerpt --><\/p>\n","protected":false},"author":39,"featured_media":0,"comment_status":"open","ping_status":"open","sticky":false,"template":"","format":"standard","meta":[],"categories":[2],"tags":[8,16,35],"_links":{"self":[{"href":"https:\/\/blogs.elnortedecastilla.es\/CampoGrande\/wp-json\/wp\/v2\/posts\/169"}],"collection":[{"href":"https:\/\/blogs.elnortedecastilla.es\/CampoGrande\/wp-json\/wp\/v2\/posts"}],"about":[{"href":"https:\/\/blogs.elnortedecastilla.es\/CampoGrande\/wp-json\/wp\/v2\/types\/post"}],"author":[{"embeddable":true,"href":"https:\/\/blogs.elnortedecastilla.es\/CampoGrande\/wp-json\/wp\/v2\/users\/39"}],"replies":[{"embeddable":true,"href":"https:\/\/blogs.elnortedecastilla.es\/CampoGrande\/wp-json\/wp\/v2\/comments?post=169"}],"version-history":[{"count":0,"href":"https:\/\/blogs.elnortedecastilla.es\/CampoGrande\/wp-json\/wp\/v2\/posts\/169\/revisions"}],"wp:attachment":[{"href":"https:\/\/blogs.elnortedecastilla.es\/CampoGrande\/wp-json\/wp\/v2\/media?parent=169"}],"wp:term":[{"taxonomy":"category","embeddable":true,"href":"https:\/\/blogs.elnortedecastilla.es\/CampoGrande\/wp-json\/wp\/v2\/categories?post=169"},{"taxonomy":"post_tag","embeddable":true,"href":"https:\/\/blogs.elnortedecastilla.es\/CampoGrande\/wp-json\/wp\/v2\/tags?post=169"}],"curies":[{"name":"wp","href":"https:\/\/api.w.org\/{rel}","templated":true}]}}