{"id":18,"date":"2007-02-14T00:02:08","date_gmt":"2007-02-14T00:02:08","guid":{"rendered":"http:\/\/blogs.elnortedecastilla.es\/CampoGrande\/?p=18"},"modified":"2007-02-14T00:02:08","modified_gmt":"2007-02-14T00:02:08","slug":"la-abadesa-toti-martinez-lezea","status":"publish","type":"post","link":"https:\/\/blogs.elnortedecastilla.es\/CampoGrande\/2007\/02\/14\/la-abadesa-toti-martinez-lezea\/","title":{"rendered":"La Abadesa, de Toti Mart\u00ednez de Lezea"},"content":{"rendered":"<p><IMG src=\"\/CampoGrande\/files\/TotiM.deLezea_01.jpg\"><DIV style=\"TEXT-INDENT: 35.45pt\"><B><I><SPAN style=\"FONT-SIZE: 14pt\">LA ABADESA<\/SPAN><\/I><\/B><\/DIV><DIV style=\"TEXT-INDENT: 35.45pt\"><SPAN style=\"FONT-SIZE: 14pt\">Toti Mart\u00ednez de Lezea<\/SPAN><\/DIV><DIV style=\"TEXT-INDENT: 35.45pt\"><SPAN style=\"FONT-SIZE: 14pt\">Maeva Ediciones, Madrid, 2005<\/SPAN><\/DIV><DIV style=\"TEXT-INDENT: 35.45pt\"><SPAN style=\"FONT-SIZE: 14pt\">250 p\u00e1gs.<\/SPAN><\/DIV><DIV style=\"TEXT-INDENT: 35.45pt\">&nbsp;<\/DIV><DIV style=\"TEXT-INDENT: 35.45pt\" align=justify><SPAN style=\"FONT-SIZE: 12pt\">Toti Mart\u00ednez de Lezea elige, para su historia novelada, dos formas muy acordes con el estilo literario en uso all\u00e1 por el siglo XVI: la autobiograf\u00eda y el relato de viajes. <\/SPAN><\/DIV><DIV style=\"TEXT-INDENT: 35.45pt\" align=justify><SPAN style=\"FONT-SIZE: 12pt\">M\u00aa Esperanza de Arag\u00f3n, hija bastarda de Fernando el Cat\u00f3lico, descubrir\u00e1 al lector de esta novela los usos y costumbres de los castellanos de Castilla y de los castellanos de las villas vascas que a\u00fan siendo parte del Reino de Castilla conservaban sus fueros, usos y costumbres, como los conservaban otros pueblos de las distintas zonas del reino. Precisamente, el respeto a esos fueros y costumbres ser\u00e1 lo que lleve a Fernando el Cat\u00f3lico, Rey de Castilla al igual que Rey de Arag\u00f3n, a la villa de Bilbao en 1476, ocasi\u00f3n en la que conoce a Toda de Larrea, una joven de 15 a\u00f1os, quien dar\u00e1 a luz, nueve meses despu\u00e9s, a una ni\u00f1a , M\u00aa Esperanza la Excelenta. En 1484, ocho a\u00f1os m\u00e1s tarde, ser\u00e1 la propia Reina Isabel la Cat\u00f3lica, quien acudir\u00e1 a la villa de Bilbao para manifestar su respeto a los fueros, usos y costumbres. Y en los festejos organizados por los bilba\u00ednos tendr\u00e1 conocimiento de la existencia de la ni\u00f1a, hija bastarda de su esposo Fernando. El episodio caus\u00f3 una gran humillaci\u00f3n a la Reina pues la joven y bella Toda declam\u00f3 en p\u00fablico unos versos en los que se desquitaba de las humillaciones recibidas y se declaraba posesi\u00f3n del Rey. La Reina Isabel, muy dolida, orden\u00f3 que se llevase a la ni\u00f1a al convento de clausura que las Agustinas ten\u00edan en Madrigal de las Altas Torres, en \u00c1vila. All\u00ed la reina ten\u00eda su palacio y casa.<\/SPAN><\/DIV><DIV style=\"TEXT-INDENT: 35.45pt\" align=justify><SPAN style=\"FONT-SIZE: 12pt\">M\u00aa Esperanza creci\u00f3 en el convento junto a otra ni\u00f1a, tambi\u00e9n bastarda de Fernando, que lleg\u00f3 un a\u00f1o m\u00e1s tarde. Se convirti\u00f3 en una joven valiosa que lleg\u00f3, por sus cualidades personales, a ocupar el cargo de Abadesa a los veinticinco a\u00f1os. Es entonces cuando recibe la visita de la Madre Superiora de la Orden quien le trae un breve del Papa Julio II comunic\u00e1ndole que el Rey Fernando el Cat\u00f3lico, tras la muerte de Isabel, la reconoce, a ella y a la otra monja con la que hab\u00eda crecido, hijas suyas.<\/SPAN><\/DIV><DIV style=\"TEXT-INDENT: 35.45pt\" align=justify><SPAN style=\"FONT-SIZE: 12pt\">M\u00aa Esperanza se las ingeniar\u00e1 para conseguir el nombramiento de Inspectora General de los Conventos y Monasterios de la orden agustina en Castilla y Le\u00f3n. Y comienza as\u00ed sus viajes hasta la villa de Bilbao en donde est\u00e1 segura de poder descubrir algo de su pasado y, sobretodo, lo relacionado con su madre y quiz\u00e1s a su madre misma.<\/SPAN><\/DIV><DIV style=\"TEXT-INDENT: 35.45pt\" align=justify><SPAN style=\"FONT-SIZE: 12pt\">Encuentra a su t\u00edo Pedro Larrea, d\u00edas antes de su muerte; tiempo suficiente para que reciba la herencia que le pertenec\u00eda como \u00fanica descendiente con vida. Y conoce a Trist\u00e1n D\u00edaz de Leguizam\u00f3n, Pariente Mayor de los o\u00f1acinos, causante de la desgracia de la joven Toda, a quien oblig\u00f3 a yacer con el Rey Fernando, y por tanto causante de su propia desgracia. La trama de la novela permitir\u00e1 a M\u00aa Esperanza vengar de alg\u00fan modo toda aquella afrenta.<\/SPAN><\/DIV><DIV style=\"TEXT-INDENT: 35.45pt\" align=justify><SPAN style=\"FONT-SIZE: 12pt\">Igualmente descubre que el militar que hab\u00eda secuestrado a Toda y a la ni\u00f1a, aquel que la hab\u00eda conducido al convento de Madrigal por orden de la Reina Isabel, vive a\u00fan en Trujillo. M\u00aa Esperanza se las ingenia para poder acudir a Trujillo y continuar as\u00ed sus indagaciones sobre el paradero de su madre, Toda de Larrea.<\/SPAN><\/DIV><DIV style=\"TEXT-INDENT: 35.45pt\" align=justify><SPAN style=\"FONT-SIZE: 12pt\">Y efectivamente descubre lo ocurrido a Toda. En el \u00faltimo episodio se da noticia del final de todos y cada uno de los personajes que acompa\u00f1an a M\u00aa Esperanza en el esclarecimiento de su pasado y en la b\u00fasqueda de sus ra\u00edces.<\/SPAN><\/DIV><DIV style=\"TEXT-INDENT: 35.45pt\" align=justify><SPAN style=\"FONT-SIZE: 12pt\">Este ser\u00e1 el nudo aglutinador de la novela: la necesidad de todo ser humano a tener noticia de quienes son sus padres, m\u00e1s altos o m\u00e1s bajos en el contexto social; m\u00e1s inteligentes o menos; incluso mejores o peores. Lo que un padre haya sido en excelencia, sin duda honrar\u00e1 al hijo; lo que haya sido en verg\u00fcenza, lo humillar\u00e1. \u00bfPero habr\u00e1 mayor desgracia para el ser humano que no conocer quienes le engendraron? Quiz\u00e1s para quienes hemos conocido a nuestros padres, este sentimiento de angustia nos resulte extra\u00f1o y no nos alcance. Pero M\u00aa Esperanza, la Excelenta, luch\u00f3 duramente, en una \u00e9poca en la que las mujeres carec\u00edan de toda autonom\u00eda e independencia, por averiguar su pasado.<\/SPAN><\/DIV><DIV style=\"TEXT-INDENT: 35.45pt\" align=justify><SPAN style=\"FONT-SIZE: 12pt\">A lo largo de la novela, la autora de noticia de los comportamientos no adecuados de reyes y reinas que no respetaron el v\u00ednculo conyugal y mantuvieron relaciones extramatrimoniales. Se muestra tambi\u00e9n en la novela las consecuencias hist\u00f3ricas, las luchas de dinast\u00edas -los hijos leg\u00edtimos y los bastardos- por conservar el poder. Las muertes y asesinatos crueles de mujeres e hijos o las vidas extra\u00f1as a las que se somet\u00edan a ni\u00f1os inocentes. Los Reyes hac\u00edan con sus cuerpos lo que quer\u00edan. Las consecuencias las pagaban sus familias y los propios reinos que sufr\u00edan guerras civiles, miserias y ajusticiamientos de los partidarios vencidos.<\/SPAN><\/DIV><DIV style=\"TEXT-INDENT: 35.45pt\" align=justify><SPAN style=\"FONT-SIZE: 12pt\">La autora relata muchos de esos casos. Sin embargo la Reina Isabel de Castilla no tuvo hijos fuera del v\u00ednculo matrimonial. Si los hubiese tenido habr\u00edan sobrevivido, al igual que los que su esposo y primo tuvo. Porque entonces la Iglesia Cat\u00f3lica prohib\u00eda el matrimonio entre primos, no porque los estudios de Biolog\u00eda hubiesen ya demostrado los peligros de la repetici\u00f3n de la carga gen\u00e9tica entre familiares, sino porque a la Iglesia Cat\u00f3lica le constaba el hecho y quer\u00eda prevenir a sus hijos de un peligro que quiz\u00e1s no se pod\u00eda demostrar cient\u00edficamente en aquel momento de la historia. Isabel y Fernando eran primos y los hijos de ambos murieron muy j\u00f3venes o padecieron enfermedades graves. Los hijos bastardos del Rey Fernando gozaban de buena salud.<\/SPAN><\/DIV><DIV style=\"TEXT-INDENT: 35.45pt\" align=justify><SPAN style=\"FONT-SIZE: 12pt\">Una novela que, con un lenguaje sencillo y una trama que capta la atenci\u00f3n del lector desde las primeras p\u00e1ginas, puede ayudar a repasar y profundizar en algunos hechos hist\u00f3ricos de gran relevancia.<\/SPAN><\/DIV><DIV style=\"TEXT-INDENT: 35.45pt\" align=justify><SPAN style=\"FONT-SIZE: 12pt\"><\/SPAN>&nbsp;<\/DIV><DIV>&nbsp;<\/DIV><\/p>\n<!-- AddThis Advanced Settings generic via filter on the_content --><!-- AddThis Share Buttons generic via filter on the_content -->","protected":false},"excerpt":{"rendered":"<p>LA ABADESAToti Mart\u00ednez de LezeaMaeva Ediciones, Madrid, 2005250 p\u00e1gs.&nbsp;Toti Mart\u00ednez de Lezea elige, para su historia novelada, dos formas muy acordes con el estilo literario en uso all\u00e1 por el siglo XVI: la autobiograf\u00eda y el relato de viajes. M\u00aa Esperanza de Arag\u00f3n, hija bastarda de Fernando el Cat\u00f3lico, descubrir\u00e1 al lector de esta novela [&hellip;]<!-- AddThis Advanced Settings generic via filter on get_the_excerpt --><!-- AddThis Share Buttons generic via filter on get_the_excerpt --><\/p>\n","protected":false},"author":39,"featured_media":0,"comment_status":"open","ping_status":"closed","sticky":false,"template":"","format":"standard","meta":[],"categories":[1],"tags":[26],"_links":{"self":[{"href":"https:\/\/blogs.elnortedecastilla.es\/CampoGrande\/wp-json\/wp\/v2\/posts\/18"}],"collection":[{"href":"https:\/\/blogs.elnortedecastilla.es\/CampoGrande\/wp-json\/wp\/v2\/posts"}],"about":[{"href":"https:\/\/blogs.elnortedecastilla.es\/CampoGrande\/wp-json\/wp\/v2\/types\/post"}],"author":[{"embeddable":true,"href":"https:\/\/blogs.elnortedecastilla.es\/CampoGrande\/wp-json\/wp\/v2\/users\/39"}],"replies":[{"embeddable":true,"href":"https:\/\/blogs.elnortedecastilla.es\/CampoGrande\/wp-json\/wp\/v2\/comments?post=18"}],"version-history":[{"count":0,"href":"https:\/\/blogs.elnortedecastilla.es\/CampoGrande\/wp-json\/wp\/v2\/posts\/18\/revisions"}],"wp:attachment":[{"href":"https:\/\/blogs.elnortedecastilla.es\/CampoGrande\/wp-json\/wp\/v2\/media?parent=18"}],"wp:term":[{"taxonomy":"category","embeddable":true,"href":"https:\/\/blogs.elnortedecastilla.es\/CampoGrande\/wp-json\/wp\/v2\/categories?post=18"},{"taxonomy":"post_tag","embeddable":true,"href":"https:\/\/blogs.elnortedecastilla.es\/CampoGrande\/wp-json\/wp\/v2\/tags?post=18"}],"curies":[{"name":"wp","href":"https:\/\/api.w.org\/{rel}","templated":true}]}}