{"id":189,"date":"2013-06-19T21:15:57","date_gmt":"2013-06-19T20:15:57","guid":{"rendered":"http:\/\/blogs.elnortedecastilla.es\/CampoGrande\/?p=189"},"modified":"2013-06-19T21:15:57","modified_gmt":"2013-06-19T20:15:57","slug":"volvera-a-reir-la-primavera-de-jose-luis-olaizola","status":"publish","type":"post","link":"https:\/\/blogs.elnortedecastilla.es\/CampoGrande\/2013\/06\/19\/volvera-a-reir-la-primavera-de-jose-luis-olaizola\/","title":{"rendered":"Volver\u00e1 a re\u00edr la primavera, de Jos\u00e9 Luis Olaizola"},"content":{"rendered":"<p>&nbsp;<\/p>\n<p><strong><em><a href=\"\/CampoGrande\/wp-content\/uploads\/sites\/27\/2013\/08\/volvera-a-reir-la-primavera_9788427035256.jpg\"><img loading=\"lazy\" title=\"volvera-a-reir-la-primavera_9788427035256\" src=\"\/CampoGrande\/wp-content\/uploads\/sites\/27\/2013\/08\/volvera-a-reir-la-primavera_9788427035256.jpg\" alt=\"\" width=\"150\" height=\"150\" \/><\/a><\/em><\/strong><\/p>\n<p><strong><em>Volver\u00e1 a re\u00edr la primavera<\/em><\/strong><strong><em><\/em><\/strong><\/p>\n<p>Jos\u00e9 Luis Olaizola<\/p>\n<p>MR, Madrid, 2012, 190 p\u00e1gs.<\/p>\n<p>&nbsp;<\/p>\n<p>La situaci\u00f3n hist\u00f3rica que vive Espa\u00f1a en el primer tercio sirve de encuadre a esta novela. Durante el reinado de Alfonso XIII, que sube el trono en 1902 y sale de Espa\u00f1a el 14 de abril de 1931, se suceden acontecimientos muy virulentos que transforman convulsivamente la sociedad espa\u00f1ola.<\/p>\n<p>&nbsp;<\/p>\n<p>La Primera Guerra Mundial, 1914-1919, supone un an\u00f3malo crecimiento del sector industrial que llama a la poblaci\u00f3n rural hacia las ciudades en busca de mejores condiciones de vida que las del campo. La industria textil en Catalu\u00f1a y la metal\u00fargica en el Pa\u00eds Vasco reclaman mano de obra. La llegada de los trabajadores supone hacinamiento y malas condiciones de vida en los n\u00facleos urbanos as\u00ed como abusos en la contrataci\u00f3n de los trabajadores por la falta de previsi\u00f3n de una legislaci\u00f3n protectora del trabajador ante el repentino brote industrial. Se tradujo en un descontento generalizado que favoreci\u00f3 las huelgas y protestas y que condujo a una exaltaci\u00f3n de la anarqu\u00eda por los incipientes grupos sindicales.<\/p>\n<p>&nbsp;<\/p>\n<p>Al acabar la Primera Guerra Mundial, la industria espa\u00f1ola acus\u00f3 la falta de pedidos y se produjo una contracci\u00f3n de la producci\u00f3n con un excedente de mano de obra y mayor descontento en las ciudades.<\/p>\n<p>&nbsp;<\/p>\n<p>Por otro lado, los errores militares condujeron a p\u00e9rdidas en vidas humanas en el norte de \u00c1frica, en las guerras con las que Marruecos reclamaba su independencia. El triunfo del general Miguel Primo de Rivera en el norte de \u00c1frica, le rode\u00f3 del \u00e1urea necesaria para aventurarse en la pen\u00ednsula a solucionar los problemas derivados del descontento social y de la anarqu\u00eda. El rey le permiti\u00f3 un gobierno dictatorial que, aunque en un principio consigui\u00f3 poner orden, al continuar los problemas en la industria y las malas condiciones salariales, exacerb\u00f3 los \u00e1nimos de los obreros que se lanzaron a nuevas posiciones reivindicativas. El rey retir\u00f3 su confianza al general Primo de Rivera y confi\u00f3 el gobierno al general Juan Bautista Aznar. Pero ya fue tarde. La izquierda consigui\u00f3 el triunfo en las elecciones municipales celebradas el 11 de abril de 1931 y el rey decidi\u00f3 marcharse de Espa\u00f1a y ceder paso a la Segunda Rep\u00fablica.<\/p>\n<p>&nbsp;<\/p>\n<p>La llegada de la Segunda Rep\u00fablica supuso mayores des\u00f3rdenes y enfrentamientos graves entre los que pose\u00edan el capital y la nobleza y los trabajadores. El ej\u00e9rcito no supo a qu\u00e9 carta quedarse. Una parte de las fuerzas armadas reconoci\u00f3 la legitimidad de la Segunda Rep\u00fablica que hab\u00eda ganado unas elecciones municipales. Otra parte del ej\u00e9rcito no estaba dispuesta a permitir que Espa\u00f1a sucumbiera ante tanto desorden y anarqu\u00eda. As\u00ed se produjo un levantamiento en las zonas perif\u00e9ricas, partiendo del norte de \u00c1frica y Canarias, al que se fueron sumando distintos mandos. En la sublevaci\u00f3n tambi\u00e9n tomaron parte la Falange Espa\u00f1ola y los Requet\u00e9s. Pronto Franco disolvi\u00f3 los partidos pol\u00edticos y asumi\u00f3 el liderazgo de estos grupos. Sus l\u00edderes fueron encarcelados, condenados a muerte o exiliados. En el caso de la Falange, su l\u00edder, Jos\u00e9 Antonio Primo de Rivera, muri\u00f3 fusilado a mano de los republicanos en la c\u00e1rcel de Alicante.<\/p>\n<p>&nbsp;<\/p>\n<p>En esta novela se ofrece al lector una panor\u00e1mica de la vida de uno de los \u201ccamisas viejas\u201d, cofundadores de la Falange, Ignacio Acosta, hijo del ingeniero Antonio Acosta y hermano de Mari\u00e1n Acosta, a quien Jos\u00e9 Luis Olaizola dibuja como \u201cnovia\u201d de Jos\u00e9 Antonio Primo de Rivera.<\/p>\n<p>&nbsp;<\/p>\n<p>Por la novela desfilan personajes que son hist\u00f3ricos y que desempe\u00f1an el mismo papel que en la vida real tuvieron, lo que lleva al lector a reflexionar si est\u00e1 ante una novela o ante un trabajo del g\u00e9nero biogr\u00e1fico.<\/p>\n<p>&nbsp;<\/p>\n<p>En todo caso, se trata de una reflexi\u00f3n de los terribles sucesos que vivi\u00f3 Espa\u00f1a durante la Segunda Rep\u00fablica (1931-1939) y durante la Guerra Civil (1936-1939). Las muertes sin sentido, los asesinatos y el tremendo dolor en ambos bandos que continuaron mucho despu\u00e9s hasta que la necesidad de amor y perd\u00f3n lleg\u00f3 a los corazones de los que sobrevivieron.<\/p>\n<p>&nbsp;<\/p>\n<p>&nbsp;<\/p>\n<p><a href=\"\/CampoGrande\/wp-content\/uploads\/sites\/27\/2013\/08\/volvera-a-reir-la-primavera_9788427035256.jpg\"><br \/>\n<\/a><\/p>\n<!-- AddThis Advanced Settings generic via filter on the_content --><!-- AddThis Share Buttons generic via filter on the_content -->","protected":false},"excerpt":{"rendered":"<p>&nbsp; Volver\u00e1 a re\u00edr la primavera Jos\u00e9 Luis Olaizola MR, Madrid, 2012, 190 p\u00e1gs. &nbsp; La situaci\u00f3n hist\u00f3rica que vive Espa\u00f1a en el primer tercio sirve de encuadre a esta novela. Durante el reinado de Alfonso XIII, que sube el trono en 1902 y sale de Espa\u00f1a el 14 de abril de 1931, se suceden [&hellip;]<!-- AddThis Advanced Settings generic via filter on get_the_excerpt --><!-- AddThis Share Buttons generic via filter on get_the_excerpt --><\/p>\n","protected":false},"author":39,"featured_media":0,"comment_status":"open","ping_status":"open","sticky":false,"template":"","format":"standard","meta":[],"categories":[2],"tags":[],"_links":{"self":[{"href":"https:\/\/blogs.elnortedecastilla.es\/CampoGrande\/wp-json\/wp\/v2\/posts\/189"}],"collection":[{"href":"https:\/\/blogs.elnortedecastilla.es\/CampoGrande\/wp-json\/wp\/v2\/posts"}],"about":[{"href":"https:\/\/blogs.elnortedecastilla.es\/CampoGrande\/wp-json\/wp\/v2\/types\/post"}],"author":[{"embeddable":true,"href":"https:\/\/blogs.elnortedecastilla.es\/CampoGrande\/wp-json\/wp\/v2\/users\/39"}],"replies":[{"embeddable":true,"href":"https:\/\/blogs.elnortedecastilla.es\/CampoGrande\/wp-json\/wp\/v2\/comments?post=189"}],"version-history":[{"count":0,"href":"https:\/\/blogs.elnortedecastilla.es\/CampoGrande\/wp-json\/wp\/v2\/posts\/189\/revisions"}],"wp:attachment":[{"href":"https:\/\/blogs.elnortedecastilla.es\/CampoGrande\/wp-json\/wp\/v2\/media?parent=189"}],"wp:term":[{"taxonomy":"category","embeddable":true,"href":"https:\/\/blogs.elnortedecastilla.es\/CampoGrande\/wp-json\/wp\/v2\/categories?post=189"},{"taxonomy":"post_tag","embeddable":true,"href":"https:\/\/blogs.elnortedecastilla.es\/CampoGrande\/wp-json\/wp\/v2\/tags?post=189"}],"curies":[{"name":"wp","href":"https:\/\/api.w.org\/{rel}","templated":true}]}}