{"id":193,"date":"2013-09-01T00:25:12","date_gmt":"2013-08-31T23:25:12","guid":{"rendered":"http:\/\/blogs.elnortedecastilla.es\/CampoGrande\/?p=193"},"modified":"2013-09-01T00:25:12","modified_gmt":"2013-08-31T23:25:12","slug":"tertulias-literarias-curso-2013-2014","status":"publish","type":"post","link":"https:\/\/blogs.elnortedecastilla.es\/CampoGrande\/2013\/09\/01\/tertulias-literarias-curso-2013-2014\/","title":{"rendered":"TERTULIAS LITERARIAS CURSO 2013-2014"},"content":{"rendered":"<p>&nbsp;<\/p>\n<p><span style=\"font-size: xx-large;\">TERTULIAS LITERARIAS CURSO 2013-2014<\/span><\/p>\n<p><span style=\"font-size: xx-large;\">TROFEO \u201cUn buen libro 2013-2014\u201d<\/span><\/p>\n<p>&nbsp;<\/p>\n<table border=\"1\" cellspacing=\"0\" cellpadding=\"0\">\n<tbody>\n<tr>\n<td valign=\"top\">\n<p style=\"text-align: center;\">Sept<\/p>\n<\/td>\n<td valign=\"top\"><span style=\"font-size: x-large; color: #0000ff;\">CALDER\u00d3N, Reyes. <strong><em>El jurado n\u00famero 10<\/em><\/strong>. MR, Madrid, 2013, 509 p\u00e1ginas.<\/span><\/p>\n<p>&nbsp;<\/td>\n<td valign=\"top\"><a href=\"\/CampoGrande\/wp-content\/uploads\/sites\/27\/2013\/09\/el-jurado-numero-10_97884270398653.jpg\"><img loading=\"lazy\" class=\"alignleft size-thumbnail wp-image-265\" title=\"el-jurado-numero-10_9788427039865\" src=\"\/CampoGrande\/wp-content\/uploads\/sites\/27\/2013\/09\/el-jurado-numero-10_97884270398653.jpg\" alt=\"\" width=\"150\" height=\"150\" \/><\/a><\/td>\n<\/tr>\n<tr>\n<td valign=\"top\">\n<p style=\"text-align: center;\">Octb<\/p>\n<\/td>\n<td valign=\"top\"><span style=\"font-size: x-large; color: #0000ff;\">MUNCHARAZ, Ana. <strong><em>El viaje de Egeria. La peregrina hispana del siglo IV<\/em><\/strong>. Palabra, Madrid, 2012, 298 p\u00e1ginas.<\/span><\/p>\n<p>&nbsp;<\/td>\n<td valign=\"top\">\u00a0<a href=\"\/CampoGrande\/wp-content\/uploads\/sites\/27\/2013\/09\/el-viaje-de-egeria2.jpg\"><img loading=\"lazy\" class=\"alignleft size-thumbnail wp-image-266\" title=\"el-viaje-de-egeria\" src=\"\/CampoGrande\/wp-content\/uploads\/sites\/27\/2013\/09\/el-viaje-de-egeria2.jpg\" alt=\"\" width=\"150\" height=\"150\" \/><\/a><\/td>\n<\/tr>\n<tr>\n<td valign=\"top\">\n<p style=\"text-align: center;\">Novb<\/p>\n<\/td>\n<td valign=\"top\"><span style=\"font-size: x-large; color: #0000ff;\">SANMART\u00cdN FENOLLERA, Natalia. <strong><em>El despertar de la se\u00f1orita Prim<\/em>.<\/strong> Planeta, Barcelona, 2013, 345 p\u00e1ginas.<\/span><\/p>\n<p>&nbsp;<\/td>\n<td valign=\"top\">\u00a0<a href=\"\/CampoGrande\/wp-content\/uploads\/sites\/27\/2013\/09\/imgres1.jpg\"><img loading=\"lazy\" class=\"alignleft size-thumbnail wp-image-267\" title=\"imgres\" src=\"\/CampoGrande\/wp-content\/uploads\/sites\/27\/2013\/09\/imgres1.jpg\" alt=\"\" width=\"150\" height=\"150\" \/><\/a><\/td>\n<\/tr>\n<tr>\n<td valign=\"top\">\n<p style=\"text-align: center;\">Dic<\/p>\n<\/td>\n<td valign=\"top\"><span style=\"font-size: x-large; color: #0000ff;\">PATON, Alan, <strong><em>Llanto por la tierra amada<\/em><\/strong>.<\/span><\/p>\n<p><span style=\"font-size: x-large; color: #0000ff;\">Ed. Palabra, Madrid, 2012<\/span><\/td>\n<td valign=\"top\">\u00a0<a href=\"\/CampoGrande\/wp-content\/uploads\/sites\/27\/2013\/09\/portada1.jpg\"><img loading=\"lazy\" class=\"alignleft size-thumbnail wp-image-270\" title=\"portada\" src=\"\/CampoGrande\/wp-content\/uploads\/sites\/27\/2013\/09\/portada1.jpg\" alt=\"\" width=\"150\" height=\"150\" \/><\/a><\/td>\n<\/tr>\n<tr>\n<td valign=\"top\">Enero<\/td>\n<td valign=\"top\"><span style=\"font-size: x-large; color: #0000ff;\">STEVENSON, D.E. <strong><em>El libro de la se\u00f1orita Buncle<\/em><\/strong>. Traducci\u00f3n de Concha Carde\u00f1oso S\u00e1ez de Miera. Alba, Barcelona, 2012, 378 p\u00e1ginas.<\/span><\/p>\n<p>&nbsp;<\/td>\n<td valign=\"top\">\u00a0<a href=\"\/CampoGrande\/wp-content\/uploads\/sites\/27\/2013\/09\/el-libro-de-la-senorita-buncle-97884842872471.jpg\"><img loading=\"lazy\" class=\"alignleft size-thumbnail wp-image-271\" title=\"el-libro-de-la-senorita-buncle-9788484287247\" src=\"\/CampoGrande\/wp-content\/uploads\/sites\/27\/2013\/09\/el-libro-de-la-senorita-buncle-97884842872471.jpg\" alt=\"\" width=\"150\" height=\"150\" \/><\/a><\/td>\n<\/tr>\n<tr>\n<td valign=\"top\">Febre<\/td>\n<td valign=\"top\"><span style=\"font-size: x-large; color: #0000ff;\">ITURBE, Antoniuo G. <strong><em>La bibliotecaria de Auschwitz<\/em><\/strong>. Planeta, Barcelona, 2012, 479 p\u00e1ginas.<\/span><\/p>\n<p>&nbsp;<\/td>\n<td valign=\"top\">\u00a0<a href=\"\/CampoGrande\/wp-content\/uploads\/sites\/27\/2013\/09\/descarga2.jpg\"><img loading=\"lazy\" class=\"alignleft size-thumbnail wp-image-268\" title=\"descarga\" src=\"\/CampoGrande\/wp-content\/uploads\/sites\/27\/2013\/09\/descarga2.jpg\" alt=\"\" width=\"150\" height=\"150\" \/><\/a><\/td>\n<\/tr>\n<tr>\n<td valign=\"top\">Marzo<\/td>\n<td valign=\"top\"><span style=\"font-size: x-large; color: #0000ff;\">XINRAN. <strong><em>Tres, Cinco y Seis<\/em><\/strong>. Traducci\u00f3n de Montse Trivi\u00f1o. Planeta, Barcelona, 2012, 330 p\u00e1gs.<\/span><\/p>\n<p>&nbsp;<\/td>\n<td valign=\"top\">\u00a0<a href=\"\/CampoGrande\/wp-content\/uploads\/sites\/27\/2013\/09\/tres-cinco-y-seis-97884080062202.jpg\"><img loading=\"lazy\" class=\"alignleft size-thumbnail wp-image-272\" title=\"tres-cinco-y-seis-9788408006220\" src=\"\/CampoGrande\/wp-content\/uploads\/sites\/27\/2013\/09\/tres-cinco-y-seis-97884080062202.jpg\" alt=\"\" width=\"150\" height=\"150\" \/><\/a><\/td>\n<\/tr>\n<tr>\n<td rowspan=\"2\" valign=\"top\">\u00a0<span style=\"line-height: 19px;\">\u00a0<\/span><\/p>\n<p>&nbsp;<\/p>\n<p>&nbsp;<\/p>\n<p><span style=\"line-height: 19px;\">Abril<\/span><\/td>\n<td valign=\"top\"><span style=\"font-size: x-large; color: #0000ff;\">PERNOUD, R\u00e9gine. <strong><em>Leonor de Aquitania<\/em><\/strong>. Traducci\u00f3n de Isabel de Riquer. Acantilado, Barcelona, 2009, 332 p\u00e1gs.<\/span><\/p>\n<p>&nbsp;<\/td>\n<td valign=\"top\">\u00a0<a href=\"\/CampoGrande\/wp-content\/uploads\/sites\/27\/2013\/09\/ACA01911.jpg\"><img loading=\"lazy\" class=\"alignleft size-thumbnail wp-image-273\" title=\"ACA0191\" src=\"\/CampoGrande\/wp-content\/uploads\/sites\/27\/2013\/09\/ACA01911.jpg\" alt=\"\" width=\"150\" height=\"150\" \/><\/a><\/td>\n<\/tr>\n<tr>\n<td valign=\"top\"><span style=\"font-size: x-large; color: #0000ff;\">JIM\u00c9NEZ LOZANO, Jos\u00e9. <strong><em>Retorno de un cruzado<\/em><\/strong><\/span><\/p>\n<p><span style=\"font-size: x-large; color: #0000ff;\"><strong><em><\/em><\/strong><span style=\"line-height: 19px;\">Encuentro, Madrid, 2013, 210 p\u00e1gs<\/span><strong style=\"line-height: 19px;\"><em>.<\/em><\/strong><\/span><\/td>\n<td valign=\"top\">\u00a0<a href=\"\/CampoGrande\/wp-content\/uploads\/sites\/27\/2013\/09\/descarga3.jpg\"><img loading=\"lazy\" class=\"alignleft size-thumbnail wp-image-269\" title=\"descarga\" src=\"\/CampoGrande\/wp-content\/uploads\/sites\/27\/2013\/09\/descarga3.jpg\" alt=\"\" width=\"150\" height=\"150\" \/><\/a><\/td>\n<\/tr>\n<tr>\n<td valign=\"top\">Mayo<\/td>\n<td valign=\"top\"><span style=\"font-size: x-large; color: #0000ff;\">WHARTON, Edith. <strong><em>El hijo de la Sra. Glenn<\/em><\/strong>. Traducci\u00f3n de Susana Carral. Reino de Cordelia, Madrid, 2013, 134 p\u00e1ginas<\/span><\/p>\n<p>&nbsp;<\/td>\n<td valign=\"top\">\u00a0<a href=\"\/CampoGrande\/wp-content\/uploads\/sites\/27\/2013\/09\/descarga4.jpg\"><img loading=\"lazy\" class=\"alignleft size-thumbnail wp-image-274\" title=\"descarga\" src=\"\/CampoGrande\/wp-content\/uploads\/sites\/27\/2013\/09\/descarga4.jpg\" alt=\"\" width=\"150\" height=\"150\" \/><\/a><\/td>\n<\/tr>\n<tr>\n<td valign=\"top\">Junio<\/td>\n<td valign=\"top\"><span style=\"font-size: x-large; color: #0000ff;\">Almuerzo y entrega del trofeo \u201cUn buen libro 2013-2014\u201d<\/span><\/td>\n<td valign=\"top\">\u00a0<a href=\"\/CampoGrande\/wp-content\/uploads\/sites\/27\/2013\/09\/la-foto-2-6.jpg\"><img loading=\"lazy\" class=\"alignleft size-thumbnail wp-image-275\" title=\"la foto 2 (6)\" src=\"\/CampoGrande\/wp-content\/uploads\/sites\/27\/2013\/09\/la-foto-2-6.jpg\" alt=\"\" width=\"150\" height=\"150\" \/><\/a><\/td>\n<\/tr>\n<\/tbody>\n<\/table>\n<p>&nbsp;<\/p>\n<!-- AddThis Advanced Settings generic via filter on the_content --><!-- AddThis Share Buttons generic via filter on the_content -->","protected":false},"excerpt":{"rendered":"<p>&nbsp; TERTULIAS LITERARIAS CURSO 2013-2014 TROFEO \u201cUn buen libro 2013-2014\u201d &nbsp; Sept CALDER\u00d3N, Reyes. El jurado n\u00famero 10. MR, Madrid, 2013, 509 p\u00e1ginas. &nbsp; Octb MUNCHARAZ, Ana. El viaje de Egeria. La peregrina hispana del siglo IV. Palabra, Madrid, 2012, 298 p\u00e1ginas. &nbsp; \u00a0 Novb SANMART\u00cdN FENOLLERA, Natalia. El despertar de la se\u00f1orita Prim. Planeta, [&hellip;]<!-- AddThis Advanced Settings generic via filter on get_the_excerpt --><!-- AddThis Share Buttons generic via filter on get_the_excerpt --><\/p>\n","protected":false},"author":39,"featured_media":0,"comment_status":"open","ping_status":"open","sticky":false,"template":"","format":"standard","meta":[],"categories":[2],"tags":[],"_links":{"self":[{"href":"https:\/\/blogs.elnortedecastilla.es\/CampoGrande\/wp-json\/wp\/v2\/posts\/193"}],"collection":[{"href":"https:\/\/blogs.elnortedecastilla.es\/CampoGrande\/wp-json\/wp\/v2\/posts"}],"about":[{"href":"https:\/\/blogs.elnortedecastilla.es\/CampoGrande\/wp-json\/wp\/v2\/types\/post"}],"author":[{"embeddable":true,"href":"https:\/\/blogs.elnortedecastilla.es\/CampoGrande\/wp-json\/wp\/v2\/users\/39"}],"replies":[{"embeddable":true,"href":"https:\/\/blogs.elnortedecastilla.es\/CampoGrande\/wp-json\/wp\/v2\/comments?post=193"}],"version-history":[{"count":0,"href":"https:\/\/blogs.elnortedecastilla.es\/CampoGrande\/wp-json\/wp\/v2\/posts\/193\/revisions"}],"wp:attachment":[{"href":"https:\/\/blogs.elnortedecastilla.es\/CampoGrande\/wp-json\/wp\/v2\/media?parent=193"}],"wp:term":[{"taxonomy":"category","embeddable":true,"href":"https:\/\/blogs.elnortedecastilla.es\/CampoGrande\/wp-json\/wp\/v2\/categories?post=193"},{"taxonomy":"post_tag","embeddable":true,"href":"https:\/\/blogs.elnortedecastilla.es\/CampoGrande\/wp-json\/wp\/v2\/tags?post=193"}],"curies":[{"name":"wp","href":"https:\/\/api.w.org\/{rel}","templated":true}]}}