{"id":223,"date":"2013-09-24T18:06:36","date_gmt":"2013-09-24T17:06:36","guid":{"rendered":"http:\/\/blogs.elnortedecastilla.es\/CampoGrande\/?p=223"},"modified":"2013-09-24T18:06:36","modified_gmt":"2013-09-24T17:06:36","slug":"el-jurado-numero-10-de-reyes-calderon","status":"publish","type":"post","link":"https:\/\/blogs.elnortedecastilla.es\/CampoGrande\/2013\/09\/24\/el-jurado-numero-10-de-reyes-calderon\/","title":{"rendered":"El jurado n\u00famero 10, de Reyes Calder\u00f3n"},"content":{"rendered":"<p>&nbsp;<\/p>\n<p><strong><em><a href=\"\/CampoGrande\/wp-content\/uploads\/sites\/27\/2013\/10\/el-jurado-numero-10_97884270398652.jpg\"><img loading=\"lazy\" class=\"alignleft size-medium wp-image-227\" title=\"el-jurado-numero-10_9788427039865\" src=\"\/CampoGrande\/wp-content\/uploads\/sites\/27\/2013\/10\/el-jurado-numero-10_97884270398652.jpg\" alt=\"\" width=\"200\" height=\"300\" srcset=\"https:\/\/static-blogs.elnortedecastilla.es\/wp-content\/uploads\/sites\/27\/2013\/10\/el-jurado-numero-10_97884270398652.jpg 1337w, https:\/\/static-blogs.elnortedecastilla.es\/wp-content\/uploads\/sites\/27\/2013\/10\/el-jurado-numero-10_97884270398652-201x300.jpg 201w, https:\/\/static-blogs.elnortedecastilla.es\/wp-content\/uploads\/sites\/27\/2013\/10\/el-jurado-numero-10_97884270398652-768x1149.jpg 768w, https:\/\/static-blogs.elnortedecastilla.es\/wp-content\/uploads\/sites\/27\/2013\/10\/el-jurado-numero-10_97884270398652-685x1024.jpg 685w\" sizes=\"(max-width: 200px) 100vw, 200px\" \/><\/a>El jurado n\u00famero 10<\/em><\/strong><\/p>\n<p>Reyes Calder\u00f3n<\/p>\n<p>Mart\u00edn Roca, Madrid, 2013<\/p>\n<p>&nbsp;<\/p>\n<p>Efr\u00e9n Porcina, el protagonista, el yo narrador que nos cuenta en primera persona una experiencia profesional de muy dif\u00edcil soluci\u00f3n, marca el talante ir\u00f3nico que Reyes Calder\u00f3n imprime a su novela, octava en su perfil como autora.<\/p>\n<p>As\u00ed Reyes se suma a la tradici\u00f3n literaria de elegir nombres para sus personajes que indiquen al lector su posici\u00f3n en la trama o su importancia en el desarrollo de la obra de literatura. Est\u00e1 claro que para Reyes la iron\u00eda y el humor marcan la actitud. Pero no es el \u00fanico nombre propio cargado de intenci\u00f3n; tambi\u00e9n existen otros personajes como Jaramillo el Gordo (delgado y alto como un junco), compa\u00f1ero del antagonista del relato, el inspector Rafael Torino, alias Lupo. No me resisto a pensar en el posible juego de palabras Torino y toreado que se viene a la cabeza despu\u00e9s de concluir la novela. Hasta ah\u00ed llega la iron\u00eda.<\/p>\n<p>Las intenciones de los autores al esconder a cada personaje creado tras un nombre muchas veces quedan en el limbo de las posibilidades que se abren en el mundo de la cr\u00edtica literaria. En el caso de Reyes cabe se\u00f1alar el personaje de Salom\u00e9, la secretaria y la otra Salom\u00e9, la vagabunda, que termin\u00f3 siendo marginada por la sociedad tras la p\u00e9rdida de su trabajo. Un juego de vidas paralelas en la estela del cl\u00e1sico Plutarco del que se vale la autora para incitar al lector a la reflexi\u00f3n sobre la dignidad de la persona y el valor del trabajo.<\/p>\n<p>Efr\u00e9n Porcina es un joven abogado que tras obtener su t\u00edtulo universitario entra a trabajar, sin saber la raz\u00f3n, en el despacho de abogados con m\u00e1s relumbr\u00f3n de la ciudad. Precisamente el descubrimiento de esa raz\u00f3n supone para Efr\u00e9n el paso de la inocencia de la infancia y juventud a la dureza, crueldad y falsedad del mundo de los adultos. La respuesta a ese interrogante se hace imprescindible con la muerte de su padre y el simult\u00e1neo despido. Efr\u00e9n sospecha que el despido sea la consecuencia de la muerte de su padre, un bedel de un teatro. E intentar\u00e1 descubrir d\u00f3nde est\u00e1 el punto de convergencia de estos dos hechos aparentemente alejados.<\/p>\n<p>Tras el despido, Efr\u00e9n se convierte en un aut\u00f3nomo y abre un despacho \u201cRoman\u00ed y Asociados\u201d. Y ah\u00ed aparece Salom\u00e9, su \u201casociados\u201d que ejerce de cocinera, limpia el despacho, y cumple todas las funciones necesarias para el desarrollo del trabajo de poca monta: testamentos, problemas entre vecinos, despidos improcedentes\u2026<\/p>\n<p>Ser\u00e1 la vida \u201calternativa\u201d de Salom\u00e9 la circunstancia que pone a Efr\u00e9n en contacto con el mundo del hampa: droga, crimen, robo, y un largo etc\u00e9tera.<\/p>\n<p>El planteamiento de Reyes va, como en anteriores trabajos, m\u00e1s all\u00e1 de los hechos; busca la reflexi\u00f3n del lector sobre la conducta del ser humano (Efr\u00e9n en este caso). El lector es consciente de la vida tan dura que al ciudadano del siglo XXI le toca vivir. Convivir con la delincuencia y tratar de sobrevivir podr\u00eda interpretarse como la circunstancia justificadora de un procedimiento poco respetuoso con la ley vigente o con la moral personal o profesional (seg\u00fan la deontolog\u00eda).<\/p>\n<p>La lucha de Efr\u00e9n por convertirse en un abogado respetable es la misma lucha del hombre o mujer que quieren vivir en paz consigo mismos y que son conscientes de que lo profesional no es m\u00e1s que una faceta de la vida, una vida que se debe vivir de acuerdo con criterios morales. Y entonces surge la crisis: o se suprimen los criterios morales o se act\u00faa de acuerdo con ellos y como consecuencia se vive en paz.<\/p>\n<p>Por la novela desfilan otros muchos personajes imprescindibles en la trama tambi\u00e9n elaborada que ofrece al lector una sucesi\u00f3n de situaciones con finales insospechados, una espiral de actuaciones conflictivas perfectamente engarzadas y que atraen al lector: imposible dejar su lectura hasta llegar al final.<\/p>\n<!-- AddThis Advanced Settings generic via filter on the_content --><!-- AddThis Share Buttons generic via filter on the_content -->","protected":false},"excerpt":{"rendered":"<p>&nbsp; El jurado n\u00famero 10 Reyes Calder\u00f3n Mart\u00edn Roca, Madrid, 2013 &nbsp; Efr\u00e9n Porcina, el protagonista, el yo narrador que nos cuenta en primera persona una experiencia profesional de muy dif\u00edcil soluci\u00f3n, marca el talante ir\u00f3nico que Reyes Calder\u00f3n imprime a su novela, octava en su perfil como autora. As\u00ed Reyes se suma a la [&hellip;]<!-- AddThis Advanced Settings generic via filter on get_the_excerpt --><!-- AddThis Share Buttons generic via filter on get_the_excerpt --><\/p>\n","protected":false},"author":39,"featured_media":0,"comment_status":"open","ping_status":"open","sticky":false,"template":"","format":"standard","meta":[],"categories":[4],"tags":[],"_links":{"self":[{"href":"https:\/\/blogs.elnortedecastilla.es\/CampoGrande\/wp-json\/wp\/v2\/posts\/223"}],"collection":[{"href":"https:\/\/blogs.elnortedecastilla.es\/CampoGrande\/wp-json\/wp\/v2\/posts"}],"about":[{"href":"https:\/\/blogs.elnortedecastilla.es\/CampoGrande\/wp-json\/wp\/v2\/types\/post"}],"author":[{"embeddable":true,"href":"https:\/\/blogs.elnortedecastilla.es\/CampoGrande\/wp-json\/wp\/v2\/users\/39"}],"replies":[{"embeddable":true,"href":"https:\/\/blogs.elnortedecastilla.es\/CampoGrande\/wp-json\/wp\/v2\/comments?post=223"}],"version-history":[{"count":0,"href":"https:\/\/blogs.elnortedecastilla.es\/CampoGrande\/wp-json\/wp\/v2\/posts\/223\/revisions"}],"wp:attachment":[{"href":"https:\/\/blogs.elnortedecastilla.es\/CampoGrande\/wp-json\/wp\/v2\/media?parent=223"}],"wp:term":[{"taxonomy":"category","embeddable":true,"href":"https:\/\/blogs.elnortedecastilla.es\/CampoGrande\/wp-json\/wp\/v2\/categories?post=223"},{"taxonomy":"post_tag","embeddable":true,"href":"https:\/\/blogs.elnortedecastilla.es\/CampoGrande\/wp-json\/wp\/v2\/tags?post=223"}],"curies":[{"name":"wp","href":"https:\/\/api.w.org\/{rel}","templated":true}]}}