{"id":26,"date":"2007-11-02T10:18:48","date_gmt":"2007-11-02T10:18:48","guid":{"rendered":"http:\/\/blogs.elnortedecastilla.es\/CampoGrande\/?p=26"},"modified":"2007-11-02T10:18:48","modified_gmt":"2007-11-02T10:18:48","slug":"el-nino-con-pijama-rayas-john-boyne","status":"publish","type":"post","link":"https:\/\/blogs.elnortedecastilla.es\/CampoGrande\/2007\/11\/02\/el-nino-con-pijama-rayas-john-boyne\/","title":{"rendered":"El ni\u00f1o con el pijama de rayas, de John Boyne"},"content":{"rendered":"<p><IMG src=\"\/CampoGrande\/files\/images5B295D_20.jpg\"><DIV style=\"TEXT-INDENT: 35.45pt\"><B><SPAN style=\"FONT-SIZE: 14pt\">John Boyne<\/SPAN><\/B><\/DIV><DIV style=\"TEXT-INDENT: 35.45pt\"><B><I><SPAN style=\"FONT-SIZE: 14pt\">El ni\u00f1o con el pijama de rayas<\/SPAN><\/I><\/B><\/DIV><DIV style=\"TEXT-INDENT: 35.45pt\">Salamandra, Salamandra, 2007<\/DIV><DIV style=\"TEXT-INDENT: 35.45pt\">Traducci\u00f3n de Gemma Rovira Ortega<\/DIV><DIV style=\"TEXT-INDENT: 35.45pt\">&nbsp;<\/DIV><DIV style=\"TEXT-INDENT: 35.45pt\" align=justify>En la contraportada del libro se se\u00f1ala que &#8220;este libro no es s\u00f3lo para adultos; tambi\u00e9n lo pueden leer, y ser\u00eda recomendable que lo hicieran, ni\u00f1os a partir de los trece a\u00f1os de edad.<\/DIV><DIV style=\"TEXT-INDENT: 35.45pt\" align=justify>Sin embargo, los valores humanos que destila esta narraci\u00f3n (justicia, amistad, sinceridad, delicadeza en el trato con los dem\u00e1s, importancia de las relaciones en el seno de la familia&#8230;), as\u00ed como el marco hist\u00f3rico al que hace referencia (las dos Grandes Guerras del siglo XX) lo hacen muy aconsejable como libro de lectura para los alumnos de 1\u00ba y 2\u00ba de ESO. <\/DIV><DIV style=\"TEXT-INDENT: 35.45pt\" align=justify>Es un libro que merece la pena ser comentado entre preadolescentes y padres o profesores. El autor ha sabido mantener el enfoque original y fresco, la perspectiva de su protagonista, Bruno, permitiendo una identificaci\u00f3n del lector con la condici\u00f3n m\u00e1s noble del ser humano.<\/DIV><DIV style=\"TEXT-INDENT: 35.45pt\" align=justify>John Boyne naci\u00f3 en Dubl\u00edn, Irlanda, en 1971. Se form\u00f3 en el Trinity Collage y en la Universidad de East Anglia, en Norwich. Esta es su cuarta novela. En Irlanda fue n\u00famero 1 de la lista de libros m\u00e1s vendidos durante 35 semanas. Finalista de los premios Borders Original Voices y Ottakar&#8217;s Children&#8217;s Book Prize, y nominada al \u00abIndex on Censorship\u00bb Award, al Premio Ungari Unicef y a la Carnegie Medal. Miramax\/Disney prepara un largometraje con la direcci\u00f3n de Mark Herman.<\/DIV><DIV style=\"TEXT-INDENT: 35.45pt\" align=justify>El tema del racismo, de la tragedia de la guerra, ya ha sido tratado en numerosas obras narrativas. Sin embargo, los horrores del nazismo no se constituyen en objeto primordial de este relato. Son el mero marco de referencia, pese al cual, la historia se recrea en el sentimiento de la amistad. A\u00f1adir algo m\u00e1s a esta simple cr\u00edtica, podr\u00eda romper el encanto de una historia tan sutilmente construida y capaz de permanecer como aut\u00e9ntico deleite en la memoria del lector.<\/DIV><\/p>\n<!-- AddThis Advanced Settings generic via filter on the_content --><!-- AddThis Share Buttons generic via filter on the_content -->","protected":false},"excerpt":{"rendered":"<p>John BoyneEl ni\u00f1o con el pijama de rayasSalamandra, Salamandra, 2007Traducci\u00f3n de Gemma Rovira Ortega&nbsp;En la contraportada del libro se se\u00f1ala que &#8220;este libro no es s\u00f3lo para adultos; tambi\u00e9n lo pueden leer, y ser\u00eda recomendable que lo hicieran, ni\u00f1os a partir de los trece a\u00f1os de edad.Sin embargo, los valores humanos que destila esta narraci\u00f3n [&hellip;]<!-- AddThis Advanced Settings generic via filter on get_the_excerpt --><!-- AddThis Share Buttons generic via filter on get_the_excerpt --><\/p>\n","protected":false},"author":39,"featured_media":0,"comment_status":"open","ping_status":"closed","sticky":false,"template":"","format":"standard","meta":[],"categories":[1],"tags":[26],"_links":{"self":[{"href":"https:\/\/blogs.elnortedecastilla.es\/CampoGrande\/wp-json\/wp\/v2\/posts\/26"}],"collection":[{"href":"https:\/\/blogs.elnortedecastilla.es\/CampoGrande\/wp-json\/wp\/v2\/posts"}],"about":[{"href":"https:\/\/blogs.elnortedecastilla.es\/CampoGrande\/wp-json\/wp\/v2\/types\/post"}],"author":[{"embeddable":true,"href":"https:\/\/blogs.elnortedecastilla.es\/CampoGrande\/wp-json\/wp\/v2\/users\/39"}],"replies":[{"embeddable":true,"href":"https:\/\/blogs.elnortedecastilla.es\/CampoGrande\/wp-json\/wp\/v2\/comments?post=26"}],"version-history":[{"count":0,"href":"https:\/\/blogs.elnortedecastilla.es\/CampoGrande\/wp-json\/wp\/v2\/posts\/26\/revisions"}],"wp:attachment":[{"href":"https:\/\/blogs.elnortedecastilla.es\/CampoGrande\/wp-json\/wp\/v2\/media?parent=26"}],"wp:term":[{"taxonomy":"category","embeddable":true,"href":"https:\/\/blogs.elnortedecastilla.es\/CampoGrande\/wp-json\/wp\/v2\/categories?post=26"},{"taxonomy":"post_tag","embeddable":true,"href":"https:\/\/blogs.elnortedecastilla.es\/CampoGrande\/wp-json\/wp\/v2\/tags?post=26"}],"curies":[{"name":"wp","href":"https:\/\/api.w.org\/{rel}","templated":true}]}}