{"id":29,"date":"2007-12-04T04:53:28","date_gmt":"2007-12-04T04:53:28","guid":{"rendered":"http:\/\/blogs.elnortedecastilla.es\/CampoGrande\/?p=29"},"modified":"2007-12-04T04:53:28","modified_gmt":"2007-12-04T04:53:28","slug":"la-historia-y-novela-reina-sin-nombre-maria-gudin","status":"publish","type":"post","link":"https:\/\/blogs.elnortedecastilla.es\/CampoGrande\/2007\/12\/04\/la-historia-y-novela-reina-sin-nombre-maria-gudin\/","title":{"rendered":"La historia y la novela: La Reina sin nombre, de Mar\u00eda Gud\u00edn"},"content":{"rendered":"<p><IMG class=imgizqda id=img_0 src=\"\/CampoGrande\/wp-content\/uploads\/sites\/27\"><?xml:namespace prefix = o ns = \"urn:schemas-microsoft-com:office:office\" \/><o:p><FONT face=\"Times New Roman\" size=3><P class=MsoNormal style=\"MARGIN: 0cm 0cm 0pt 18pt; mso-margin-top-alt: auto; mso-margin-bottom-alt: auto\"><B style=\"mso-bidi-font-weight: normal\"><SPAN style=\"FONT-SIZE: 16pt\">REYES VISIGODOS<o:p><\/o:p><\/SPAN><\/B><\/p>\n<p><UL type=disc><LI class=MsoNormal style=\"MARGIN: 0cm 0cm 0pt; mso-margin-top-alt: auto; mso-margin-bottom-alt: auto; mso-list: l0 level1 lfo1; tab-stops: list 36.0pt\"><B style=\"mso-bidi-font-weight: normal\">Fritigerno<\/B>: 369-380. En el 378 vencen al emperador Valente en Andrian\u00e1polis. Muere Valente. Pactan con el emperador Teodosio I. El obispo cristiano (arriano) Ulfilo traduce los evangelios al g\u00f3tico. Los visigodos se convierten al arrianismo.<\/LI><LI class=MsoNormal style=\"MARGIN: 0cm 0cm 0pt; mso-margin-top-alt: auto; mso-margin-bottom-alt: auto; mso-list: l0 level1 lfo1; tab-stops: list 36.0pt\"><B style=\"mso-bidi-font-weight: normal\">Atanarico<\/B>: ?-381. En el 395 muere Teodosio I. Los visigodos rompen el pacto. Ante el empuje de los Hunos se trasladan al norte de Italia. Teodosio se convierte al cristianismo (cat\u00f3lico). <\/LI><LI class=MsoNormal style=\"MARGIN: 0cm 0cm 0pt; mso-margin-top-alt: auto; mso-margin-bottom-alt: auto; mso-list: l0 level1 lfo1; tab-stops: list 36.0pt\"><B style=\"mso-bidi-font-weight: normal\">Alarico I<\/B>: 395-410. Invade Grecia y saquea Roma en el 410.<\/LI><\/UL><H3 style=\"MARGIN: auto 0cm\"><A name=Reino_arriano_de_Tolosa><\/A><SPAN class=mw-headline><SPAN style=\"FONT-SIZE: 14pt\">Reino arriano de Tolosa (Francia)<\/SPAN><\/SPAN><\/H3><UL type=disc><LI class=MsoNormal style=\"MARGIN: 0cm 0cm 0pt; mso-margin-top-alt: auto; mso-margin-bottom-alt: auto; mso-list: l2 level1 lfo2; tab-stops: list 36.0pt\"><B style=\"mso-bidi-font-weight: normal\">Ata\u00falfo<\/B>: 410-415. Conduce a los visigodos hasta Hispania. Pacta con el imperio luchar contra los suevos v\u00e1ndalos y alanos a cambio de poseer un reino en la Galia con capital en Tolosa.<\/LI><LI class=MsoNormal style=\"MARGIN: 0cm 0cm 0pt; mso-margin-top-alt: auto; mso-margin-bottom-alt: auto; mso-list: l2 level1 lfo2; tab-stops: list 36.0pt\"><B style=\"mso-bidi-font-weight: normal\">Sigerico<\/B>: 415. <\/LI><LI class=MsoNormal style=\"MARGIN: 0cm 0cm 0pt; mso-margin-top-alt: auto; mso-margin-bottom-alt: auto; mso-list: l2 level1 lfo2; tab-stops: list 36.0pt\"><B style=\"mso-bidi-font-weight: normal\">Walia<\/B>: 415-418. Amplia su territorio expulsando a los v\u00e1ndalos y alanos hacia \u00c1frica.<\/LI><LI class=MsoNormal style=\"MARGIN: 0cm 0cm 0pt; mso-margin-top-alt: auto; mso-margin-bottom-alt: auto; mso-list: l2 level1 lfo2; tab-stops: list 36.0pt\"><B style=\"mso-bidi-font-weight: normal\">Teodorico I<\/B>: 418-451. Lucha contra los Hunos y defiende el imperio. Muere en los Campos Catal\u00e1unicos. <\/LI><LI class=MsoNormal style=\"MARGIN: 0cm 0cm 0pt; mso-margin-top-alt: auto; mso-margin-bottom-alt: auto; mso-list: l2 level1 lfo2; tab-stops: list 36.0pt\"><B style=\"mso-bidi-font-weight: normal\">Turismundo<\/B>: 451-453. <\/LI><LI class=MsoNormal style=\"MARGIN: 0cm 0cm 0pt; mso-margin-top-alt: auto; mso-margin-bottom-alt: auto; mso-list: l2 level1 lfo2; tab-stops: list 36.0pt\"><B style=\"mso-bidi-font-weight: normal\">Teodorico II<\/B>: 453-466. <\/LI><LI class=MsoNormal style=\"MARGIN: 0cm 0cm 0pt; mso-margin-top-alt: auto; mso-margin-bottom-alt: auto; mso-list: l2 level1 lfo2; tab-stops: list 36.0pt\"><B style=\"mso-bidi-font-weight: normal\">Eurico<\/B>: 466-484. <\/LI><LI class=MsoNormal style=\"MARGIN: 0cm 0cm 0pt; COLOR: blue; mso-margin-top-alt: auto; mso-margin-bottom-alt: auto; mso-list: l2 level1 lfo2; tab-stops: list 36.0pt\"><B style=\"mso-bidi-font-weight: normal\"><SPAN style=\"COLOR: windowtext\">Alarico<\/SPAN><\/B><SPAN style=\"COLOR: windowtext\"> II: 484-507. C\u00f3digo de Alarico. En el 507, es derrotado por Clodoveo, rey de los francos. Clodoveo se hab\u00eda convertido al cristianismo cat\u00f3lico. <\/SPAN>En la novela Clodoveo es el padre de Clotilde y el abuelo de <B style=\"mso-bidi-font-weight: normal\"><I style=\"mso-bidi-font-style: normal\">La reina sin nombre <\/I><\/B>(p. 366).<o:p><\/o:p><\/LI><\/UL><H3 style=\"MARGIN: auto 0cm\"><A name=Reino_arriano_de_Narbona><\/A><SPAN class=mw-headline><SPAN style=\"FONT-SIZE: 14pt\">Reino arriano de Narbona (sur de Francia)<\/SPAN><\/SPAN><SPAN style=\"FONT-SIZE: 14pt\"><o:p><\/o:p><\/SPAN><\/H3><UL type=disc><LI class=MsoNormal style=\"MARGIN: 0cm 0cm 0pt; mso-margin-top-alt: auto; mso-margin-bottom-alt: auto; mso-list: l8 level1 lfo3; tab-stops: list 36.0pt\"><B style=\"mso-bidi-font-weight: normal\">Gesaleico:<\/B> 507-511. <\/LI><\/UL><H3 style=\"MARGIN: auto 0cm\"><A name=.C3.89poca_de_gobierno_ostrogodo_de_R.C3><\/A><SPAN class=mw-headline><SPAN style=\"FONT-SIZE: 14pt\">\u00c9poca de gobierno ostrogodo de R\u00e1vena (costa adri\u00e1tica de Italia, Emilia Roma\u00f1a)<\/SPAN><\/SPAN><SPAN style=\"FONT-SIZE: 14pt\"><o:p><\/o:p><\/SPAN><\/H3><UL type=disc><LI class=MsoNormal style=\"MARGIN: 0cm 0cm 0pt; mso-margin-top-alt: auto; mso-margin-bottom-alt: auto; mso-list: l1 level1 lfo4; tab-stops: list 36.0pt\"><B style=\"mso-bidi-font-weight: normal\">Teodorico el Grande<\/B> (ostrogodo, abuelo y regente de Amalarico): 511-526. <\/LI><\/UL><H3 style=\"MARGIN: auto 0cm\"><A name=Reino_arriano_de_Narbona_2><\/A><SPAN class=mw-headline><SPAN style=\"FONT-SIZE: 14pt\">Reino arriano de Narbona (sur de Francia)<\/SPAN><\/SPAN><SPAN style=\"FONT-SIZE: 14pt\"><o:p><\/o:p><\/SPAN><\/H3><UL type=disc><LI class=MsoNormal style=\"MARGIN: 0cm 0cm 0pt; COLOR: blue; mso-margin-top-alt: auto; mso-margin-bottom-alt: auto; mso-list: l5 level1 lfo5; tab-stops: list 36.0pt\"><B style=\"mso-bidi-font-weight: normal\"><SPAN style=\"COLOR: windowtext\">Amalarico<\/SPAN><\/B><SPAN style=\"COLOR: windowtext\">: 526-531. Nieto del rey ostrogodo Teodorico y descendiente de Alarico II, visigodo. <\/SPAN>Yerno de Clodoveo y padre de Jana, <B style=\"mso-bidi-font-weight: normal\"><I style=\"mso-bidi-font-style: normal\">La reina sin nombre<\/I><\/B>, (p. 243).<o:p><\/o:p><\/LI><\/UL><H3 style=\"MARGIN: auto 0cm\"><A name=Reino_arriano_de_Toledo><\/A><SPAN class=mw-headline><SPAN style=\"FONT-SIZE: 14pt\">Reino arriano de Toledo<\/SPAN><\/SPAN><\/H3><UL type=disc><LI class=MsoNormal style=\"MARGIN: 0cm 0cm 0pt; mso-margin-top-alt: auto; mso-margin-bottom-alt: auto; mso-list: l4 level1 lfo6; tab-stops: list 36.0pt\"><B style=\"mso-bidi-font-weight: normal\">Teudis<\/B>: 531-548. <\/LI><LI class=MsoNormal style=\"MARGIN: 0cm 0cm 0pt; mso-margin-top-alt: auto; mso-margin-bottom-alt: auto; mso-list: l4 level1 lfo6; tab-stops: list 36.0pt\"><B style=\"mso-bidi-font-weight: normal\">Teudiselo:<\/B> 548-549. <\/LI><LI class=MsoNormal style=\"MARGIN: 0cm 0cm 0pt; mso-margin-top-alt: auto; mso-margin-bottom-alt: auto; mso-list: l4 level1 lfo6; tab-stops: list 36.0pt\"><B style=\"mso-bidi-font-weight: normal\">Agila I<\/B>: 549-551. <SPAN style=\"COLOR: blue\">Este rey aparece nombrado en <B style=\"mso-bidi-font-weight: normal\"><I style=\"mso-bidi-font-style: normal\">La reina sin nombre<\/I><\/B><\/SPAN><\/LI><LI class=MsoNormal style=\"MARGIN: 0cm 0cm 0pt; mso-margin-top-alt: auto; mso-margin-bottom-alt: auto; mso-list: l4 level1 lfo6; tab-stops: list 36.0pt\"><B style=\"mso-bidi-font-weight: normal\">Atanagildo<\/B>: 551-567 (fija su residencia en Toledo<SPAN style=\"COLOR: blue\">). No tiene hijos varones y es anciano seg\u00fan aparece en la novela <B style=\"mso-bidi-font-weight: normal\"><I style=\"mso-bidi-font-style: normal\">La reina sin nombre<\/I><\/B> (p. 243)<\/SPAN><\/LI><LI class=MsoNormal style=\"MARGIN: 0cm 0cm 0pt; mso-margin-top-alt: auto; mso-margin-bottom-alt: auto; mso-list: l4 level1 lfo6; tab-stops: list 36.0pt\"><B style=\"mso-bidi-font-weight: normal\"><SPAN lang=IT style=\"mso-ansi-language: IT\">Liuva <\/SPAN><\/B><SPAN lang=IT style=\"mso-ansi-language: IT\">I: 567-572. <\/SPAN><SPAN style=\"COLOR: blue\">Hermano de Leovigildo seg\u00fan la novela <B style=\"mso-bidi-font-weight: normal\"><I style=\"mso-bidi-font-style: normal\">La reina sin nombre<\/I><\/B><\/SPAN>.<o:p><\/o:p><\/LI><LI class=MsoNormal style=\"MARGIN: 0cm 0cm 0pt; COLOR: blue; mso-margin-top-alt: auto; mso-margin-bottom-alt: auto; mso-list: l4 level1 lfo6; tab-stops: list 36.0pt\"><B style=\"mso-bidi-font-weight: normal\"><SPAN style=\"COLOR: windowtext\">Leovigildo<\/SPAN><\/B><SPAN style=\"COLOR: windowtext\">: 572-586. <\/SPAN>Se casa con <B style=\"mso-bidi-font-weight: normal\"><I style=\"mso-bidi-font-style: normal\">La reina sin nombre<\/I><\/B> para legitimar su descendencia. Jana dar\u00e1 a luz a Hermenegildo y a Recaredo (hijo de Leovigildo seg\u00fan la novela).<o:p><\/o:p><\/LI><\/UL><H3 style=\"MARGIN: auto 0cm\"><A name=Reino_cat.C3.B3lico_de_Toledo><\/A><SPAN class=mw-headline><SPAN style=\"FONT-SIZE: 14pt\">Reino cat\u00f3lico de Toledo<\/SPAN><\/SPAN><SPAN style=\"FONT-SIZE: 14pt\"> <o:p><\/o:p><\/SPAN><\/H3><UL type=disc><LI class=MsoNormal style=\"MARGIN: 0cm 0cm 0pt; mso-margin-top-alt: auto; mso-margin-bottom-alt: auto; mso-list: l6 level1 lfo7; tab-stops: list 36.0pt\"><B style=\"mso-bidi-font-weight: normal\">Recaredo I<\/B>: 586-601. <\/LI><LI class=MsoNormal style=\"MARGIN: 0cm 0cm 0pt; mso-margin-top-alt: auto; mso-margin-bottom-alt: auto; mso-list: l6 level1 lfo7; tab-stops: list 36.0pt\">Liuva II: 601-603. <\/LI><LI class=MsoNormal style=\"MARGIN: 0cm 0cm 0pt; mso-margin-top-alt: auto; mso-margin-bottom-alt: auto; mso-list: l6 level1 lfo7; tab-stops: list 36.0pt\">Witerico: 603-610. <\/LI><LI class=MsoNormal style=\"MARGIN: 0cm 0cm 0pt; mso-margin-top-alt: auto; mso-margin-bottom-alt: auto; mso-list: l6 level1 lfo7; tab-stops: list 36.0pt\">Gundemaro: 610-612. <\/LI><LI class=MsoNormal style=\"MARGIN: 0cm 0cm 0pt; mso-margin-top-alt: auto; mso-margin-bottom-alt: auto; mso-list: l6 level1 lfo7; tab-stops: list 36.0pt\">Sisebuto: 612-621. <\/LI><LI class=MsoNormal style=\"MARGIN: 0cm 0cm 0pt; mso-margin-top-alt: auto; mso-margin-bottom-alt: auto; mso-list: l6 level1 lfo7; tab-stops: list 36.0pt\">Recaredo II: 621. <\/LI><LI class=MsoNormal style=\"MARGIN: 0cm 0cm 0pt; mso-margin-top-alt: auto; mso-margin-bottom-alt: auto; mso-list: l6 level1 lfo7; tab-stops: list 36.0pt\">Suintila: 621-631. <\/LI><LI class=MsoNormal style=\"MARGIN: 0cm 0cm 0pt; mso-margin-top-alt: auto; mso-margin-bottom-alt: auto; mso-list: l6 level1 lfo7; tab-stops: list 36.0pt\">Sisenando: 631-636. <\/LI><LI class=MsoNormal style=\"MARGIN: 0cm 0cm 0pt; mso-margin-top-alt: auto; mso-margin-bottom-alt: auto; mso-list: l6 level1 lfo7; tab-stops: list 36.0pt\">Chintila: 636-639. <\/LI><LI class=MsoNormal style=\"MARGIN: 0cm 0cm 0pt; mso-margin-top-alt: auto; mso-margin-bottom-alt: auto; mso-list: l6 level1 lfo7; tab-stops: list 36.0pt\">Tulga: 639-642. <\/LI><LI class=MsoNormal style=\"MARGIN: 0cm 0cm 0pt; mso-margin-top-alt: auto; mso-margin-bottom-alt: auto; mso-list: l6 level1 lfo7; tab-stops: list 36.0pt\">Chindasvinto: 642-653. <\/LI><LI class=MsoNormal style=\"MARGIN: 0cm 0cm 0pt; mso-margin-top-alt: auto; mso-margin-bottom-alt: auto; mso-list: l6 level1 lfo7; tab-stops: list 36.0pt\">Recesvinto: 653-672. <\/LI><LI class=MsoNormal style=\"MARGIN: 0cm 0cm 0pt; mso-margin-top-alt: auto; mso-margin-bottom-alt: auto; mso-list: l6 level1 lfo7; tab-stops: list 36.0pt\">Wamba: 672-680. <\/LI><LI class=MsoNormal style=\"MARGIN: 0cm 0cm 0pt; mso-margin-top-alt: auto; mso-margin-bottom-alt: auto; mso-list: l7 level1 lfo8; tab-stops: list 36.0pt\">Ervigio: 680-687. <\/LI><LI class=MsoNormal style=\"MARGIN: 0cm 0cm 0pt; mso-margin-top-alt: auto; mso-margin-bottom-alt: auto; mso-list: l7 level1 lfo8; tab-stops: list 36.0pt\">\u00c9gica: 687-700. <\/LI><LI class=MsoNormal style=\"MARGIN: 0cm 0cm 0pt; mso-margin-top-alt: auto; mso-margin-bottom-alt: auto; mso-list: l7 level1 lfo8; tab-stops: list 36.0pt\">Witiza: 700-710. <\/LI><LI class=MsoNormal style=\"MARGIN: 0cm 0cm 0pt; mso-margin-top-alt: auto; mso-margin-bottom-alt: auto; mso-list: l7 level1 lfo8; tab-stops: list 36.0pt\">Rodrigo: 710-711. <\/LI><\/UL><H3 style=\"MARGIN: auto 0cm\"><A name=Fin_del_reino_visig.C3.B3tico><\/A><SPAN class=mw-headline><SPAN style=\"FONT-SIZE: 14pt\">Fin del reino visig\u00f3tico<\/SPAN><\/SPAN><SPAN style=\"FONT-SIZE: 14pt\"> <o:p><\/o:p><\/SPAN><\/H3><UL type=disc><LI class=MsoNormal style=\"MARGIN: 0cm 0cm 0pt; mso-margin-top-alt: auto; mso-margin-bottom-alt: auto; mso-list: l3 level1 lfo9; tab-stops: list 36.0pt\">Agila II: 710-714 (rein\u00f3 en la Tarraconense y Septimania). <\/LI><LI class=MsoNormal style=\"MARGIN: 0cm 0cm 0pt; mso-margin-top-alt: auto; mso-margin-bottom-alt: auto; mso-list: l3 level1 lfo9; tab-stops: list 36.0pt\">Ardo: 714-720 (rein\u00f3 en la Septimania). <\/LI><\/UL><H3 style=\"MARGIN: auto 0cm\"><A name=Usurpadores><\/A><SPAN class=mw-headline>Usurpadores<\/SPAN> <\/H3><UL type=disc><LI class=MsoNormal style=\"MARGIN: 0cm 0cm 0pt; mso-margin-top-alt: auto; mso-margin-bottom-alt: auto; mso-list: l9 level1 lfo10; tab-stops: list 36.0pt\">San <B style=\"mso-bidi-font-weight: normal\">Hermenegildo<\/B>: 579-584 (Hijo de Leovigildo, se sublev\u00f3 contra su padre y se hizo nombrar rey en Sevilla. S\u00f3lo gobern\u00f3 la B\u00e9tica). <\/LI><\/UL><P class=MsoNormal style=\"MARGIN: 0cm 0cm 0pt\"><A href=\"http:\/\/es.wikipedia.org\/wiki\/Lista_de_los_reyes_godos#Reino_arriano_de_Tolosa\">http:\/\/es.wikipedia.org\/wiki\/Lista_de_los_reyes_godos#Reino_arriano_de_Tolosa<\/A><\/p>\n<p><P class=MsoNormal style=\"MARGIN: 0cm 0cm 0pt\"><o:p> <\/o:p><\/p>\n<p><P class=MsoNormal style=\"MARGIN: 0cm 0cm 0pt 18pt; mso-margin-top-alt: auto; mso-margin-bottom-alt: auto\"><\/FONT><\/o:p> <\/p>\n<!-- AddThis Advanced Settings generic via filter on the_content --><!-- AddThis Share Buttons generic via filter on the_content -->","protected":false},"excerpt":{"rendered":"<p>REYES VISIGODOS Fritigerno: 369-380. En el 378 vencen al emperador Valente en Andrian\u00e1polis. Muere Valente. Pactan con el emperador Teodosio I. El obispo cristiano (arriano) Ulfilo traduce los evangelios al g\u00f3tico. Los visigodos se convierten al arrianismo.Atanarico: ?-381. En el 395 muere Teodosio I. Los visigodos rompen el pacto. Ante el empuje de los Hunos [&hellip;]<!-- AddThis Advanced Settings generic via filter on get_the_excerpt --><!-- AddThis Share Buttons generic via filter on get_the_excerpt --><\/p>\n","protected":false},"author":39,"featured_media":0,"comment_status":"open","ping_status":"closed","sticky":false,"template":"","format":"standard","meta":[],"categories":[2],"tags":[10,23,24,34],"_links":{"self":[{"href":"https:\/\/blogs.elnortedecastilla.es\/CampoGrande\/wp-json\/wp\/v2\/posts\/29"}],"collection":[{"href":"https:\/\/blogs.elnortedecastilla.es\/CampoGrande\/wp-json\/wp\/v2\/posts"}],"about":[{"href":"https:\/\/blogs.elnortedecastilla.es\/CampoGrande\/wp-json\/wp\/v2\/types\/post"}],"author":[{"embeddable":true,"href":"https:\/\/blogs.elnortedecastilla.es\/CampoGrande\/wp-json\/wp\/v2\/users\/39"}],"replies":[{"embeddable":true,"href":"https:\/\/blogs.elnortedecastilla.es\/CampoGrande\/wp-json\/wp\/v2\/comments?post=29"}],"version-history":[{"count":0,"href":"https:\/\/blogs.elnortedecastilla.es\/CampoGrande\/wp-json\/wp\/v2\/posts\/29\/revisions"}],"wp:attachment":[{"href":"https:\/\/blogs.elnortedecastilla.es\/CampoGrande\/wp-json\/wp\/v2\/media?parent=29"}],"wp:term":[{"taxonomy":"category","embeddable":true,"href":"https:\/\/blogs.elnortedecastilla.es\/CampoGrande\/wp-json\/wp\/v2\/categories?post=29"},{"taxonomy":"post_tag","embeddable":true,"href":"https:\/\/blogs.elnortedecastilla.es\/CampoGrande\/wp-json\/wp\/v2\/tags?post=29"}],"curies":[{"name":"wp","href":"https:\/\/api.w.org\/{rel}","templated":true}]}}