{"id":31,"date":"2007-12-06T19:51:11","date_gmt":"2007-12-06T19:51:11","guid":{"rendered":"http:\/\/blogs.elnortedecastilla.es\/CampoGrande\/?p=31"},"modified":"2007-12-06T19:51:11","modified_gmt":"2007-12-06T19:51:11","slug":"maria-gudin-autora-la-reina-sin-nombre","status":"publish","type":"post","link":"https:\/\/blogs.elnortedecastilla.es\/CampoGrande\/2007\/12\/06\/maria-gudin-autora-la-reina-sin-nombre\/","title":{"rendered":"Mar\u00eda Gud\u00edn, autora de La Reina sin nombre"},"content":{"rendered":"<p><IMG class=imgizqda id=img_0 src=\"\/CampoGrande\/wp-content\/uploads\/sites\/27\"><P class=MsoNormal style=\"MARGIN: 0cm 0cm 0pt; TEXT-INDENT: 35.4pt; TEXT-ALIGN: justify; mso-margin-top-alt: auto; mso-margin-bottom-alt: auto\"><SPAN style=\"FONT-SIZE: 12pt; FONT-FAMILY: 'Times New Roman'\">La figura de Mar\u00eda Gud\u00edn sorprende. Esta joven neur\u00f3loga ha compaginado la bata blanca con los libros de historia celta, as\u00ed sus ra\u00edces asturianas le han inspirado para crear <I style=\"mso-bidi-font-style: normal\">La Reina sin nombre<\/I>, su primera novela publicada. Mar\u00eda Gud\u00edn salta al panorama literario a trav\u00e9s de la historia de Jana y de la Espa\u00f1a goda. Una narraci\u00f3n fluida, por el vocabulario \u00e1gil, y cargada de descripciones que transportan al lector a las batallas de la pen\u00ednsula Ib\u00e9rica en siglo VI d.C. La historia y las leyendas druidas se entremezclan con las pasiones humanas y la supervivencia de los pueblos, en una novela cuya segunda parte la autora asturiana ya prepara. <?xml:namespace prefix = o ns = \"urn:schemas-microsoft-com:office:office\" \/><o:p><\/o:p><\/SPAN><\/p>\n<p>Es doctora en Medicina y especialista en Neurolog\u00eda. Actualmente vive en Ciudad Real.<\/p>\n<!-- AddThis Advanced Settings generic via filter on the_content --><!-- AddThis Share Buttons generic via filter on the_content -->","protected":false},"excerpt":{"rendered":"<p>La figura de Mar\u00eda Gud\u00edn sorprende. Esta joven neur\u00f3loga ha compaginado la bata blanca con los libros de historia celta, as\u00ed sus ra\u00edces asturianas le han inspirado para crear La Reina sin nombre, su primera novela publicada. Mar\u00eda Gud\u00edn salta al panorama literario a trav\u00e9s de la historia de Jana y de la Espa\u00f1a goda. [&hellip;]<!-- AddThis Advanced Settings generic via filter on get_the_excerpt --><!-- AddThis Share Buttons generic via filter on get_the_excerpt --><\/p>\n","protected":false},"author":39,"featured_media":0,"comment_status":"open","ping_status":"closed","sticky":false,"template":"","format":"standard","meta":[],"categories":[2],"tags":[10,24,34],"_links":{"self":[{"href":"https:\/\/blogs.elnortedecastilla.es\/CampoGrande\/wp-json\/wp\/v2\/posts\/31"}],"collection":[{"href":"https:\/\/blogs.elnortedecastilla.es\/CampoGrande\/wp-json\/wp\/v2\/posts"}],"about":[{"href":"https:\/\/blogs.elnortedecastilla.es\/CampoGrande\/wp-json\/wp\/v2\/types\/post"}],"author":[{"embeddable":true,"href":"https:\/\/blogs.elnortedecastilla.es\/CampoGrande\/wp-json\/wp\/v2\/users\/39"}],"replies":[{"embeddable":true,"href":"https:\/\/blogs.elnortedecastilla.es\/CampoGrande\/wp-json\/wp\/v2\/comments?post=31"}],"version-history":[{"count":0,"href":"https:\/\/blogs.elnortedecastilla.es\/CampoGrande\/wp-json\/wp\/v2\/posts\/31\/revisions"}],"wp:attachment":[{"href":"https:\/\/blogs.elnortedecastilla.es\/CampoGrande\/wp-json\/wp\/v2\/media?parent=31"}],"wp:term":[{"taxonomy":"category","embeddable":true,"href":"https:\/\/blogs.elnortedecastilla.es\/CampoGrande\/wp-json\/wp\/v2\/categories?post=31"},{"taxonomy":"post_tag","embeddable":true,"href":"https:\/\/blogs.elnortedecastilla.es\/CampoGrande\/wp-json\/wp\/v2\/tags?post=31"}],"curies":[{"name":"wp","href":"https:\/\/api.w.org\/{rel}","templated":true}]}}