{"id":32,"date":"2007-12-09T23:44:28","date_gmt":"2007-12-09T23:44:28","guid":{"rendered":"http:\/\/blogs.elnortedecastilla.es\/CampoGrande\/?p=32"},"modified":"2007-12-09T23:44:28","modified_gmt":"2007-12-09T23:44:28","slug":"palabras-la-arena-j-r-ayllon","status":"publish","type":"post","link":"https:\/\/blogs.elnortedecastilla.es\/CampoGrande\/2007\/12\/09\/palabras-la-arena-j-r-ayllon\/","title":{"rendered":"Palabras en la arena, de J.R. Ayll\u00f3n"},"content":{"rendered":"<p><IMG class=imgizqda id=img_0 src=\"\/CampoGrande\/wp-content\/uploads\/sites\/27\"><P class=MsoNormal style=\"MARGIN: 0cm 0cm 0pt\"><B style=\"mso-bidi-font-weight: normal\"><I style=\"mso-bidi-font-style: normal\"><SPAN style=\"FONT-SIZE: 14pt\"><FONT face=\"Times New Roman\">Palabras en la arena<?xml:namespace prefix = o ns = \"urn:schemas-microsoft-com:office:office\" \/><o:p><\/o:p><\/FONT><\/SPAN><\/I><\/B><\/p>\n<p><P class=MsoNormal style=\"MARGIN: 0cm 0cm 0pt\"><FONT face=\"Times New Roman\" size=3>J. Ram\u00f3n Ayll\u00f3n<\/FONT><\/p>\n<p><P class=MsoNormal style=\"MARGIN: 0cm 0cm 0pt\"><FONT face=\"Times New Roman\" size=3>Palabra, Madrid, 2007<\/FONT><\/p>\n<p><P class=MsoNormal style=\"MARGIN: 0cm 0cm 0pt\"><o:p><FONT face=\"Times New Roman\" size=3> <\/FONT><\/o:p><\/p>\n<p><P class=MsoNormal style=\"MARGIN: 0cm 0cm 0pt; TEXT-INDENT: 35.45pt; TEXT-ALIGN: justify\"><FONT face=\"Times New Roman\" size=3>La historia de un joven que se enfrenta al convulso devenir de sus afectos, justo all\u00ed cuando todo empieza a complicarse. Hasta entonces todo estaba m\u00e1s o menos claro: amigos, deportes, estudios, instituto, incluso los veranos en la casa de la playa, en Bayona.<\/FONT><\/p>\n<p><P class=MsoNormal style=\"MARGIN: 0cm 0cm 0pt; TEXT-INDENT: 35.45pt; TEXT-ALIGN: justify\"><FONT face=\"Times New Roman\" size=3>El futuro tambi\u00e9n esta ya decidido: periodista. Y para practicar no hay nada mejor que comenzar por un diario. Pero toda obra de arte esconde, en el subconsciente del artista, secretos modelos a los que alude, aunque s\u00f3lo sea para crear un contraste o una variaci\u00f3n.<\/FONT><\/p>\n<p><P class=MsoNormal style=\"MARGIN: 0cm 0cm 0pt; TEXT-INDENT: 35.45pt; TEXT-ALIGN: justify\"><FONT size=3><FONT face=\"Times New Roman\">La trama sobre la que Borja escribe su diario \u2013que titular\u00e1 <I style=\"mso-bidi-font-style: normal\">Palabras en la arena- <\/I>no es otra que un famos\u00edsimo diario escrito por otra adolescente, <I style=\"mso-bidi-font-style: normal\">El diario de Ann Frank.<o:p><\/o:p><\/I><\/FONT><\/FONT><\/p>\n<p><P class=MsoNormal style=\"MARGIN: 0cm 0cm 0pt; TEXT-INDENT: 35.45pt; TEXT-ALIGN: justify\"><FONT face=\"Times New Roman\" size=3>A medida que Borja avanza en la lectura de ese diario, va comentando algunas de las frases y compar\u00e1ndolas con sus propias experiencias vitales.<\/FONT><\/p>\n<p><P class=MsoNormal style=\"MARGIN: 0cm 0cm 0pt; TEXT-INDENT: 35.45pt; TEXT-ALIGN: justify\"><FONT face=\"Times New Roman\" size=3>La madre de Borja, profesora, establece un convenio \u201cecon\u00f3mico\u201d con su hijo. Persigue dos objetivos: tener a su hijo ocupado todo el verano y ayudarle en su proceso de maduraci\u00f3n mediante la lectura de diez obras de literatura. El inter\u00e9s de esos diez libros, adem\u00e1s de su valor literario, est\u00e1 en las ideas que contienen y que dar\u00e1n respuestas a las inquietudes del joven Borja: la amistad y el amor, la educaci\u00f3n de la afectividad, la educaci\u00f3n de la voluntad, el valor de la conciencia individual, el valor de la fortaleza para defender el criterio propio, la elegancia interior, la importancia de los amigos, la importancia de la familia, el servicio que puede prestar una familia unida a otras familias del entorno, el servicio a los miembros de la familia que est\u00e1n enfermos o son ancianos y la satisfacci\u00f3n que comporta, c\u00f3mo encajar la muerte\u2026<\/FONT><\/p>\n<p><P class=MsoNormal style=\"MARGIN: 0cm 0cm 0pt; TEXT-INDENT: 35.45pt; TEXT-ALIGN: justify\"><FONT face=\"Times New Roman\" size=3>Descripciones bell\u00edsimas del hermoso paisaje de Galicia. No hace falta mucho m\u00e1s para convertirse en poeta: el mar, la tierra verde y la r\u00eda.<\/FONT><\/p>\n<p><P class=MsoNormal style=\"MARGIN: 0cm 0cm 0pt; TEXT-INDENT: 35.45pt; TEXT-ALIGN: justify\"><FONT face=\"Times New Roman\" size=3>En la obra de J. R. Ayll\u00f3n, esta obra, tercera de la saga, ser\u00eda anterior a <I style=\"mso-bidi-font-style: normal\">Vigo es Vivaldi<\/I> y a <I style=\"mso-bidi-font-style: normal\">El diario de Paula<\/I>. Goza de la ventaja que dan los a\u00f1os de escritor y<SPAN style=\"mso-spacerun: yes\">  <\/SPAN>sigue siendo una historia llena de frescura que deja un estupendo sabor de boca y ganas de leer m\u00e1s. Despierta el inter\u00e9s por leer las obras a las que hace referencia, obras importantes de la literatura como <I style=\"mso-bidi-font-style: normal\">Macbeth<\/I> de Shakespeare, <I style=\"mso-bidi-font-style: normal\">El bosque animado<\/I> de Wenceslao Fern\u00e1ndez Fl\u00f3rez, <I style=\"mso-bidi-font-style: normal\">Antes del fin<\/I> de Ernesto S\u00e1bato, <I style=\"mso-bidi-font-style: normal\">Matar a un ruise\u00f1or<\/I> de Harper Lee, <I style=\"mso-bidi-font-style: normal\">El diario de Ann Frank<\/I>, <I style=\"mso-bidi-font-style: normal\">La vida es sue\u00f1o<\/I> de Calder\u00f3n de la Barca, <I style=\"mso-bidi-font-style: normal\">Meditaciones<\/I> de Marco Aurelio, <I style=\"mso-bidi-font-style: normal\">Las peque\u00f1as virtudes<\/I> de la italiana Natalia Ginzburg, <I style=\"mso-bidi-font-style: normal\">Las cosas que llevaban los hombres que lucharon<\/I> de Tim O\u2019Brien\u2026<\/FONT><\/p>\n<p><P class=MsoNormal style=\"MARGIN: 0cm 0cm 0pt; TEXT-INDENT: 35.45pt; TEXT-ALIGN: justify\"><FONT face=\"Times New Roman\" size=3>Engarzadas en el texto aparecen numerosas referencias a otros hitos de la literatura como <I style=\"mso-bidi-font-style: normal\">Las cr\u00f3nicas de Narnia<\/I>, <I style=\"mso-bidi-font-style: normal\">El se\u00f1or de los anillos<\/I>, <I style=\"mso-bidi-font-style: normal\">La Odisea<\/I> y a pel\u00edculas como <I style=\"mso-bidi-font-style: normal\">Un vagabundo<\/I> de Charles Chaplin, <I style=\"mso-bidi-font-style: normal\">Carros de Fuego<\/I>\u2026<\/FONT><\/p>\n<p><P class=MsoNormal style=\"MARGIN: 0cm 0cm 0pt; TEXT-INDENT: 35.45pt; TEXT-ALIGN: justify\"><FONT face=\"Times New Roman\" size=3>Una novela muy adecuada para los adolescentes a partir de 2\u00ba de ESO. Muy \u00fatil para los padres y educadores tanto por los temas tratados como por los enfoques y posibles soluciones. <\/FONT><\/p>\n<!-- AddThis Advanced Settings generic via filter on the_content --><!-- AddThis Share Buttons generic via filter on the_content -->","protected":false},"excerpt":{"rendered":"<p>Palabras en la arena J. Ram\u00f3n Ayll\u00f3n Palabra, Madrid, 2007 La historia de un joven que se enfrenta al convulso devenir de sus afectos, justo all\u00ed cuando todo empieza a complicarse. Hasta entonces todo estaba m\u00e1s o menos claro: amigos, deportes, estudios, instituto, incluso los veranos en la casa de la playa, en Bayona. El [&hellip;]<!-- AddThis Advanced Settings generic via filter on get_the_excerpt --><!-- AddThis Share Buttons generic via filter on get_the_excerpt --><\/p>\n","protected":false},"author":39,"featured_media":0,"comment_status":"open","ping_status":"closed","sticky":false,"template":"","format":"standard","meta":[],"categories":[2],"tags":[10,34,37],"_links":{"self":[{"href":"https:\/\/blogs.elnortedecastilla.es\/CampoGrande\/wp-json\/wp\/v2\/posts\/32"}],"collection":[{"href":"https:\/\/blogs.elnortedecastilla.es\/CampoGrande\/wp-json\/wp\/v2\/posts"}],"about":[{"href":"https:\/\/blogs.elnortedecastilla.es\/CampoGrande\/wp-json\/wp\/v2\/types\/post"}],"author":[{"embeddable":true,"href":"https:\/\/blogs.elnortedecastilla.es\/CampoGrande\/wp-json\/wp\/v2\/users\/39"}],"replies":[{"embeddable":true,"href":"https:\/\/blogs.elnortedecastilla.es\/CampoGrande\/wp-json\/wp\/v2\/comments?post=32"}],"version-history":[{"count":0,"href":"https:\/\/blogs.elnortedecastilla.es\/CampoGrande\/wp-json\/wp\/v2\/posts\/32\/revisions"}],"wp:attachment":[{"href":"https:\/\/blogs.elnortedecastilla.es\/CampoGrande\/wp-json\/wp\/v2\/media?parent=32"}],"wp:term":[{"taxonomy":"category","embeddable":true,"href":"https:\/\/blogs.elnortedecastilla.es\/CampoGrande\/wp-json\/wp\/v2\/categories?post=32"},{"taxonomy":"post_tag","embeddable":true,"href":"https:\/\/blogs.elnortedecastilla.es\/CampoGrande\/wp-json\/wp\/v2\/tags?post=32"}],"curies":[{"name":"wp","href":"https:\/\/api.w.org\/{rel}","templated":true}]}}