{"id":33,"date":"2007-12-13T00:13:52","date_gmt":"2007-12-13T00:13:52","guid":{"rendered":"http:\/\/blogs.elnortedecastilla.es\/CampoGrande\/?p=33"},"modified":"2007-12-13T00:13:52","modified_gmt":"2007-12-13T00:13:52","slug":"preguntas-palabras-la-arena-jr-ayllon","status":"publish","type":"post","link":"https:\/\/blogs.elnortedecastilla.es\/CampoGrande\/2007\/12\/13\/preguntas-palabras-la-arena-jr-ayllon\/","title":{"rendered":"Preguntas: Palabras en la arena, de JR Ayll\u00f3n"},"content":{"rendered":"<p><IMG class=imgizqda id=img_1 src=\"\/CampoGrande\/wp-content\/uploads\/sites\/27\"><P class=MsoNormal style=\"MARGIN: 0cm 0cm 0pt; TEXT-INDENT: 35.45pt; TEXT-ALIGN: justify\"><FONT face=\"Times New Roman\" size=3>Ana Frank escribi\u00f3 su diario entre el 12 de junio de 1942 y el 1 de agosto de 1944. Es un diario en forma de cartas dirigidas a Kitty, personificaci\u00f3n de su diario. En la primera anotaci\u00f3n explica al lector que el d\u00eda 12 de junio recibe, como regalo de su 15\u00ba cumplea\u00f1os, un diario. Al finalizar la segunda guerra mundial el ministro de Educaci\u00f3n holand\u00e9s pidi\u00f3, en un discurso radiof\u00f3nico, la colaboraci\u00f3n ciudadana. Pretend\u00eda recabar testimonios del sufrimiento del pueblo holand\u00e9s. Y as\u00ed Ana Frank decidi\u00f3 publicar un libro utilizando su diario como base que fue publicado por primera vez en Holanda, en 1947. A trav\u00e9s del diario hemos conocido la trayectoria de toda la familia y la forma en que se sobrepusieron a los horrores de la guerra y al sufrimiento.<\/FONT><\/p>\n<p><P class=MsoNormal style=\"MARGIN: 0cm 0cm 0pt; TEXT-INDENT: 35.45pt; TEXT-ALIGN: justify\"><?xml:namespace prefix = o ns = \"urn:schemas-microsoft-com:office:office\" \/><o:p><FONT face=\"Times New Roman\" size=3> <\/FONT><\/o:p><\/p>\n<p><P class=MsoNormal style=\"MARGIN: 0cm 0cm 0pt; TEXT-INDENT: 35.45pt; TEXT-ALIGN: justify\"><FONT face=\"Times New Roman\" size=3>Sospecho que para JR Ayll\u00f3n, educar a un adolescente es, m\u00e1s o menos, como sobreponerse a la tercera guerra mundial. Me gustar\u00eda preguntar al autor si es precisamente este s\u00edmil lo que le llev\u00f3 a plantear su novela <B style=\"mso-bidi-font-weight: normal\"><I style=\"mso-bidi-font-style: normal\">Palabras en la arena<\/I><\/B> como una construcci\u00f3n paralela al <B style=\"mso-bidi-font-weight: normal\"><I style=\"mso-bidi-font-style: normal\">Diario de Ana Frank<\/I><\/B>. De hecho, cada cap\u00edtulo de <B style=\"mso-bidi-font-weight: normal\"><I style=\"mso-bidi-font-style: normal\">Palabras en la arena<\/I><\/B> hace referencia a distintos cap\u00edtulos del <B style=\"mso-bidi-font-weight: normal\"><I style=\"mso-bidi-font-style: normal\">Diario de Ana Frank<\/I><\/B>. Hay una serie de preguntas que pueden felicitar la lectura de la novela de JR Ayll\u00f3n <B style=\"mso-bidi-font-weight: normal\"><I style=\"mso-bidi-font-style: normal\">Palabras en la arena<\/I><\/B>:<\/FONT><\/p>\n<p><P class=MsoNormal style=\"MARGIN: 0cm 0cm 0pt; TEXT-INDENT: 35.45pt; TEXT-ALIGN: justify\"><FONT face=\"Times New Roman\" size=3>1\u00aa<SPAN style=\"mso-spacerun: yes\">  <\/SPAN>\u00bfC\u00f3mo explica Borja, el protagonista de esta novela, el motivo por el que estudia? <\/FONT><\/p>\n<p><P class=MsoNormal style=\"MARGIN: 0cm 0cm 0pt; TEXT-INDENT: 35.45pt; TEXT-ALIGN: justify\"><FONT face=\"Times New Roman\" size=3>2\u00aa<SPAN style=\"mso-spacerun: yes\">  <\/SPAN>\u00bfC\u00f3mo describe Borja a su familia? \u00bfC\u00f3mo denomina al grupo formado por el padre, la madre y la abuela? \u00bfY el grupo de los tres hermanos? \u00bfQu\u00e9 funciones atribuye a cada grupo?<\/FONT><\/p>\n<p><P class=MsoNormal style=\"MARGIN: 0cm 0cm 0pt; TEXT-INDENT: 35.45pt; TEXT-ALIGN: justify\"><FONT face=\"Times New Roman\" size=3>3\u00aa<SPAN style=\"mso-spacerun: yes\">  <\/SPAN>\u00bfQu\u00e9 no es una familia, seg\u00fan la madre de Borja?<\/FONT><\/p>\n<p><P class=MsoNormal style=\"MARGIN: 0cm 0cm 0pt; TEXT-INDENT: 35.45pt; TEXT-ALIGN: justify\"><FONT face=\"Times New Roman\" size=3>4\u00aa<SPAN style=\"mso-spacerun: yes\">  <\/SPAN>Con la entrega de los boletines y el deseo de un buen verano, Ferr\u00edn, el director del instituto, anunci\u00f3 a los alumnos dos medidas para el curso pr\u00f3ximo con la intenci\u00f3n de corregir algunos desafueros que hab\u00edan agitado las convivencia durante las \u00faltimas semanas: la primera, la elaboraci\u00f3n y aplicaci\u00f3n de un severo c\u00f3digo interno de disciplina y \u00bfcu\u00e1l era la otra? \u00bfQui\u00e9n se encargar\u00eda de poner la en marcha? <\/FONT><\/p>\n<p><P class=MsoNormal style=\"MARGIN: 0cm 0cm 0pt; TEXT-INDENT: 35.45pt; TEXT-ALIGN: justify\"><FONT face=\"Times New Roman\" size=3>5\u00aa<SPAN style=\"mso-spacerun: yes\">  <\/SPAN>\u00bfQu\u00e9 pacto econ\u00f3mico acaba con la miseria monetaria de Borja? \u00bfEn qu\u00e9 consistir\u00e1 el trabajo de Borja? \u00bfCu\u00e1l es la fecha tope para concluir el trabajo?<\/FONT><\/p>\n<p><P class=MsoNormal style=\"MARGIN: 0cm 0cm 0pt; TEXT-INDENT: 35.45pt; TEXT-ALIGN: justify\"><FONT face=\"Times New Roman\" size=3>6\u00aa \u00bfQu\u00e9 libro se olvid\u00f3 Borja en el autob\u00fas? \u00bfQui\u00e9n recogi\u00f3 el libro? <\/FONT><\/p>\n<p><P class=MsoNormal style=\"MARGIN: 0cm 0cm 0pt; TEXT-INDENT: 35.45pt; TEXT-ALIGN: justify\"><FONT face=\"Times New Roman\" size=3>7\u00aa \u00bfDe qu\u00e9 trata <B style=\"mso-bidi-font-weight: normal\"><I style=\"mso-bidi-font-style: normal\">Meditaciones<\/I><\/B>, de Marco Aurelio?<\/FONT><\/p>\n<p><P class=MsoNormal style=\"MARGIN: 0cm 0cm 0pt; TEXT-INDENT: 35.45pt; TEXT-ALIGN: justify\"><FONT face=\"Times New Roman\" size=3>8\u00aa<SPAN style=\"mso-spacerun: yes\">  <\/SPAN>\u00bfDe qu\u00e9 trata <B style=\"mso-bidi-font-weight: normal\"><I style=\"mso-bidi-font-style: normal\">Tus preguntas sobre amor y sexo<\/I><\/B>, de Mary Beth Bonacci?<\/FONT><\/p>\n<p><P class=MsoNormal style=\"MARGIN: 0cm 0cm 0pt; TEXT-INDENT: 35.45pt; TEXT-ALIGN: justify\"><FONT face=\"Times New Roman\" size=3>9\u00aa<SPAN style=\"mso-spacerun: yes\">  <\/SPAN>La madre de Borja, como afici\u00f3n, copiar cuadros de un pintor norteamericano del siglo XX que fue tambi\u00e9n dibujante en uno de los peri\u00f3dicos de m\u00e1s tirada, \u00bfrecuerdas su nombre?<\/FONT><\/p>\n<p><P class=MsoNormal style=\"MARGIN: 0cm 0cm 0pt; TEXT-INDENT: 35.45pt; TEXT-ALIGN: justify\"><FONT face=\"Times New Roman\" size=3>10\u00aa \u00bfDe qu\u00e9 trata la tragedia de Shakespeare, Macbeth?<\/FONT><\/p>\n<p><P class=MsoNormal style=\"MARGIN: 0cm 0cm 0pt; TEXT-INDENT: 35.45pt; TEXT-ALIGN: justify\"><FONT face=\"Times New Roman\" size=3>11\u00aa \u00bfDe qu\u00e9 trata<SPAN style=\"mso-spacerun: yes\">  <\/SPAN><B style=\"mso-bidi-font-weight: normal\"><I style=\"mso-bidi-font-style: normal\">Las relaciones humanas<\/I><\/B>, de Natalia Ginzburg?<\/FONT><\/p>\n<p><P class=MsoNormal style=\"MARGIN: 0cm 0cm 0pt; TEXT-INDENT: 35.45pt; TEXT-ALIGN: justify\"><FONT face=\"Times New Roman\" size=3>12\u00aa \u00bfDe qu\u00e9 trata <B style=\"mso-bidi-font-weight: normal\"><I style=\"mso-bidi-font-style: normal\">El hombre en busca de sentido<\/I><\/B>, de V\u00edctor Frankl?<\/FONT><\/p>\n<p><P class=MsoNormal style=\"MARGIN: 0cm 0cm 0pt; TEXT-INDENT: 35.45pt; TEXT-ALIGN: justify\"><FONT face=\"Times New Roman\" size=3>13\u00aa \u00bfDe qu\u00e9 trata <B style=\"mso-bidi-font-weight: normal\"><I style=\"mso-bidi-font-style: normal\">La conquista de la libertad<\/I><\/B>, del psiquiatra Enrique Rojas?<\/FONT><\/p>\n<p><P class=MsoNormal style=\"MARGIN: 0cm 0cm 0pt; TEXT-INDENT: 35.45pt; TEXT-ALIGN: justify\"><FONT face=\"Times New Roman\" size=3>14\u00aa \u00bfPor qu\u00e9 se menciona la <B style=\"mso-bidi-font-weight: normal\"><I style=\"mso-bidi-font-style: normal\">Odisea<\/I><\/B> y se habla de Ulises?<\/FONT><\/p>\n<p><P class=MsoNormal style=\"MARGIN: 0cm 0cm 0pt; TEXT-INDENT: 35.45pt; TEXT-ALIGN: justify\"><FONT face=\"Times New Roman\" size=3>15\u00aa \u00bfDe qu\u00e9 trata <B style=\"mso-bidi-font-weight: normal\"><I style=\"mso-bidi-font-style: normal\">Antes del fin<\/I><\/B> de Ernesto Sabato?<\/FONT><\/p>\n<p><P class=MsoNormal style=\"MARGIN: 0cm 0cm 0pt; TEXT-INDENT: 35.45pt; TEXT-ALIGN: justify\"><FONT face=\"Times New Roman\" size=3>16\u00aa<SPAN style=\"mso-spacerun: yes\">  <\/SPAN>\u00bfY el Bosque animado, de Wenceslao<SPAN style=\"mso-spacerun: yes\">  <\/SPAN>Fl\u00f3rez?<\/FONT><\/p>\n<p><P class=MsoNormal style=\"MARGIN: 0cm 0cm 0pt; TEXT-INDENT: 35.45pt; TEXT-ALIGN: justify\"><FONT face=\"Times New Roman\" size=3>17\u00aa \u00bfY <B style=\"mso-bidi-font-weight: normal\"><I style=\"mso-bidi-font-style: normal\">Las cosas que llevaban los hombres <SPAN style=\"mso-spacerun: yes\"> <\/SPAN>que lucharon<\/I><\/B>?<\/FONT><\/p>\n<p><P class=MsoNormal style=\"MARGIN: 0cm 0cm 0pt\"><o:p><FONT face=\"Times New Roman\" size=3> <\/FONT><\/o:p><\/p>\n<!-- AddThis Advanced Settings generic via filter on the_content --><!-- AddThis Share Buttons generic via filter on the_content -->","protected":false},"excerpt":{"rendered":"<p>Ana Frank escribi\u00f3 su diario entre el 12 de junio de 1942 y el 1 de agosto de 1944. Es un diario en forma de cartas dirigidas a Kitty, personificaci\u00f3n de su diario. En la primera anotaci\u00f3n explica al lector que el d\u00eda 12 de junio recibe, como regalo de su 15\u00ba cumplea\u00f1os, un diario. [&hellip;]<!-- AddThis Advanced Settings generic via filter on get_the_excerpt --><!-- AddThis Share Buttons generic via filter on get_the_excerpt --><\/p>\n","protected":false},"author":39,"featured_media":0,"comment_status":"open","ping_status":"closed","sticky":false,"template":"","format":"standard","meta":[],"categories":[2],"tags":[10,24,34],"_links":{"self":[{"href":"https:\/\/blogs.elnortedecastilla.es\/CampoGrande\/wp-json\/wp\/v2\/posts\/33"}],"collection":[{"href":"https:\/\/blogs.elnortedecastilla.es\/CampoGrande\/wp-json\/wp\/v2\/posts"}],"about":[{"href":"https:\/\/blogs.elnortedecastilla.es\/CampoGrande\/wp-json\/wp\/v2\/types\/post"}],"author":[{"embeddable":true,"href":"https:\/\/blogs.elnortedecastilla.es\/CampoGrande\/wp-json\/wp\/v2\/users\/39"}],"replies":[{"embeddable":true,"href":"https:\/\/blogs.elnortedecastilla.es\/CampoGrande\/wp-json\/wp\/v2\/comments?post=33"}],"version-history":[{"count":0,"href":"https:\/\/blogs.elnortedecastilla.es\/CampoGrande\/wp-json\/wp\/v2\/posts\/33\/revisions"}],"wp:attachment":[{"href":"https:\/\/blogs.elnortedecastilla.es\/CampoGrande\/wp-json\/wp\/v2\/media?parent=33"}],"wp:term":[{"taxonomy":"category","embeddable":true,"href":"https:\/\/blogs.elnortedecastilla.es\/CampoGrande\/wp-json\/wp\/v2\/categories?post=33"},{"taxonomy":"post_tag","embeddable":true,"href":"https:\/\/blogs.elnortedecastilla.es\/CampoGrande\/wp-json\/wp\/v2\/tags?post=33"}],"curies":[{"name":"wp","href":"https:\/\/api.w.org\/{rel}","templated":true}]}}