{"id":34,"date":"2007-12-13T23:55:37","date_gmt":"2007-12-13T23:55:37","guid":{"rendered":"http:\/\/blogs.elnortedecastilla.es\/CampoGrande\/?p=34"},"modified":"2007-12-13T23:55:37","modified_gmt":"2007-12-13T23:55:37","slug":"j-r-ayllon-autor-palabras-la-arena","status":"publish","type":"post","link":"https:\/\/blogs.elnortedecastilla.es\/CampoGrande\/2007\/12\/13\/j-r-ayllon-autor-palabras-la-arena\/","title":{"rendered":"J. R. Ayll\u00f3n, autor de &#8220;Palabras en la Arena&#8221;"},"content":{"rendered":"<p><IMG class=imgizqda id=img_0 src=\"\/CampoGrande\/wp-content\/uploads\/sites\/27\"><B><SPAN style=\"COLOR: #666666; FONT-FAMILY: Arial\"><FONT size=3>Jos\u00e9 Ram\u00f3n Ayll\u00f3n,<\/FONT><\/SPAN><\/B><SPAN style=\"COLOR: #666666; FONT-FAMILY: Arial\"><br \/>\n<I><FONT size=3>Cantabria (Espa\u00f1a), 1955.<\/FONT><\/I><\/SPAN><?xml:namespace prefix = o ns = \"urn:schemas-microsoft-com:office:office\" \/><o:p><\/o:p><\/p>\n<p><SPAN style=\"COLOR: #666666; FONT-FAMILY: Arial\"><br \/>\n<?xml:namespace prefix = v ns = \"urn:schemas-microsoft-com:vml\" \/><v:shapetype id=_x0000_t75 stroked=\"f\" filled=\"f\" path=\"m@4@5l@4@11@9@11@9@5xe\" o:preferrelative=\"t\" o:spt=\"75\" coordsize=\"21600,21600\"><v:stroke joinstyle=\"miter\"><\/v:stroke><v:formulas><v:f eqn=\"if lineDrawn pixelLineWidth 0\"><\/v:f><v:f eqn=\"sum @0 1 0\"><\/v:f><v:f eqn=\"sum 0 0 @1\"><\/v:f><v:f eqn=\"prod @2 1 2\"><\/v:f><v:f eqn=\"prod @3 21600 pixelWidth\"><\/v:f><v:f eqn=\"prod @3 21600 pixelHeight\"><\/v:f><v:f eqn=\"sum @0 0 1\"><\/v:f><v:f eqn=\"prod @6 1 2\"><\/v:f><v:f eqn=\"prod @7 21600 pixelWidth\"><\/v:f><v:f eqn=\"sum @8 21600 0\"><\/v:f><v:f eqn=\"prod @7 21600 pixelHeight\"><\/v:f><v:f eqn=\"sum @10 21600 0\"><\/v:f><\/v:formulas><v:path o:connecttype=\"rect\" gradientshapeok=\"t\" o:extrusionok=\"f\"><\/v:path><o:lock aspectratio=\"t\" v:ext=\"edit\"><\/o:lock><\/v:shapetype><v:shape id=_x0000_i1025 style=\"WIDTH: 6pt; HEIGHT: 6pt\" alt=\"\" type=\"#_x0000_t75\"><v:imagedata o:href=\"http:\/\/www.jrayllon.es\/imagenes\/presentacion\/punto.jpg\" src=\"file:\/\/\/C:\\DOCUME~1\\MPAZ~1.FAM\\CONFIG~1\\Temp\\msohtml1\\01\\clip_image001.jpg\"><\/v:imagedata><\/v:shape><FONT size=3>Licenciado en Filosof\u00eda y Letras por la Universidad de Oviedo, 1978.<\/p>\n<p><v:shape id=_x0000_i1026 style=\"WIDTH: 6pt; HEIGHT: 6pt\" alt=\"\" type=\"#_x0000_t75\"><v:imagedata o:href=\"http:\/\/www.jrayllon.es\/imagenes\/presentacion\/punto.jpg\" src=\"file:\/\/\/C:\\DOCUME~1\\MPAZ~1.FAM\\CONFIG~1\\Temp\\msohtml1\\01\\clip_image001.jpg\"><\/v:imagedata><\/v:shape>Especialista Universitario en Bio\u00e9tica por la Universidad de Valladolid, 1996.<\/p>\n<p><v:shape id=_x0000_i1027 style=\"WIDTH: 6pt; HEIGHT: 6pt\" alt=\"\" type=\"#_x0000_t75\"><v:imagedata o:href=\"http:\/\/www.jrayllon.es\/imagenes\/presentacion\/punto.jpg\" src=\"file:\/\/\/C:\\DOCUME~1\\MPAZ~1.FAM\\CONFIG~1\\Temp\\msohtml1\\01\\clip_image001.jpg\"><\/v:imagedata><\/v:shape>Profesor de Filosof\u00eda y Literatura en Secundaria durante quince a\u00f1os.<\/p>\n<p><v:shape id=_x0000_i1028 style=\"WIDTH: 6pt; HEIGHT: 6pt\" alt=\"\" type=\"#_x0000_t75\"><v:imagedata o:href=\"http:\/\/www.jrayllon.es\/imagenes\/presentacion\/punto.jpg\" src=\"file:\/\/\/C:\\DOCUME~1\\MPAZ~1.FAM\\CONFIG~1\\Temp\\msohtml1\\01\\clip_image001.jpg\"><\/v:imagedata><\/v:shape>Escritor de novela, ensayo y libro de texto.<\/p>\n<p><v:shape id=_x0000_i1029 style=\"WIDTH: 6pt; HEIGHT: 6pt\" alt=\"\" type=\"#_x0000_t75\"><v:imagedata o:href=\"http:\/\/www.jrayllon.es\/imagenes\/presentacion\/punto.jpg\" src=\"file:\/\/\/C:\\DOCUME~1\\MPAZ~1.FAM\\CONFIG~1\\Temp\\msohtml1\\01\\clip_image001.jpg\"><\/v:imagedata><\/v:shape>Conferenciante sobre bio\u00e9tica, educaci\u00f3n de adolescentes y formaci\u00f3n del profesorado<o:p><\/o:p><\/FONT><\/SPAN><\/p>\n<p><SPAN style=\"FONT-SIZE: 14pt; COLOR: blue; FONT-FAMILY: Arial\">Novelas:<\/SPAN><SPAN style=\"FONT-SIZE: 14pt; COLOR: blue\"><o:p><\/o:p><\/SPAN><\/p>\n<p><P class=MsoNormal style=\"MARGIN: 0cm 0cm 0pt\"><SPAN><SPAN style=\"FONT-SIZE: 10.5pt\"><A href=\"http:\/\/www.jrayllon.es\/novelas_ayllon.htm#queridobruto#queridobruto\"><STRONG><FONT face=Arial>Querido Bruto<\/FONT><\/STRONG><\/A><\/SPAN><br \/>\n<\/SPAN><STRONG><FONT face=Arial><SPAN><SPAN style=\"FONT-SIZE: 9pt\"><FONT color=#666666>(Ed. Belacqua)<\/FONT><\/SPAN><\/p>\n<p><\/SPAN><SPAN class=menuensayostitulo1><SPAN style=\"FONT-SIZE: 10.5pt\"><A href=\"http:\/\/www.jrayllon.es\/novelas_ayllon.htm#diariopaula#diariopaula\">Diario de Paula<\/A><FONT color=#333333> <\/FONT><\/SPAN><\/SPAN><\/FONT><\/STRONG><I><SPAN style=\"FONT-SIZE: 10pt; COLOR: #666666; FONT-FAMILY: Arial\"><br \/>\n<\/SPAN><\/I><SPAN class=menuensayostituloindicearticulos1><SPAN style=\"FONT-SIZE: 9pt\"><FONT face=Arial color=#666666><STRONG>(Ed. Bru\u00f1o)<\/STRONG><\/FONT><\/SPAN><\/SPAN><I><SPAN style=\"FONT-SIZE: 10pt; COLOR: #666666; FONT-FAMILY: Arial\"><\/p>\n<p><\/SPAN><\/I><SPAN class=menuensayostitulo1><SPAN style=\"FONT-SIZE: 10.5pt\"><A href=\"http:\/\/www.jrayllon.es\/novelas_ayllon.htm#vigovivaldi#vigovivaldi\"><STRONG><FONT face=Arial>Vigo es Vivaldi <\/FONT><\/STRONG><\/A><\/SPAN><\/SPAN><I><SPAN style=\"FONT-SIZE: 10pt; COLOR: #666666; FONT-FAMILY: Arial\"><br \/>\n<\/SPAN><\/I><SPAN class=menuensayostituloindicearticulos1><SPAN style=\"FONT-SIZE: 9pt\"><STRONG><FONT face=Arial color=#666666>(Ed. Bru\u00f1o)<\/FONT><\/STRONG><\/SPAN><\/SPAN><I><SPAN style=\"FONT-SIZE: 10pt; COLOR: #666666; FONT-FAMILY: Arial\"><\/p>\n<p><\/SPAN><\/I><SPAN style=\"FONT-SIZE: 10pt; COLOR: black; FONT-FAMILY: Arial\"><A href=\"http:\/\/www.jrayllon.es\/novelas_ayllon.htm#palabras#palabras\"><STRONG>Palabras en la arena<\/STRONG><\/A><STRONG> <\/STRONG><\/SPAN><I><SPAN style=\"FONT-SIZE: 10pt; COLOR: #666666; FONT-FAMILY: Arial\"><br \/>\n<\/SPAN><\/I><SPAN class=menuensayostituloindicearticulos1><SPAN style=\"FONT-SIZE: 9pt\"><FONT color=#666666><STRONG><FONT face=Arial>(Ed. Palabra)<o:p><\/o:p><\/FONT><\/STRONG><\/FONT><\/SPAN><\/SPAN><\/p>\n<p><P class=MsoNormal style=\"MARGIN: 0cm 0cm 0pt\"><SPAN class=menuensayostituloindicearticulos1><SPAN style=\"FONT-SIZE: 9pt\"><o:p><STRONG><FONT face=Arial color=#666666> <\/FONT><\/STRONG><\/o:p><\/SPAN><\/SPAN><\/p>\n<p><P class=MsoNormal style=\"MARGIN: 0cm 0cm 0pt\"><SPAN class=menuensayostituloindicearticulos1><SPAN style=\"FONT-WEIGHT: normal; FONT-SIZE: 14pt; COLOR: blue; mso-bidi-font-weight: bold\"><FONT face=Arial>Ensayos:<o:p><\/o:p><\/FONT><\/SPAN><\/SPAN><\/p>\n<p><TABLE class=MsoNormalTable style=\"mso-cellspacing: 0cm; mso-table-layout-alt: fixed; mso-padding-alt: 0cm 0cm 0cm 0cm\" cellSpacing=0 cellPadding=0 border=0><TBODY><TR style=\"HEIGHT: 296.95pt; mso-yfti-irow: 0; mso-yfti-lastrow: yes\"><TD style=\"BORDER-RIGHT: #ece9d8; PADDING-RIGHT: 0cm; BORDER-TOP: #ece9d8; PADDING-LEFT: 0cm; PADDING-BOTTOM: 0cm; BORDER-LEFT: #ece9d8; WIDTH: 225pt; PADDING-TOP: 0cm; BORDER-BOTTOM: #ece9d8; HEIGHT: 296.95pt; BACKGROUND-COLOR: transparent\" vAlign=top width=300><P class=MsoNormal style=\"MARGIN: 0cm 0cm 0pt; mso-margin-top-alt: auto; mso-margin-bottom-alt: auto\"><B><SPAN style=\"FONT-SIZE: 9pt; COLOR: #333333; FONT-FAMILY: Arial; mso-bidi-font-size: 12.0pt\"><o:p> <\/o:p><\/SPAN><\/B><\/p>\n<p><P class=MsoNormal style=\"MARGIN: 0cm 0cm 0pt; mso-margin-top-alt: auto; mso-margin-bottom-alt: auto\"><B><SPAN style=\"FONT-SIZE: 9pt; COLOR: #333333; FONT-FAMILY: Arial; mso-bidi-font-size: 12.0pt\"><A href=\"http:\/\/www.jrayllon.es\/ensayos_ayllon.htm#desfilemodelos#desfilemodelos\"><SPAN style=\"TEXT-DECORATION: none; text-underline: none\">DESFILE DE MODELOS<\/SPAN><\/A><\/SPAN><\/B><A name=indiceensayos><\/A><B><SPAN style=\"FONT-SIZE: 7.5pt; COLOR: #666666; FONT-FAMILY: Arial\"><br \/>\n<\/SPAN><\/B><B><SPAN style=\"FONT-SIZE: 7.5pt; COLOR: #666666; FONT-FAMILY: Arial; mso-bidi-font-size: 12.0pt\">Ed. Rialp, 1998, 215 p\u00e1gs. <\/SPAN><\/B><B><SPAN style=\"FONT-SIZE: 7.5pt; COLOR: #666666; FONT-FAMILY: Arial\"><br \/>\n<\/SPAN><\/B><B><SPAN style=\"FONT-SIZE: 7.5pt; COLOR: #666666; FONT-FAMILY: Arial; mso-bidi-font-size: 12.0pt\">Finalista Premio Anagrama 1996.<\/SPAN><\/B><SPAN style=\"FONT-SIZE: 9pt; COLOR: #333333; FONT-FAMILY: Arial; mso-bidi-font-size: 12.0pt\"><A href=\"http:\/\/www.jrayllon.es\/ensayos%20desfile%20de%20modelos.htm\"><SPAN style=\"mso-bidi-font-size: 9.0pt\"><br \/>\n<\/SPAN><\/A><\/SPAN><SPAN style=\"FONT-SIZE: 9pt; COLOR: #333333; FONT-FAMILY: Arial\"><br \/>\n<\/SPAN><B><SPAN style=\"FONT-SIZE: 9pt; COLOR: #333333; FONT-FAMILY: Arial; mso-bidi-font-size: 12.0pt\"><A href=\"http:\/\/www.jrayllon.es\/ensayos_ayllon.htm#diezclaveseducacion#diezclaveseducacion\"><SPAN style=\"TEXT-DECORATION: none; text-underline: none\">10 CLAVES DE LA EDUCACI\u00d3N<\/SPAN><\/A><\/SPAN><\/B><B><I><SPAN style=\"FONT-SIZE: 10pt; COLOR: black; FONT-FAMILY: Arial\"><br \/>\n<\/SPAN><\/I><\/B><B><SPAN style=\"FONT-SIZE: 7.5pt; COLOR: #666666; FONT-FAMILY: Arial; mso-bidi-font-size: 12.0pt\">Ed. Styria, 2005, 222 p\u00e1gs.,<\/SPAN><\/B><SPAN style=\"FONT-SIZE: 9pt; COLOR: #333333; FONT-FAMILY: Arial; mso-bidi-font-size: 12.0pt\"> <\/SPAN><B><SPAN style=\"FONT-SIZE: 7.5pt; COLOR: black; FONT-FAMILY: Arial; mso-bidi-font-size: 12.0pt\">14\u20ac<\/SPAN><\/B><B><SPAN style=\"FONT-SIZE: 10pt; COLOR: black; FONT-FAMILY: Arial\"><\/p>\n<p><\/SPAN><\/B><B><SPAN style=\"FONT-SIZE: 9pt; COLOR: #333333; FONT-FAMILY: Arial; mso-bidi-font-size: 12.0pt\"><A href=\"http:\/\/www.jrayllon.es\/ensayos_ayllon.htm#diosylosnaufragos#diosylosnaufragos\"><SPAN style=\"TEXT-DECORATION: none; text-underline: none\">DIOS Y LOS N\u00c1UFRAGOS<\/SPAN><\/A><\/SPAN><\/B><SPAN style=\"FONT-SIZE: 9pt; COLOR: #333333; FONT-FAMILY: Arial\"><br \/>\n<\/SPAN><B><SPAN style=\"FONT-SIZE: 7.5pt; COLOR: #666666; FONT-FAMILY: Arial; mso-bidi-font-size: 12.0pt\">Ed. Belacqu<I>a, 2002, 205 p\u00e1gs.,<\/I><\/SPAN><\/B><B><SPAN style=\"FONT-SIZE: 7.5pt; COLOR: black; FONT-FAMILY: Arial; mso-bidi-font-size: 12.0pt\">13\u20ac<\/SPAN><\/B><B><SPAN style=\"FONT-SIZE: 10pt; COLOR: black; FONT-FAMILY: Arial\"><\/p>\n<p><\/SPAN><\/B><B><SPAN style=\"FONT-SIZE: 9pt; COLOR: #333333; FONT-FAMILY: Arial; mso-bidi-font-size: 12.0pt\"><A href=\"http:\/\/www.jrayllon.es\/ensayos_ayllon.htm#entornoalhombre#entornoalhombre\"><SPAN style=\"TEXT-DECORATION: none; text-underline: none\">EN TORNO AL HOMBRE<\/SPAN><\/A><\/SPAN><\/B><SPAN style=\"FONT-SIZE: 9pt; COLOR: #333333; FONT-FAMILY: Arial\"><br \/>\n<\/SPAN><B><SPAN style=\"FONT-SIZE: 7.5pt; COLOR: #666666; FONT-FAMILY: Arial; mso-bidi-font-size: 12.0pt\">Introducci\u00f3n a la Filosof\u00eda <\/SPAN><\/B><B><SPAN style=\"FONT-SIZE: 7.5pt; COLOR: #666666; FONT-FAMILY: Arial\"><br \/>\n<\/SPAN><\/B><B><I><SPAN style=\"FONT-SIZE: 7.5pt; COLOR: #666666; FONT-FAMILY: Arial; mso-bidi-font-size: 12.0pt\">Ed. Rialp, 19992, 250 p\u00e1gs<\/SPAN><\/I><\/B><I><SPAN style=\"FONT-SIZE: 9pt; COLOR: #666666; FONT-FAMILY: Arial; mso-bidi-font-size: 12.0pt\">. <\/SPAN><\/I><B><SPAN style=\"FONT-SIZE: 7.5pt; COLOR: black; FONT-FAMILY: Arial; mso-bidi-font-size: 12.0pt\">12\u20ac <\/SPAN><\/B><B><SPAN style=\"FONT-SIZE: 10pt; COLOR: black; FONT-FAMILY: Arial\"><br \/>\n<\/SPAN><\/B><B><SPAN style=\"FONT-SIZE: 7.5pt; COLOR: #666666; FONT-FAMILY: Arial\"><br \/>\n<\/SPAN><\/B><B><SPAN style=\"FONT-SIZE: 9pt; COLOR: #333333; FONT-FAMILY: Arial; mso-bidi-font-size: 12.0pt\"><A href=\"http:\/\/www.jrayllon.es\/ensayos_ayllon.htm#filosofiacuentochino#filosofiacuentochino\"><SPAN style=\"TEXT-DECORATION: none; text-underline: none\">\u00bfES LA FILOSOF\u00cdA UNCUENTO CHINO?<\/SPAN><\/A><\/SPAN><\/B><SPAN style=\"FONT-SIZE: 9pt; COLOR: #333333; FONT-FAMILY: Arial\"><br \/>\n<\/SPAN><B><SPAN style=\"FONT-SIZE: 7.5pt; COLOR: #666666; FONT-FAMILY: Arial; mso-bidi-font-size: 12.0pt\">Ed. Descl\u00e9e de Brouwe<I>r<\/I>, <I>1999, 120 p\u00e1gs<\/I>.,<\/SPAN><\/B><SPAN style=\"FONT-SIZE: 10pt; COLOR: #666666; FONT-FAMILY: Arial\"> <\/SPAN><B><SPAN style=\"FONT-SIZE: 7.5pt; COLOR: black; FONT-FAMILY: Arial; mso-bidi-font-size: 12.0pt\">6\u20ac <\/SPAN><\/B><B><SPAN style=\"FONT-SIZE: 10pt; COLOR: black; FONT-FAMILY: Arial\"><br \/>\n<\/SPAN><\/B><B><SPAN style=\"FONT-SIZE: 10pt; COLOR: black; FONT-FAMILY: Arial; mso-bidi-font-size: 12.0pt\"><A href=\"http:\/\/www.jrayllon.es\/ensayos%20etica%20razonada.htm\" target=_self><SPAN style=\"TEXT-DECORATION: none; text-underline: none; mso-bidi-font-size: 10.0pt\"><br \/>\n<\/SPAN><\/A><\/SPAN><\/B><B><SPAN style=\"FONT-SIZE: 9pt; COLOR: #333333; FONT-FAMILY: Arial; mso-bidi-font-size: 12.0pt\"><A href=\"http:\/\/www.jrayllon.es\/ensayos_ayllon.htm#eticarazonada#eticarazonada\"><SPAN style=\"TEXT-DECORATION: none; text-underline: none\">\u00c9TICA RAZONADA<\/SPAN><\/A><\/SPAN><\/B><SPAN style=\"FONT-SIZE: 9pt; COLOR: #333333; FONT-FAMILY: Arial\"><br \/>\n<\/SPAN><B><SPAN style=\"FONT-SIZE: 7.5pt; COLOR: #666666; FONT-FAMILY: Arial; mso-bidi-font-size: 12.0pt\">Ed. Palabra, 1998, 215 p\u00e1gs., <\/SPAN><\/B><B><SPAN style=\"FONT-SIZE: 7.5pt; COLOR: black; FONT-FAMILY: Arial; mso-bidi-font-size: 12.0pt\">10\u20ac <\/SPAN><\/B><B><SPAN style=\"FONT-SIZE: 10pt; COLOR: black; FONT-FAMILY: Arial\"><br \/>\n<\/SPAN><\/B><SPAN style=\"FONT-SIZE: 9pt; COLOR: #333333; FONT-FAMILY: Arial\"><br \/>\n<\/SPAN><B><SPAN style=\"FONT-SIZE: 9pt; COLOR: #333333; FONT-FAMILY: Arial; mso-bidi-font-size: 12.0pt\"><A href=\"http:\/\/www.jrayllon.es\/ensayos_ayllon.htm#introduccionalaetica#introduccionalaetica\"><SPAN style=\"TEXT-DECORATION: none; text-underline: none\">INTRODUCCI\u00d3N A LA \u00c9TICA<\/SPAN><\/A><\/SPAN><\/B><SPAN style=\"FONT-SIZE: 9pt; COLOR: #333333; FONT-FAMILY: Arial\"><br \/>\n<\/SPAN><B><SPAN style=\"FONT-SIZE: 7.5pt; COLOR: #666666; FONT-FAMILY: Arial; mso-bidi-font-size: 12.0pt\">Ed. Palabra<\/SPAN><\/B><B><SPAN style=\"FONT-SIZE: 7.5pt; COLOR: black; FONT-FAMILY: Arial; mso-bidi-font-size: 12.0pt\">, <\/SPAN><\/B><B><SPAN style=\"FONT-SIZE: 7.5pt; COLOR: #666666; FONT-FAMILY: Arial; mso-bidi-font-size: 12.0pt\">2006 <\/SPAN><\/B><B><SPAN style=\"FONT-SIZE: 10pt; COLOR: black; FONT-FAMILY: Arial\"><br \/>\n<\/SPAN><\/B><SPAN style=\"FONT-SIZE: 9pt; COLOR: #333333; FONT-FAMILY: Arial\"><br \/>\n<\/SPAN><B><SPAN style=\"FONT-SIZE: 9pt; COLOR: #333333; FONT-FAMILY: Arial; mso-bidi-font-size: 12.0pt\"><A href=\"http:\/\/www.jrayllon.es\/ensayos_ayllon.htm#labuenavida#labuenavida\"><SPAN style=\"TEXT-DECORATION: none; text-underline: none\">LA BUENA VIDA<\/SPAN><\/A><\/SPAN><\/B><SPAN style=\"FONT-SIZE: 9pt; COLOR: #333333; FONT-FAMILY: Arial\"><br \/>\n<\/SPAN><B><SPAN style=\"FONT-SIZE: 7.5pt; COLOR: #666666; FONT-FAMILY: Arial; mso-bidi-font-size: 12.0pt\">Finalista Premio Mart\u00ednez Roca 2000.<\/SPAN><\/B><SPAN style=\"FONT-SIZE: 9pt; COLOR: #333333; FONT-FAMILY: Arial\"><br \/>\n<\/SPAN><B><SPAN style=\"FONT-SIZE: 7.5pt; COLOR: #666666; FONT-FAMILY: Arial; mso-bidi-font-size: 12.0pt\">222 p\u00e1gs., <\/SPAN><\/B><B><SPAN style=\"FONT-SIZE: 7.5pt; COLOR: black; FONT-FAMILY: Arial; mso-bidi-font-size: 12.0pt\">12 \u20ac <o:p><\/o:p><\/SPAN><\/B><\/p>\n<p><P class=MsoNormal style=\"MARGIN: 0cm 0cm 0pt; mso-margin-top-alt: auto; mso-margin-bottom-alt: auto\"><B><SPAN style=\"FONT-SIZE: 7.5pt; COLOR: black; FONT-FAMILY: Arial; mso-bidi-font-size: 12.0pt\"><o:p> <\/o:p><\/SPAN><\/B><\/p>\n<p><P class=MsoNormal style=\"MARGIN: 0cm 0cm 0pt; mso-margin-top-alt: auto; mso-margin-bottom-alt: auto\"><SPAN class=menuensayostituloindicearticulos1><SPAN style=\"FONT-SIZE: 14pt; COLOR: blue\"><STRONG><FONT face=Arial>Conferencias:<o:p><\/o:p><\/FONT><\/STRONG><\/SPAN><\/SPAN><\/p>\n<p><TABLE class=MsoNormalTable style=\"mso-cellspacing: 0cm; mso-table-layout-alt: fixed; mso-padding-alt: 0cm 0cm 0cm 0cm\" cellSpacing=0 cellPadding=0 border=0><TBODY><TR style=\"HEIGHT: 252.75pt; mso-yfti-irow: 0\"><TD style=\"BORDER-RIGHT: #ece9d8; PADDING-RIGHT: 0cm; BORDER-TOP: #ece9d8; PADDING-LEFT: 0cm; PADDING-BOTTOM: 0cm; BORDER-LEFT: #ece9d8; WIDTH: 232.5pt; PADDING-TOP: 0cm; BORDER-BOTTOM: #ece9d8; HEIGHT: 252.75pt; BACKGROUND-COLOR: transparent\" vAlign=top width=310><P class=MsoNormal style=\"MARGIN: 0cm 0cm 0pt; mso-margin-top-alt: auto; mso-margin-bottom-alt: auto\"><SPAN style=\"FONT-SIZE: 9pt; COLOR: #333333; FONT-FAMILY: Arial\"><A href=\"http:\/\/www.jrayllon.es\/conferencias_ayllon.htm#diezclaveseducacion#diezclaveseducacion\"><SPAN style=\"TEXT-DECORATION: none; text-underline: none\"><STRONG>1. DIEZ CLAVES DE LA EDUCACI\u00d3N <\/STRONG><\/SPAN><\/A><o:p><\/o:p><\/SPAN><\/p>\n<p><P class=MsoNormal style=\"MARGIN: 0cm 0cm 0pt; mso-margin-top-alt: auto; mso-margin-bottom-alt: auto\"><B><SPAN style=\"FONT-SIZE: 9pt; COLOR: #333333; FONT-FAMILY: Arial\"><A href=\"http:\/\/www.jrayllon.es\/conferencias_ayllon.htm#familiayretos#familiayretos\"><SPAN style=\"TEXT-DECORATION: none; text-underline: none\">2. LA FAMILIA Y SUS RETOS<\/SPAN><\/A><\/p>\n<p><A href=\"http:\/\/www.jrayllon.es\/conferencias_ayllon.htm#dimensionsentimental#dimensionsentimental\"><SPAN style=\"TEXT-DECORATION: none; text-underline: none\">3. LA DIMENSI\u00d3N SENTIMENTAL DEL SER HUMANO <\/SPAN><\/A><o:p><\/o:p><\/SPAN><\/B><\/p>\n<p><P class=MsoNormal style=\"MARGIN: 0cm 0cm 0pt; mso-margin-top-alt: auto; mso-margin-bottom-alt: auto\"><B><SPAN style=\"FONT-SIZE: 9pt; COLOR: #333333; FONT-FAMILY: Arial\"><A href=\"http:\/\/www.jrayllon.es\/conferencias_ayllon.htm#radiografia#radiografia\"><SPAN style=\"TEXT-DECORATION: none; text-underline: none\">4. RADIOGRAF\u00cdA DE LA PERSONA<\/SPAN><\/A> <o:p><\/o:p><\/SPAN><\/B><\/p>\n<p><P class=MsoNormal style=\"MARGIN: 0cm 0cm 0pt; mso-margin-top-alt: auto; mso-margin-bottom-alt: auto\"><B><SPAN style=\"FONT-SIZE: 9pt; COLOR: #333333; FONT-FAMILY: Arial\"><A href=\"http:\/\/www.jrayllon.es\/conferencias_ayllon.htm#graciasclasicos#graciasclasicos\"><SPAN style=\"TEXT-DECORATION: none; text-underline: none\">5. GRACIAS A LOS CL\u00c1SICOS \/ INVITACI\u00d3N A LA LECTURA<\/SPAN><\/A><o:p><\/o:p><\/SPAN><\/B><\/p>\n<p><P class=MsoNormal style=\"MARGIN: 0cm 0cm 0pt; mso-margin-top-alt: auto; mso-margin-bottom-alt: auto\"><B><SPAN style=\"FONT-SIZE: 9pt; COLOR: #333333; FONT-FAMILY: Arial\"><A href=\"http:\/\/www.jrayllon.es\/conferencias_ayllon.htm#eticasociedadpluralista#eticasociedadpluralista\"><SPAN style=\"TEXT-DECORATION: none; text-underline: none\">6. \u00c9TICA EN UNA SOCIEDAD PLURALISTA<\/SPAN><\/A><br \/>\nBIO\u00c9TICA, PLURALISMO Y RELATIVISMO <o:p><\/o:p><\/SPAN><\/B><\/p>\n<p><P class=MsoNormal style=\"MARGIN: 0cm 0cm 0pt; mso-margin-top-alt: auto; mso-margin-bottom-alt: auto\"><B><SPAN style=\"FONT-SIZE: 9pt; COLOR: #333333; FONT-FAMILY: Arial\"><A href=\"http:\/\/www.jrayllon.es\/conferencias_ayllon.htm#educacionconcienciamoral#educacionconcienciamoral\"><SPAN style=\"TEXT-DECORATION: none; text-underline: none\">7. EDUCACI\u00d3N Y CONCIENCIA MORAL <\/SPAN><\/A><o:p><\/o:p><\/SPAN><\/B><\/p>\n<p><P class=MsoNormal style=\"MARGIN: 0cm 0cm 0pt; mso-margin-top-alt: auto; mso-margin-bottom-alt: auto\"><B><SPAN style=\"FONT-SIZE: 9pt; COLOR: #333333; FONT-FAMILY: Arial\"><A href=\"http:\/\/www.jrayllon.es\/conferencias_ayllon.htm#sentidodolor#sentidodolor\"><SPAN style=\"TEXT-DECORATION: none; text-underline: none\">8. EL SENTIDO DEL DOLOR <\/SPAN><\/A><o:p><\/o:p><\/SPAN><\/B><\/p>\n<p><P class=MsoNormal style=\"MARGIN: 0cm 0cm 0pt; mso-margin-top-alt: auto; mso-margin-bottom-alt: auto\"><B><SPAN style=\"FONT-SIZE: 9pt; COLOR: #333333; FONT-FAMILY: Arial\"><A href=\"http:\/\/www.jrayllon.es\/conferencias_ayllon.htm#argumentosdios#argumentosdios\"><SPAN style=\"TEXT-DECORATION: none; text-underline: none\">9. ARGUMENTOS SOBRE DIOS <\/SPAN><\/A><o:p><\/o:p><\/SPAN><\/B><\/p>\n<p><P class=MsoNormal style=\"MARGIN: 0cm 0cm 0pt; mso-margin-top-alt: auto; mso-margin-bottom-alt: auto\"><B><SPAN style=\"FONT-SIZE: 9pt; COLOR: #333333; FONT-FAMILY: Arial\"><A href=\"http:\/\/www.jrayllon.es\/conferencias_ayllon.htm#formacionedcadoreslectura#formacionedcadoreslectura\"><SPAN style=\"TEXT-DECORATION: none; text-underline: none\">10. FORMACI\u00d3N DE EDUCADORES A TRAV\u00c9S DE LA LECTURA <\/SPAN><\/A><o:p><\/o:p><\/SPAN><\/B><\/p>\n<p><P class=MsoNormal style=\"MARGIN: 0cm 0cm 0pt; mso-margin-top-alt: auto; mso-margin-bottom-alt: auto\"><B><SPAN style=\"FONT-SIZE: 9pt; COLOR: #333333; FONT-FAMILY: Arial\"><A href=\"http:\/\/www.jrayllon.es\/conferencias_ayllon.htm#didacticafilosofiaetica#didacticafilosofiaetica\"><SPAN style=\"TEXT-DECORATION: none; text-underline: none\">11. DID\u00c1CTICA DE LA FILOSOF\u00cdA Y DE LA \u00c9TICA<\/SPAN><\/A><o:p><\/o:p><\/SPAN><\/B><\/p>\n<p><P class=MsoNormal style=\"MARGIN: 0cm 0cm 0pt; mso-margin-top-alt: auto; mso-margin-bottom-alt: auto\"><SPAN style=\"COLOR: #333333\"><o:p><FONT face=\"Times New Roman\" size=3> <\/FONT><\/o:p><\/SPAN><\/p>\n<p><\/TD><TD style=\"BORDER-RIGHT: #ece9d8; PADDING-RIGHT: 0cm; BORDER-TOP: #ece9d8; PADDING-LEFT: 0cm; PADDING-BOTTOM: 0cm; BORDER-LEFT: #ece9d8; WIDTH: 105pt; PADDING-TOP: 0cm; BORDER-BOTTOM: #ece9d8; HEIGHT: 252.75pt; BACKGROUND-COLOR: transparent\" vAlign=top width=140><P class=MsoNormal style=\"MARGIN: 0cm 0cm 12pt; TEXT-ALIGN: right\" align=right><SPAN style=\"COLOR: #333333\"><BR style=\"mso-special-character: line-break\"><BR style=\"mso-special-character: line-break\"><o:p><FONT face=\"Times New Roman\" size=3><\/FONT><\/o:p><\/SPAN><\/p>\n<p><P class=MsoNormal style=\"MARGIN: 0cm 0cm 0pt; TEXT-ALIGN: right\" align=right><SPAN style=\"COLOR: #333333\"><o:p><FONT face=\"Times New Roman\" size=3> <\/FONT><\/o:p><\/SPAN><\/p>\n<p><\/TD><\/TR><TR style=\"mso-yfti-irow: 1; mso-yfti-lastrow: yes\"><TD style=\"BORDER-RIGHT: #ece9d8; PADDING-RIGHT: 0cm; BORDER-TOP: #ece9d8; PADDING-LEFT: 0cm; PADDING-BOTTOM: 0cm; BORDER-LEFT: #ece9d8; WIDTH: 339pt; PADDING-TOP: 0cm; BORDER-BOTTOM: #ece9d8; BACKGROUND-COLOR: transparent\" width=452 colSpan=2><P class=MsoNormal style=\"MARGIN: 0cm 0cm 0pt; mso-margin-top-alt: auto; mso-margin-bottom-alt: auto\"><SPAN style=\"COLOR: #333333\"><o:p><FONT face=\"Times New Roman\" size=3> <\/FONT><\/o:p><\/SPAN><\/p>\n<p><\/TD><\/TR><\/TBODY><\/TABLE><P class=MsoNormal style=\"MARGIN: 0cm 0cm 12pt; mso-margin-top-alt: auto\"><SPAN style=\"COLOR: #333333\"><o:p><\/o:p><\/SPAN><\/p>\n<p><\/TD><\/TR><\/TBODY><\/TABLE><\/p>\n<!-- AddThis Advanced Settings generic via filter on the_content --><!-- AddThis Share Buttons generic via filter on the_content -->","protected":false},"excerpt":{"rendered":"<p>Jos\u00e9 Ram\u00f3n Ayll\u00f3n, Cantabria (Espa\u00f1a), 1955. Licenciado en Filosof\u00eda y Letras por la Universidad de Oviedo, 1978. Especialista Universitario en Bio\u00e9tica por la Universidad de Valladolid, 1996. Profesor de Filosof\u00eda y Literatura en Secundaria durante quince a\u00f1os. Escritor de novela, ensayo y libro de texto. Conferenciante sobre bio\u00e9tica, educaci\u00f3n de adolescentes y formaci\u00f3n del profesorado [&hellip;]<!-- AddThis Advanced Settings generic via filter on get_the_excerpt --><!-- AddThis Share Buttons generic via filter on get_the_excerpt --><\/p>\n","protected":false},"author":39,"featured_media":0,"comment_status":"open","ping_status":"closed","sticky":false,"template":"","format":"standard","meta":[],"categories":[2],"tags":[10],"_links":{"self":[{"href":"https:\/\/blogs.elnortedecastilla.es\/CampoGrande\/wp-json\/wp\/v2\/posts\/34"}],"collection":[{"href":"https:\/\/blogs.elnortedecastilla.es\/CampoGrande\/wp-json\/wp\/v2\/posts"}],"about":[{"href":"https:\/\/blogs.elnortedecastilla.es\/CampoGrande\/wp-json\/wp\/v2\/types\/post"}],"author":[{"embeddable":true,"href":"https:\/\/blogs.elnortedecastilla.es\/CampoGrande\/wp-json\/wp\/v2\/users\/39"}],"replies":[{"embeddable":true,"href":"https:\/\/blogs.elnortedecastilla.es\/CampoGrande\/wp-json\/wp\/v2\/comments?post=34"}],"version-history":[{"count":0,"href":"https:\/\/blogs.elnortedecastilla.es\/CampoGrande\/wp-json\/wp\/v2\/posts\/34\/revisions"}],"wp:attachment":[{"href":"https:\/\/blogs.elnortedecastilla.es\/CampoGrande\/wp-json\/wp\/v2\/media?parent=34"}],"wp:term":[{"taxonomy":"category","embeddable":true,"href":"https:\/\/blogs.elnortedecastilla.es\/CampoGrande\/wp-json\/wp\/v2\/categories?post=34"},{"taxonomy":"post_tag","embeddable":true,"href":"https:\/\/blogs.elnortedecastilla.es\/CampoGrande\/wp-json\/wp\/v2\/tags?post=34"}],"curies":[{"name":"wp","href":"https:\/\/api.w.org\/{rel}","templated":true}]}}