{"id":370,"date":"2015-05-30T15:14:41","date_gmt":"2015-05-30T14:14:41","guid":{"rendered":"http:\/\/blogs.elnortedecastilla.es\/CampoGrande\/?p=370"},"modified":"2015-05-30T15:14:41","modified_gmt":"2015-05-30T14:14:41","slug":"libros-del-verano-2015-y-eleccion-del-autor-ganador-del-trofeo-un-buen-libro-2014-2015","status":"publish","type":"post","link":"https:\/\/blogs.elnortedecastilla.es\/CampoGrande\/2015\/05\/30\/libros-del-verano-2015-y-eleccion-del-autor-ganador-del-trofeo-un-buen-libro-2014-2015\/","title":{"rendered":"Libros del verano 2015 y elecci\u00f3n del autor ganador del trofeo &#8220;Un buen libro 2014-2015&#8221;"},"content":{"rendered":"<table border=\"1\" cellspacing=\"0\" cellpadding=\"0\">\n<tbody>\n<tr>\n<td valign=\"top\">&nbsp;<\/p>\n<p>&nbsp;<\/p>\n<p>Junio<\/td>\n<td valign=\"top\">\n<h1><\/h1>\n<h1><span style=\"font-size: large; color: #0000ff;\">JIM\u00c9NEZ\u00a0 LOZANO, Jos\u00e9.<span style=\"font-size: x-large;\"><strong> <em>Abram y su gente<\/em><\/strong><\/span>. Bac Narrativa, Madrid,\u00a0 2014, 157 p\u00e1gs.<\/span><\/h1>\n<\/td>\n<td valign=\"top\">\u00a0<a href=\"\/CampoGrande\/wp-content\/uploads\/sites\/27\/2015\/05\/foto_14860_BN0001_-_Foto.jpg\"><img loading=\"lazy\" class=\"alignleft size-thumbnail wp-image-372\" title=\"foto_14860_BN0001_-_Foto\" src=\"\/CampoGrande\/wp-content\/uploads\/sites\/27\/2015\/05\/foto_14860_BN0001_-_Foto.jpg\" alt=\"\" width=\"150\" height=\"150\" \/><\/a><\/td>\n<\/tr>\n<tr>\n<td valign=\"top\">&nbsp;<\/p>\n<p>&nbsp;<\/p>\n<p>Julio<\/td>\n<td valign=\"top\">&nbsp;<\/p>\n<p><span style=\"font-size: large; color: #0000ff;\">CALDER\u00d3N, Reyes. <span style=\"font-size: x-large;\"><strong><em>La puerta del cielo<\/em><\/strong><\/span>. Planeta, Barcelona, 2015, 446 p\u00e1gs.<\/span><\/td>\n<td valign=\"top\"><a href=\"\/CampoGrande\/wp-content\/uploads\/sites\/27\/2015\/05\/la-puerta-del-cielo.jpg\"><img loading=\"lazy\" class=\"alignleft size-thumbnail wp-image-371\" title=\"la puerta del cielo\" src=\"\/CampoGrande\/wp-content\/uploads\/sites\/27\/2015\/05\/la-puerta-del-cielo.jpg\" alt=\"\" width=\"150\" height=\"150\" \/><\/a><\/td>\n<\/tr>\n<tr>\n<td valign=\"top\">&nbsp;<\/p>\n<p>&nbsp;<\/p>\n<p>Agst<\/td>\n<td valign=\"top\">&nbsp;<\/p>\n<p><span style=\"font-size: large; color: #0000ff;\">CABRERO UGARTE, \u00c1ngel. <span style=\"font-size: x-large;\"><strong><em>Cartas de Lucas<\/em><\/strong><\/span>. Palabra, Madrid, 2015, 248 p\u00e1gs.<\/span><\/td>\n<td valign=\"top\">\u00a0<a href=\"\/CampoGrande\/wp-content\/uploads\/sites\/27\/2015\/05\/Cartas-de-lucas.jpg\"><img loading=\"lazy\" class=\"alignleft size-thumbnail wp-image-373\" title=\"Cartas de lucas\" src=\"\/CampoGrande\/wp-content\/uploads\/sites\/27\/2015\/05\/Cartas-de-lucas.jpg\" alt=\"\" width=\"150\" height=\"150\" \/><\/a><\/td>\n<\/tr>\n<tr>\n<td valign=\"top\"><span style=\"line-height: 19px;\">Sept<\/span><\/td>\n<td valign=\"top\"><span style=\"font-size: large; color: #0000ff;\">Comienzo de las actividades del curso 2015-2016.<\/span><span style=\"font-size: large; color: #0000ff;\">Comentaremos los libros le\u00eddos en julio y agosto.<\/span><\/td>\n<td valign=\"top\"><\/td>\n<\/tr>\n<tr>\n<td valign=\"top\">&nbsp;<\/p>\n<p>Oct<\/td>\n<td valign=\"top\"><span style=\"font-size: large; color: #0000ff;\">Almuerzo y entrega del trofeo \u201cUn buen libro 2014-2015\u201d<\/span><\/p>\n<p><span style=\"font-size: large; color: #0000ff;\">La escritora invitada es <strong>ALMUDENA DE ARTEAGA<\/strong>. Recibir\u00e1<\/span><\/p>\n<p><span style=\"font-size: large; color: #0000ff;\">el \u00a0trofeo \u201cUn buen libro 2014-2015\u201d por su novela <strong><em>Capricho.<\/em><\/strong><\/span><\/td>\n<td valign=\"top\">\u00a0<a href=\"\/CampoGrande\/wp-content\/uploads\/sites\/27\/2015\/05\/20150513_115035-superred.jpg\"><img loading=\"lazy\" class=\"aligncenter size-full wp-image-374\" title=\"20150513_115035 superred\" src=\"\/CampoGrande\/wp-content\/uploads\/sites\/27\/2015\/05\/20150513_115035-superred.jpg\" alt=\"\" width=\"81\" height=\"90\" \/><\/a><\/td>\n<\/tr>\n<\/tbody>\n<\/table>\n<!-- AddThis Advanced Settings generic via filter on the_content --><!-- AddThis Share Buttons generic via filter on the_content -->","protected":false},"excerpt":{"rendered":"<p>&nbsp; &nbsp; Junio JIM\u00c9NEZ\u00a0 LOZANO, Jos\u00e9. Abram y su gente. Bac Narrativa, Madrid,\u00a0 2014, 157 p\u00e1gs. \u00a0 &nbsp; &nbsp; Julio &nbsp; CALDER\u00d3N, Reyes. La puerta del cielo. Planeta, Barcelona, 2015, 446 p\u00e1gs. &nbsp; &nbsp; Agst &nbsp; CABRERO UGARTE, \u00c1ngel. Cartas de Lucas. Palabra, Madrid, 2015, 248 p\u00e1gs. \u00a0 Sept Comienzo de las actividades del curso [&hellip;]<!-- AddThis Advanced Settings generic via filter on get_the_excerpt --><!-- AddThis Share Buttons generic via filter on get_the_excerpt --><\/p>\n","protected":false},"author":39,"featured_media":0,"comment_status":"open","ping_status":"open","sticky":false,"template":"","format":"standard","meta":[],"categories":[2],"tags":[],"_links":{"self":[{"href":"https:\/\/blogs.elnortedecastilla.es\/CampoGrande\/wp-json\/wp\/v2\/posts\/370"}],"collection":[{"href":"https:\/\/blogs.elnortedecastilla.es\/CampoGrande\/wp-json\/wp\/v2\/posts"}],"about":[{"href":"https:\/\/blogs.elnortedecastilla.es\/CampoGrande\/wp-json\/wp\/v2\/types\/post"}],"author":[{"embeddable":true,"href":"https:\/\/blogs.elnortedecastilla.es\/CampoGrande\/wp-json\/wp\/v2\/users\/39"}],"replies":[{"embeddable":true,"href":"https:\/\/blogs.elnortedecastilla.es\/CampoGrande\/wp-json\/wp\/v2\/comments?post=370"}],"version-history":[{"count":0,"href":"https:\/\/blogs.elnortedecastilla.es\/CampoGrande\/wp-json\/wp\/v2\/posts\/370\/revisions"}],"wp:attachment":[{"href":"https:\/\/blogs.elnortedecastilla.es\/CampoGrande\/wp-json\/wp\/v2\/media?parent=370"}],"wp:term":[{"taxonomy":"category","embeddable":true,"href":"https:\/\/blogs.elnortedecastilla.es\/CampoGrande\/wp-json\/wp\/v2\/categories?post=370"},{"taxonomy":"post_tag","embeddable":true,"href":"https:\/\/blogs.elnortedecastilla.es\/CampoGrande\/wp-json\/wp\/v2\/tags?post=370"}],"curies":[{"name":"wp","href":"https:\/\/api.w.org\/{rel}","templated":true}]}}