{"id":39,"date":"2008-02-09T23:03:36","date_gmt":"2008-02-09T23:03:36","guid":{"rendered":"http:\/\/blogs.elnortedecastilla.es\/CampoGrande\/?p=39"},"modified":"2008-02-09T23:03:36","modified_gmt":"2008-02-09T23:03:36","slug":"sandor-marai-1900-1989","status":"publish","type":"post","link":"https:\/\/blogs.elnortedecastilla.es\/CampoGrande\/2008\/02\/09\/sandor-marai-1900-1989\/","title":{"rendered":"S\u00e1ndor M\u00e1rai (1900-1989)"},"content":{"rendered":"<p><IMG class=imgdcha id=img_0 style=\"WIDTH: 201px; HEIGHT: 244px\" height=970 src=\"\/CampoGrande\/wp-content\/uploads\/sites\/27\" width=333> <P class=MsoNormal style=\"MARGIN: 0cm 0cm 0pt; TEXT-INDENT: 35.45pt; TEXT-ALIGN: justify\"><SPAN lang=ES style=\"FONT-SIZE: 16pt; COLOR: #333333; FONT-FAMILY: 'Comic Sans MS'\">S\u00e1ndor M\u00e1rai, padeci\u00f3 los horrores de una Europa sumida en las dos guerras mundiales. La segunda, de forma m\u00e1s directa, como profesional, pues la incuria comunista secuestr\u00f3 sus libros, muy le\u00eddos en la \u00e9poca. En realidad, \u00e9l no quiso que se publicaran en <?xml:namespace prefix = st1 ns = \"urn:schemas-microsoft-com:office:smarttags\" \/><st1:PersonName w:st=\"on\" ProductID=\"la Hungr?a\">la Hungr\u00eda<\/st1:PersonName> sometida a la dictadura comunista. Prefiri\u00f3 que su memoria desapareciera tras su salida al exilio, donde vivi\u00f3 cuarenta a\u00f1os.<?xml:namespace prefix = o ns = \"urn:schemas-microsoft-com:office:office\" \/><o:p><\/o:p><\/SPAN><\/p>\n<p> <P class=MsoNormal style=\"MARGIN: 0cm 0cm 0pt; TEXT-INDENT: 35.45pt; TEXT-ALIGN: justify\"><SPAN lang=ES style=\"FONT-SIZE: 16pt; COLOR: #333333; FONT-FAMILY: 'Comic Sans MS'\">En lugar de cambiar de lengua, M\u00e1rai, sigui\u00f3 escribiendo en h\u00fangaro, idioma de escas\u00edsima difusi\u00f3n pues s\u00f3lo la hablan 13 millones de personas en el mundo, de las cuales 3 millones est\u00e1n fuera de Hungr\u00eda.<o:p><\/o:p><\/SPAN><\/p>\n<p> <P class=MsoNormal style=\"MARGIN: 0cm 0cm 0pt; TEXT-INDENT: 35.45pt; TEXT-ALIGN: justify\"><SPAN lang=ES style=\"FONT-SIZE: 16pt; COLOR: #333333; FONT-FAMILY: 'Comic Sans MS'\">M\u00e1rai naci\u00f3 en 1900, en una aldea h\u00fangara, hoy eslovaca. Pertenec\u00eda a la burgues\u00eda cosmopolita de principios de siglo (su verdadero nombre era Groschmid, familia sajona que se instal\u00f3 en Hungr\u00eda en el siglo XVII) y sus novelas son un retrato de las clases acomodadas, cultas y refinadas de la \u00e9poca. Por eso tal vez \u00e9l, que era conocido como el Proust h\u00fangaro. Titul\u00f3 sus memorias <I>Confesiones de un peque\u00f1o burgu\u00e9s.<\/I> Al mismo tiempo era un liberal convencido, que detestaba la violencia y se opuso al fascismo. En 1948 se march\u00f3 de Hungr\u00eda, asqueado, y este exilio supuso el final de su celebridad. Vivi\u00f3 en Francia, Italia y Suiza. Luego, Canad\u00e1. Por \u00faltimo, vivi\u00f3 en San Diego, California, donde se suicid\u00f3 en 1989, pocos meses antes de que cayera el muro de Berl\u00edn.<o:p><\/o:p><\/SPAN><\/p>\n<p> <P class=MsoNormal style=\"MARGIN: 0cm 0cm 0pt; TEXT-INDENT: 35.45pt; TEXT-ALIGN: justify\"><SPAN lang=ES style=\"FONT-SIZE: 16pt; COLOR: #333333; FONT-FAMILY: 'Comic Sans MS'\">Hab\u00eda publicado en su pa\u00eds unos cuarenta libros entre poes\u00eda, teatro, art\u00edculos, diarios, memorias y novelas. Algunos fueron traducidos al espa\u00f1ol y publicados en Jos\u00e9 Jan\u00e9s y Destino durante los a\u00f1os 40 y 50: <I>El divorcio en Buda<\/I>, <I>A la luz de los candelabros<\/I> (hoy <I>El \u00faltimo encuentro<\/I>) y unas cuantos m\u00e1s que conocieron sucesivas ediciones. La vigencia de sus textos est\u00e1 avalada principalmente por su extraordinaria calidad. <I>El \u00faltimo encuentro<\/I> es la novela de la amistad traicionada y de la b\u00fasqueda de la verdad que le\u00edmos y comentamos el pasado curso. <\/SPAN><SPAN lang=ES style=\"FONT-SIZE: 16pt; FONT-FAMILY: 'Comic Sans MS'\"><o:p><\/o:p><\/SPAN><\/p>\n<!-- AddThis Advanced Settings generic via filter on the_content --><!-- AddThis Share Buttons generic via filter on the_content -->","protected":false},"excerpt":{"rendered":"<p>S\u00e1ndor M\u00e1rai, padeci\u00f3 los horrores de una Europa sumida en las dos guerras mundiales. La segunda, de forma m\u00e1s directa, como profesional, pues la incuria comunista secuestr\u00f3 sus libros, muy le\u00eddos en la \u00e9poca. En realidad, \u00e9l no quiso que se publicaran en la Hungr\u00eda sometida a la dictadura comunista. Prefiri\u00f3 que su memoria desapareciera [&hellip;]<!-- AddThis Advanced Settings generic via filter on get_the_excerpt --><!-- AddThis Share Buttons generic via filter on get_the_excerpt --><\/p>\n","protected":false},"author":39,"featured_media":0,"comment_status":"open","ping_status":"closed","sticky":false,"template":"","format":"standard","meta":[],"categories":[2],"tags":[11,17,26],"_links":{"self":[{"href":"https:\/\/blogs.elnortedecastilla.es\/CampoGrande\/wp-json\/wp\/v2\/posts\/39"}],"collection":[{"href":"https:\/\/blogs.elnortedecastilla.es\/CampoGrande\/wp-json\/wp\/v2\/posts"}],"about":[{"href":"https:\/\/blogs.elnortedecastilla.es\/CampoGrande\/wp-json\/wp\/v2\/types\/post"}],"author":[{"embeddable":true,"href":"https:\/\/blogs.elnortedecastilla.es\/CampoGrande\/wp-json\/wp\/v2\/users\/39"}],"replies":[{"embeddable":true,"href":"https:\/\/blogs.elnortedecastilla.es\/CampoGrande\/wp-json\/wp\/v2\/comments?post=39"}],"version-history":[{"count":0,"href":"https:\/\/blogs.elnortedecastilla.es\/CampoGrande\/wp-json\/wp\/v2\/posts\/39\/revisions"}],"wp:attachment":[{"href":"https:\/\/blogs.elnortedecastilla.es\/CampoGrande\/wp-json\/wp\/v2\/media?parent=39"}],"wp:term":[{"taxonomy":"category","embeddable":true,"href":"https:\/\/blogs.elnortedecastilla.es\/CampoGrande\/wp-json\/wp\/v2\/categories?post=39"},{"taxonomy":"post_tag","embeddable":true,"href":"https:\/\/blogs.elnortedecastilla.es\/CampoGrande\/wp-json\/wp\/v2\/tags?post=39"}],"curies":[{"name":"wp","href":"https:\/\/api.w.org\/{rel}","templated":true}]}}