{"id":40,"date":"2008-02-10T01:36:41","date_gmt":"2008-02-10T01:36:41","guid":{"rendered":"http:\/\/blogs.elnortedecastilla.es\/CampoGrande\/?p=40"},"modified":"2008-02-10T01:36:41","modified_gmt":"2008-02-10T01:36:41","slug":"preguntas-sobre-la-hermana-sandor-marai","status":"publish","type":"post","link":"https:\/\/blogs.elnortedecastilla.es\/CampoGrande\/2008\/02\/10\/preguntas-sobre-la-hermana-sandor-marai\/","title":{"rendered":"Preguntas sobre &#8220;La Hermana&#8221;, de S\u00e1ndor M\u00e1rai"},"content":{"rendered":"<p><IMG class=imgizqda id=img_0 src=\"\/CampoGrande\/wp-content\/uploads\/sites\/27\"> <P class=MsoNormal style=\"MARGIN: 0cm 0cm 0pt; TEXT-ALIGN: justify\"><SPAN lang=ES style=\"COLOR: black; FONT-FAMILY: 'Comic Sans MS'\"><FONT size=3>Preguntas de la primera parte:<?xml:namespace prefix = o ns = \"urn:schemas-microsoft-com:office:office\" \/><o:p><\/o:p><\/FONT><\/SPAN><\/p>\n<p> <P class=MsoNormal style=\"MARGIN: 0cm 0cm 0pt; TEXT-ALIGN: justify\"><SPAN lang=ES style=\"COLOR: black; FONT-FAMILY: 'Comic Sans MS'\"><o:p><FONT size=3> <\/FONT><\/o:p><\/SPAN><\/p>\n<p> <P class=MsoNormal style=\"MARGIN: 0cm 0cm 0pt; TEXT-ALIGN: justify\"><SPAN lang=ES style=\"COLOR: black; FONT-FAMILY: 'Comic Sans MS'\"><FONT size=3>1\u00aa \u00bfHay alg\u00fan dato para situar el momento hist\u00f3rico en el que se desarrolla esta novela?<o:p><\/o:p><\/FONT><\/SPAN><\/p>\n<p> <P class=MsoNormal style=\"MARGIN: 0cm 0cm 0pt; TEXT-ALIGN: justify\"><SPAN lang=ES style=\"COLOR: black; FONT-FAMILY: 'Comic Sans MS'\"><FONT size=3>2\u00aa \u00bfEn qu\u00e9 lugar se puede determinar la situaci\u00f3n geogr\u00e1fica del Hotel Balneario en el que tiene lugar la primera parte del libro?<o:p><\/o:p><\/FONT><\/SPAN><\/p>\n<p> <P class=MsoNormal style=\"MARGIN: 0cm 0cm 0pt; TEXT-ALIGN: justify\"><SPAN lang=ES style=\"COLOR: black; FONT-FAMILY: 'Comic Sans MS'\"><FONT size=3>3\u00aa \u00bfCu\u00e1l ser\u00eda la descripci\u00f3n de las principales estancias en aquel Hotel Balneario?<o:p><\/o:p><\/FONT><\/SPAN><\/p>\n<p> <P class=MsoNormal style=\"MARGIN: 0cm 0cm 0pt; TEXT-ALIGN: justify\"><SPAN lang=ES style=\"COLOR: black; FONT-FAMILY: 'Comic Sans MS'\"><FONT size=3>4\u00aa \u00bfQui\u00e9nes eran los hu\u00e9spedes que pasaban all\u00ed aquellos d\u00edas de Navidad? \u00bfCu\u00e1l era la principal actividad de los dos cazadores? \u00bfC\u00f3mo describe el autor a la pareja que ocupaba la habitaci\u00f3n principal, la del balc\u00f3n? \u00bfCu\u00e1l era la actividad principal del funcionario aficionado a la fotograf\u00eda? \u00bfQu\u00e9 dice el narrador sobre el m\u00fasico Z?<o:p><\/o:p><\/FONT><\/SPAN><\/p>\n<p> <P class=MsoNormal style=\"MARGIN: 0cm 0cm 0pt; TEXT-ALIGN: justify\"><SPAN lang=ES style=\"COLOR: black; FONT-FAMILY: 'Comic Sans MS'\"><FONT size=3>5\u00aa \u00bfQu\u00e9 dice el autor sobre los due\u00f1os del Hotel Balneario? \u00bfQu\u00e9 otras personas trabajaban all\u00ed?<o:p><\/o:p><\/FONT><\/SPAN><\/p>\n<p> <P class=MsoNormal style=\"MARGIN: 0cm 0cm 0pt; TEXT-ALIGN: justify\"><SPAN lang=ES style=\"COLOR: black; FONT-FAMILY: 'Comic Sans MS'\"><FONT size=3>6\u00aa \u00bfC\u00f3mo estaba siendo el tiempo atmosf\u00e9rico aquellos d\u00edas previos a <?xml:namespace prefix = st1 ns = \"urn:schemas-microsoft-com:office:smarttags\" \/><st1:PersonName w:st=\"on\" ProductID=\"la Navidad\">la Navidad<\/st1:PersonName>? \u00bfPor qu\u00e9 no se correspond\u00eda con las expectativas de los hu\u00e9spedes?<o:p><\/o:p><\/FONT><\/SPAN><\/p>\n<p> <P class=MsoNormal style=\"MARGIN: 0cm 0cm 0pt; TEXT-ALIGN: justify\"><SPAN lang=ES style=\"COLOR: black; FONT-FAMILY: 'Comic Sans MS'\"><FONT size=3>7\u00aa \u00bfQu\u00e9 era chocante en el comportamiento de la pareja que ocupaba la habitaci\u00f3n principal? \u00bfSe pod\u00eda prever la decisi\u00f3n que tomaron? \u00bfQui\u00e9n<SPAN style=\"mso-spacerun: yes\">  <\/SPAN>se percat\u00f3 primero de la desgracia?<o:p><\/o:p><\/FONT><\/SPAN><\/p>\n<p> <P class=MsoNormal style=\"MARGIN: 0cm 0cm 0pt; TEXT-ALIGN: justify\"><SPAN lang=ES style=\"COLOR: black; FONT-FAMILY: 'Comic Sans MS'\"><FONT size=3>8\u00aa La nevada del d\u00eda de Navidad permiti\u00f3 que se encontraran el m\u00fasico Z y el narrador en la monta\u00f1a. \u00bfPor qu\u00e9 pensaba el m\u00fasico Z que el ser humano, cuando se deja llevar de la pasi\u00f3n, puede llegar incluso a la muerte? \u00bfSe podr\u00eda parangonar la desdicha de la pareja con la desdicha de Europa sumida en <st1:PersonName w:st=\"on\" ProductID=\"la Segunda Guerra\"><st1:PersonName w:st=\"on\" ProductID=\"la Segunda\">la Segunda<\/st1:PersonName> Guerra<\/st1:PersonName> Mundial?<o:p><\/o:p><\/FONT><\/SPAN><\/p>\n<p> <P class=MsoNormal style=\"MARGIN: 0cm 0cm 0pt; TEXT-ALIGN: justify\"><SPAN lang=ES style=\"COLOR: black; FONT-FAMILY: 'Comic Sans MS'\"><FONT size=3>9\u00aa \u00bfPor qu\u00e9 se conoc\u00edan el m\u00fasico Z y el narrador? \u00bfQu\u00e9 le pide Z al narrador? Al siguiente d\u00eda, el m\u00fasico Z tiene que partir hacia las monta\u00f1as y no se despide del narrador. \u00bfQu\u00e9 le entrega el narrador al due\u00f1o de la posada antes de partir un par de d\u00edas m\u00e1s tarde?<o:p><\/o:p><\/FONT><\/SPAN><\/p>\n<p> <P class=MsoNormal style=\"MARGIN: 0cm 0cm 0pt; TEXT-ALIGN: justify\"><SPAN lang=ES style=\"COLOR: black; FONT-FAMILY: 'Comic Sans MS'\"><FONT size=3>10\u00aa Ocho meses despu\u00e9s el narrador se entera de la muerte del m\u00fasico Z por la prensa. \u00bfD\u00f3nde muere? \u00bfQu\u00e9 le llega una semana m\u00e1s tarde al m\u00fasico?<o:p><\/o:p><\/FONT><\/SPAN><\/p>\n<p> <P class=MsoNormal style=\"MARGIN: 0cm 0cm 0pt; TEXT-ALIGN: justify\"><SPAN lang=ES style=\"COLOR: black; FONT-FAMILY: 'Comic Sans MS'\"><o:p><FONT size=3> <\/FONT><\/o:p><\/SPAN><\/p>\n<p> <P class=MsoNormal style=\"MARGIN: 0cm 0cm 0pt; TEXT-ALIGN: justify\"><SPAN lang=ES style=\"COLOR: black; FONT-FAMILY: 'Comic Sans MS'\"><FONT size=3>Preguntas de la segunda parte:<o:p><\/o:p><\/FONT><\/SPAN><\/p>\n<p> <P class=MsoNormal style=\"MARGIN: 0cm 0cm 0pt; TEXT-ALIGN: justify\"><SPAN lang=ES style=\"COLOR: black; FONT-FAMILY: 'Comic Sans MS'\"><o:p><FONT size=3> <\/FONT><\/o:p><\/SPAN><\/p>\n<p> <P class=MsoNormal style=\"MARGIN: 0cm 0cm 0pt; TEXT-ALIGN: justify\"><SPAN lang=ES style=\"COLOR: black; FONT-FAMILY: 'Comic Sans MS'\"><FONT size=3>1\u00aa El d\u00eda que cae Varsovia bajo el poder ruso, sale el m\u00fasico Z de Budapest, cruza el Danubio en el tren r\u00e1pido a Roma con direcci\u00f3n a Florencia. \u00bfQui\u00e9n le hab\u00eda aconsejado el viaje y por qu\u00e9?<o:p><\/o:p><\/FONT><\/SPAN><\/p>\n<p> <P class=MsoNormal style=\"MARGIN: 0cm 0cm 0pt; TEXT-ALIGN: justify\"><SPAN lang=ES style=\"COLOR: black; FONT-FAMILY: 'Comic Sans MS'\"><FONT size=3>2\u00aa Durante el viaje reflexiona sobre su relaci\u00f3n<SPAN style=\"mso-spacerun: yes\">  <\/SPAN>afectiva con la dama. \u00bfQu\u00e9 tipo de relaci\u00f3n hab\u00eda mantenido con ella? <o:p><\/o:p><\/FONT><\/SPAN><\/p>\n<p> <P class=MsoNormal style=\"MARGIN: 0cm 0cm 0pt; TEXT-ALIGN: justify\"><SPAN lang=ES style=\"COLOR: black; FONT-FAMILY: 'Comic Sans MS'\"><FONT size=3>3\u00aa \u00bfC\u00f3mo se encuentra de salud el d\u00eda del concierto? \u00bfC\u00f3mo se prepara para dar el concierto? \u00bfQu\u00e9 sucede la noche posterior al concierto?<o:p><\/o:p><\/FONT><\/SPAN><\/p>\n<p> <P class=MsoNormal style=\"MARGIN: 0cm 0cm 0pt; TEXT-ALIGN: justify\"><SPAN lang=ES style=\"COLOR: black; FONT-FAMILY: 'Comic Sans MS'\"><FONT size=3>4\u00aa \u00bfQu\u00e9 secuelas f\u00edsicas y psicol\u00f3gicas producir\u00e1 la enfermedad en el m\u00fasico Z.?<o:p><\/o:p><\/FONT><\/SPAN><\/p>\n<p> <P class=MsoNormal style=\"MARGIN: 0cm 0cm 0pt; TEXT-ALIGN: justify\"><SPAN lang=ES style=\"COLOR: black; FONT-FAMILY: 'Comic Sans MS'\"><FONT size=3>5\u00aa \u00bfCu\u00e1l ser\u00e1 el tratamiento y qu\u00e9 tipo de adicci\u00f3n va a crear en \u00e9l?<o:p><\/o:p><\/FONT><\/SPAN><\/p>\n<p> <P class=MsoNormal style=\"MARGIN: 0cm 0cm 0pt; TEXT-ALIGN: justify\"><SPAN lang=ES style=\"COLOR: black; FONT-FAMILY: 'Comic Sans MS'\"><FONT size=3>6\u00aa \u00bfQu\u00e9 profesionales le atender\u00e1n? \u00bfY las enfermeras qu\u00e9 nombres ten\u00edan y c\u00f3mo eran?<o:p><\/o:p><\/FONT><\/SPAN><\/p>\n<p> <P class=MsoNormal style=\"MARGIN: 0cm 0cm 0pt; TEXT-ALIGN: justify\"><SPAN lang=ES style=\"COLOR: black; FONT-FAMILY: 'Comic Sans MS'\"><FONT size=3>7\u00aa \u00bfQui\u00e9n tendr\u00e1 mucho que ver con la recuperaci\u00f3n del m\u00fasico Z? \u00bfLlegar\u00e1 el m\u00fasico a saber realmente qui\u00e9n le ha ayudado? \u00bfQui\u00e9n se imagina \u00e9l que ha sido?<o:p><\/o:p><\/FONT><\/SPAN><\/p>\n<p> <P class=MsoNormal style=\"MARGIN: 0cm 0cm 0pt; TEXT-ALIGN: justify\"><SPAN lang=ES style=\"COLOR: black; FONT-FAMILY: 'Comic Sans MS'\"><FONT size=3>8\u00aa \u00bfQu\u00e9 le aconseja el m\u00e9dico sobre la dama? \u00bfPor qu\u00e9?<o:p><\/o:p><\/FONT><\/SPAN><\/p>\n<p> <P class=MsoNormal style=\"MARGIN: 0cm 0cm 0pt; TEXT-ALIGN: justify\"><SPAN lang=ES style=\"COLOR: black; FONT-FAMILY: 'Comic Sans MS'\"><FONT size=3>9\u00aa \u00bfQu\u00e9 sucede la noche previa a su salida del hospital? \u00bfQui\u00e9n le suministr\u00f3 la morfina?<o:p><\/o:p><\/FONT><\/SPAN><\/p>\n<p> <P class=MsoNormal style=\"MARGIN: 0cm 0cm 0pt; TEXT-ALIGN: justify\"><SPAN lang=ES style=\"COLOR: black; FONT-FAMILY: 'Comic Sans MS'\"><FONT size=3>10\u00aa \u00bfQu\u00e9 supuso la recuperaci\u00f3n f\u00edsica del enfermo? \u00bfQu\u00e9 nueva decisi\u00f3n tom\u00f3? \u00bfQu\u00e9 paso con Cherubina?<o:p><\/o:p><\/FONT><\/SPAN><\/p>\n<!-- AddThis Advanced Settings generic via filter on the_content --><!-- AddThis Share Buttons generic via filter on the_content -->","protected":false},"excerpt":{"rendered":"<p>Preguntas de la primera parte: 1\u00aa \u00bfHay alg\u00fan dato para situar el momento hist\u00f3rico en el que se desarrolla esta novela? 2\u00aa \u00bfEn qu\u00e9 lugar se puede determinar la situaci\u00f3n geogr\u00e1fica del Hotel Balneario en el que tiene lugar la primera parte del libro? 3\u00aa \u00bfCu\u00e1l ser\u00eda la descripci\u00f3n de las principales estancias en aquel [&hellip;]<!-- AddThis Advanced Settings generic via filter on get_the_excerpt --><!-- AddThis Share Buttons generic via filter on get_the_excerpt --><\/p>\n","protected":false},"author":39,"featured_media":0,"comment_status":"open","ping_status":"closed","sticky":false,"template":"","format":"standard","meta":[],"categories":[2],"tags":[10,24,26,34],"_links":{"self":[{"href":"https:\/\/blogs.elnortedecastilla.es\/CampoGrande\/wp-json\/wp\/v2\/posts\/40"}],"collection":[{"href":"https:\/\/blogs.elnortedecastilla.es\/CampoGrande\/wp-json\/wp\/v2\/posts"}],"about":[{"href":"https:\/\/blogs.elnortedecastilla.es\/CampoGrande\/wp-json\/wp\/v2\/types\/post"}],"author":[{"embeddable":true,"href":"https:\/\/blogs.elnortedecastilla.es\/CampoGrande\/wp-json\/wp\/v2\/users\/39"}],"replies":[{"embeddable":true,"href":"https:\/\/blogs.elnortedecastilla.es\/CampoGrande\/wp-json\/wp\/v2\/comments?post=40"}],"version-history":[{"count":0,"href":"https:\/\/blogs.elnortedecastilla.es\/CampoGrande\/wp-json\/wp\/v2\/posts\/40\/revisions"}],"wp:attachment":[{"href":"https:\/\/blogs.elnortedecastilla.es\/CampoGrande\/wp-json\/wp\/v2\/media?parent=40"}],"wp:term":[{"taxonomy":"category","embeddable":true,"href":"https:\/\/blogs.elnortedecastilla.es\/CampoGrande\/wp-json\/wp\/v2\/categories?post=40"},{"taxonomy":"post_tag","embeddable":true,"href":"https:\/\/blogs.elnortedecastilla.es\/CampoGrande\/wp-json\/wp\/v2\/tags?post=40"}],"curies":[{"name":"wp","href":"https:\/\/api.w.org\/{rel}","templated":true}]}}