{"id":41,"date":"2008-03-23T23:54:55","date_gmt":"2008-03-23T23:54:55","guid":{"rendered":"http:\/\/blogs.elnortedecastilla.es\/CampoGrande\/?p=41"},"modified":"2008-03-23T23:54:55","modified_gmt":"2008-03-23T23:54:55","slug":"el-aprendiz-cabalista-cesar-vidal","status":"publish","type":"post","link":"https:\/\/blogs.elnortedecastilla.es\/CampoGrande\/2008\/03\/23\/el-aprendiz-cabalista-cesar-vidal\/","title":{"rendered":"El aprendiz de cabalista, de C\u00e9sar Vidal"},"content":{"rendered":"<p><IMG class=imgizqda id=img_0 src=\"\/CampoGrande\/wp-content\/uploads\/sites\/27\"> <P class=MsoNormal style=\"MARGIN: 0cm 0cm 0pt\"><B style=\"mso-bidi-font-weight: normal\"><I style=\"mso-bidi-font-style: normal\"><SPAN style=\"FONT-SIZE: 14pt\"><FONT face=\"Times New Roman\">El aprendiz de cabalista<?xml:namespace prefix = o ns = \"urn:schemas-microsoft-com:office:office\" \/><o:p><\/o:p><\/FONT><\/SPAN><\/I><\/B><\/p>\n<p> <P class=MsoNormal style=\"MARGIN: 0cm 0cm 0pt\"><FONT face=\"Times New Roman\" size=3>C\u00e9sar Vidal<\/FONT><\/p>\n<p> <P class=MsoNormal style=\"MARGIN: 0cm 0cm 0pt\"><FONT face=\"Times New Roman\" size=3>Punto de lectura, Madrid, 2006<\/FONT><\/p>\n<p> <P class=MsoNormal style=\"MARGIN: 0cm 0cm 0pt\"><o:p><FONT face=\"Times New Roman\" size=3> <\/FONT><\/o:p><\/p>\n<p> <P class=MsoNormal style=\"MARGIN: 0cm 0cm 0pt; TEXT-INDENT: 35.45pt; TEXT-ALIGN: justify\"><FONT face=\"Times New Roman\" size=3>Con el apresamiento del rab\u00ed Hayim Cordovero, jud\u00edo ya anciano y personaje central, C\u00e9sar Vidal comienza esta novela hist\u00f3rica. Hayim, enseguida, dar\u00e1 rienda suelta a sus recuerdos y permitir\u00e1 al lector comprender que durante su infancia se produjo la expulsi\u00f3n de los jud\u00edos por orden de los Reyes Cat\u00f3licos. Con la conquista del reino de Granada y la expulsi\u00f3n de los jud\u00edos, los Reyes Cat\u00f3licos creyeron cerrar las divisiones de los distintos reinos de la pen\u00ednsula Ib\u00e9rica. Todos los espa\u00f1oles ser\u00edan iguales en cuanto a derechos y obligaciones, y tambi\u00e9n en cuanto credo religioso y raza. Un pueblo unido dispuesto a extenderse en toda Hispanoam\u00e9rica (desde Florida a la Punta de Fuego) y a consolidar su influencias en el viejo continente mediante la uni\u00f3n del hijo de Juana la loca y Felipe de Habsburgo, Carlos, con Isabel de Portugal.<\/FONT><\/p>\n<p> <P class=MsoNormal style=\"MARGIN: 0cm 0cm 0pt; TEXT-INDENT: 35.45pt; TEXT-ALIGN: justify\"><FONT face=\"Times New Roman\" size=3>El rab\u00ed Hayim Cordovero se pregunta porqu\u00e9 el rey Carlos I le ha hecho apresar. Y mientras espera la llegada del monarca ofrece al lector un repaso del momento hist\u00f3rico de Espa\u00f1a y de sus circunstancias personales. Tras la expulsi\u00f3n, el rab\u00ed, ni\u00f1o a\u00fan, se marcha a Par\u00eds y all\u00ed conoce a otra rab\u00ed que le ense\u00f1ar\u00e1 toda la ciencia necesaria para interpretar las Sagradas Escrituras y posteriormente el modo de utilizar el poder de la C\u00e1bala Jud\u00eda, en el m\u00e1s estricto de los secretos.<\/FONT><\/p>\n<p> <P class=MsoNormal style=\"MARGIN: 0cm 0cm 0pt; TEXT-INDENT: 35.45pt; TEXT-ALIGN: justify\"><FONT size=3><FONT face=\"Times New Roman\"><SPAN style=\"mso-spacerun: yes\"> <\/SPAN>Llega el monarca y el rab\u00ed Hayim Cordovero es interrogado. Carlos I desea saber si el rab\u00ed querr\u00eda, con el poder de la C\u00e1bala, ayudar a los tercios espa\u00f1oles que peleaban en Pav\u00eda, en 1521. Cuenta la historia que los espa\u00f1oles llevaban las de perder e inesperadamente, no s\u00f3lo ganaron la batalla, si no que adem\u00e1s hicieron prisionero al propio rey franc\u00e9s.<\/FONT><\/FONT><\/p>\n<p> <P class=MsoNormal style=\"MARGIN: 0cm 0cm 0pt; TEXT-INDENT: 35.45pt; TEXT-ALIGN: justify\"><FONT face=\"Times New Roman\" size=3>Contra todo pron\u00f3stico, el jud\u00edo pronostica la victoria sobre el rey franc\u00e9s, ya que fue Francia uno de los pa\u00edses que acogieron a los jud\u00edos expulsados por orden de los Reyes de Espa\u00f1a. \u00bfPor qu\u00e9 acepta ayudar al nieto de los Reyes Cat\u00f3licos, que expulsaron a el pueblo jud\u00edo de Separad, que as\u00ed denominaban a Espa\u00f1a? \u00bfPor qu\u00e9 en contra del rey franc\u00e9s? <\/FONT><\/p>\n<p> <P class=MsoNormal style=\"MARGIN: 0cm 0cm 0pt; TEXT-INDENT: 35.45pt; TEXT-ALIGN: justify\"><FONT face=\"Times New Roman\" size=3>Ahora que ya es anciano, que ya ha enterrado a su bella esposa, \u00bfqu\u00e9 sentido tiene que se dedique a granjearse la amistad de Carlos I?<\/FONT><\/p>\n<p> <P class=MsoNormal style=\"MARGIN: 0cm 0cm 0pt; TEXT-INDENT: 35.45pt; TEXT-ALIGN: justify\"><FONT face=\"Times New Roman\" size=3>Al rab\u00ed Hayim Cordovero tambi\u00e9n le persiguen sus fantasmas personales: su sentido de culpabilidad por haber utilizado el poder de la C\u00e1bala en beneficio propio. Las consecuencias de su conducta inapropiada, incorrecta, es lo que decidi\u00f3 el destino de su pueblo. Como Cristo con los brazos en la cruz, transido de dolor, se propone redimir a su pueblo \u00bflo conseguir\u00e1?<\/FONT><\/p>\n<p> <P class=MsoNormal style=\"MARGIN: 0cm 0cm 0pt; TEXT-INDENT: 35.45pt; TEXT-ALIGN: justify\"><FONT face=\"Times New Roman\" size=3>Novela hist\u00f3rica y tambi\u00e9n, en cierto modo, polic\u00edaca pues hasta el \u00faltimo momento no acierta el lector a entender las motivaciones de los hechos hist\u00f3ricos que aqu\u00ed se representan.<\/FONT><\/p>\n<!-- AddThis Advanced Settings generic via filter on the_content --><!-- AddThis Share Buttons generic via filter on the_content -->","protected":false},"excerpt":{"rendered":"<p>El aprendiz de cabalista C\u00e9sar Vidal Punto de lectura, Madrid, 2006 Con el apresamiento del rab\u00ed Hayim Cordovero, jud\u00edo ya anciano y personaje central, C\u00e9sar Vidal comienza esta novela hist\u00f3rica. Hayim, enseguida, dar\u00e1 rienda suelta a sus recuerdos y permitir\u00e1 al lector comprender que durante su infancia se produjo la expulsi\u00f3n de los jud\u00edos por [&hellip;]<!-- AddThis Advanced Settings generic via filter on get_the_excerpt --><!-- AddThis Share Buttons generic via filter on get_the_excerpt --><\/p>\n","protected":false},"author":39,"featured_media":0,"comment_status":"open","ping_status":"closed","sticky":false,"template":"","format":"standard","meta":[],"categories":[2],"tags":[10,22,23,24,26,34,48],"_links":{"self":[{"href":"https:\/\/blogs.elnortedecastilla.es\/CampoGrande\/wp-json\/wp\/v2\/posts\/41"}],"collection":[{"href":"https:\/\/blogs.elnortedecastilla.es\/CampoGrande\/wp-json\/wp\/v2\/posts"}],"about":[{"href":"https:\/\/blogs.elnortedecastilla.es\/CampoGrande\/wp-json\/wp\/v2\/types\/post"}],"author":[{"embeddable":true,"href":"https:\/\/blogs.elnortedecastilla.es\/CampoGrande\/wp-json\/wp\/v2\/users\/39"}],"replies":[{"embeddable":true,"href":"https:\/\/blogs.elnortedecastilla.es\/CampoGrande\/wp-json\/wp\/v2\/comments?post=41"}],"version-history":[{"count":0,"href":"https:\/\/blogs.elnortedecastilla.es\/CampoGrande\/wp-json\/wp\/v2\/posts\/41\/revisions"}],"wp:attachment":[{"href":"https:\/\/blogs.elnortedecastilla.es\/CampoGrande\/wp-json\/wp\/v2\/media?parent=41"}],"wp:term":[{"taxonomy":"category","embeddable":true,"href":"https:\/\/blogs.elnortedecastilla.es\/CampoGrande\/wp-json\/wp\/v2\/categories?post=41"},{"taxonomy":"post_tag","embeddable":true,"href":"https:\/\/blogs.elnortedecastilla.es\/CampoGrande\/wp-json\/wp\/v2\/tags?post=41"}],"curies":[{"name":"wp","href":"https:\/\/api.w.org\/{rel}","templated":true}]}}