{"id":45,"date":"2008-04-15T23:53:06","date_gmt":"2008-04-15T23:53:06","guid":{"rendered":"http:\/\/blogs.elnortedecastilla.es\/CampoGrande\/?p=45"},"modified":"2008-04-15T23:53:06","modified_gmt":"2008-04-15T23:53:06","slug":"la-comunera-castilla-maria-teresa-alvarez","status":"publish","type":"post","link":"https:\/\/blogs.elnortedecastilla.es\/CampoGrande\/2008\/04\/15\/la-comunera-castilla-maria-teresa-alvarez\/","title":{"rendered":"La comunera de Castilla, de Mar\u00eda Teresa \u00c1lvarez"},"content":{"rendered":"<p><IMG class=imgizqda id=img_0 src=\"\/CampoGrande\/wp-content\/uploads\/sites\/27\"><\/p>\n<p> <P class=MsoNormal style=\"MARGIN: 0cm 0cm 0pt; mso-line-height-alt: 10.5pt\"><B style=\"mso-bidi-font-weight: normal\"><I style=\"mso-bidi-font-style: normal\"><SPAN style=\"FONT-SIZE: 14pt; COLOR: black\"><FONT face=\"Times New Roman\">La comunera de Castilla<?xml:namespace prefix = o ns = \"urn:schemas-microsoft-com:office:office\" \/><o:p><\/o:p><\/FONT><\/SPAN><\/I><\/B><\/p>\n<p> <P class=MsoNormal style=\"MARGIN: 0cm 0cm 0pt; mso-line-height-alt: 10.5pt\"><SPAN style=\"COLOR: black\"><FONT size=3><FONT face=\"Times New Roman\">M\u00aa Teresa \u00c1lvarez<o:p><\/o:p><\/FONT><\/FONT><\/SPAN><\/p>\n<p> <P class=MsoNormal style=\"MARGIN: 0cm 0cm 0pt; mso-line-height-alt: 10.5pt\"><SPAN style=\"COLOR: black\"><FONT size=3><FONT face=\"Times New Roman\">La esfera de los libros<o:p><\/o:p><\/FONT><\/FONT><\/SPAN><\/p>\n<p> <P class=MsoNormal style=\"MARGIN: 0cm 0cm 0pt; mso-line-height-alt: 10.5pt\"><SPAN style=\"COLOR: black\"><FONT size=3><FONT face=\"Times New Roman\">Madrid, 2007, 375 p\u00e1gs.<\/FONT><\/FONT><\/SPAN><SPAN style=\"COLOR: black\"><o:p><FONT face=\"Times New Roman\" size=3> <\/FONT><\/o:p><\/SPAN><\/p>\n<p> <P class=MsoNormal style=\"MARGIN: 0cm 0cm 0pt; TEXT-INDENT: 35.45pt; TEXT-ALIGN: justify; mso-line-height-alt: 10.5pt\"><SPAN style=\"COLOR: black\"><FONT size=3><FONT face=\"Times New Roman\">El movimiento comunero de Castilla fue un intento de controlar el poder de decisi\u00f3n de la monarqu\u00eda. En 1521, en Castilla \u2013que era la forma de designar a todos los reinos unidos por los Reyes Cat\u00f3licos-, reinaba su nieto Carlos I de Espa\u00f1a y V de Alemania.<o:p><\/o:p><\/FONT><\/FONT><\/SPAN><\/p>\n<p> <P class=MsoNormal style=\"MARGIN: 0cm 0cm 0pt; TEXT-INDENT: 35.45pt; TEXT-ALIGN: justify; mso-line-height-alt: 10.5pt\"><SPAN style=\"COLOR: black\"><o:p><FONT face=\"Times New Roman\" size=3> <\/FONT><\/o:p><\/SPAN><SPAN style=\"COLOR: black\"><FONT size=3><FONT face=\"Times New Roman\">Carlos \u2013hijo de Juana la loca y Felipe de Habsburgo- hab\u00eda nacido en Gante y su lengua materna era el flamenco. A\u00fan ni\u00f1o, a los 15 a\u00f1os (en 1515) hered\u00f3 la corona de Espa\u00f1a y fue y tra\u00eddo a Castilla para ocupar el trono tras la muerte repentina de su padre. Durante los 7 a\u00f1os siguientes tuvo que gobernar un basto imperio que ocupaba gran parte de Europa y Am\u00e9rica. S\u00f3lo tenemos que pensar en las responsabilidades que un joven -entre los 15 y los 22 a\u00f1os- suele asumir para imaginarnos lo que le toc\u00f3 vivir a este monarca.<o:p><\/o:p><\/FONT><\/FONT><\/SPAN><\/p>\n<p> <P class=MsoNormal style=\"MARGIN: 0cm 0cm 0pt; TEXT-INDENT: 35.45pt; TEXT-ALIGN: justify; mso-line-height-alt: 10.5pt\"><SPAN style=\"COLOR: black\"><o:p><FONT face=\"Times New Roman\" size=3> <\/FONT><\/o:p><\/SPAN><SPAN style=\"COLOR: black\"><FONT size=3><FONT face=\"Times New Roman\">Quien haya tenido la fortuna de visitar Brujas, Gante o Bruselas comprender\u00e1 f\u00e1cilmente el esplendor en el que los Pa\u00edses Bajos viv\u00edan. La industria textil que tej\u00eda toda la lana producida en Europa, el comercio floreciente y una banca poderosa eran sus pilares. Carlos sab\u00eda que reinar en los Pa\u00edses Bajos aseguraba su hegemon\u00eda en toda Europa. Pero los Pa\u00edses Bajos buscaban sacudirse el dominio del monarca. Quer\u00edan independizarse conscientes de unos recursos suficientes para convertirse en peque\u00f1as rep\u00fablicas o ciudades estado. Carlos tuvo que luchar contra esos delirios de independencia e invertir muchos recursos (impuestos que gravaban la econom\u00eda de Castilla) en mantener la situaci\u00f3n.<o:p><\/o:p><\/FONT><\/FONT><\/SPAN><\/p>\n<p> <P class=MsoNormal style=\"MARGIN: 0cm 0cm 0pt; TEXT-INDENT: 35.45pt; TEXT-ALIGN: justify; mso-line-height-alt: 10.5pt\"><SPAN style=\"COLOR: black\"><o:p><FONT face=\"Times New Roman\" size=3> <\/FONT><\/o:p><\/SPAN><SPAN style=\"COLOR: black\"><FONT size=3><FONT face=\"Times New Roman\">Para gobernar el imperio a tan temprana edad necesit\u00f3 apoyarse en hombres preparados. Pero, como a muchos de nosotros nos sucede, tambi\u00e9n para \u00e9l, el lenguaje fue una barrera en la comunicaci\u00f3n: m\u00e1s, en cuestiones de estado. Por eso, el joven Carlos se trajo a gente que hablaba su lengua materna, el flamenco. Poco a poco fue aprendiendo el castellano y esto le facilit\u00f3 la comunicaci\u00f3n con los nobles castellanos.<o:p><\/o:p><\/FONT><\/FONT><\/SPAN><\/p>\n<p> <P class=MsoNormal style=\"MARGIN: 0cm 0cm 0pt; TEXT-INDENT: 35.45pt; TEXT-ALIGN: justify; mso-line-height-alt: 10.5pt\"><SPAN style=\"COLOR: black\"><FONT size=3><FONT face=\"Times New Roman\">Mientras tanto, los nobles castellanos, que tal vez nunca llegaron a comprender el peso que supon\u00eda la posesi\u00f3n de los Pa\u00edses Bajos, se quejaban de incomprensi\u00f3n y desconfianza por parte del joven monarca. El descontento y la decepci\u00f3n ante la imposibilidad de comunicaci\u00f3n directa llevaron, a algunos nobles <SPAN style=\"mso-spacerun: yes\"> <\/SPAN>y burgueses poderosos \u2013representantes del comercio de la lana y de la banca-, a buscar el apoyo de Juana, la reina madre recluida en Tordesillas.<o:p><\/o:p><\/FONT><\/FONT><\/SPAN><\/p>\n<p> <P class=MsoNormal style=\"MARGIN: 0cm 0cm 0pt; TEXT-INDENT: 35.45pt; TEXT-ALIGN: justify; mso-line-height-alt: 10.5pt\"><SPAN style=\"COLOR: black\"><o:p><FONT face=\"Times New Roman\" size=3> <\/FONT><\/o:p><\/SPAN><SPAN style=\"COLOR: black\"><FONT size=3><FONT face=\"Times New Roman\">Intentaban sacudirse algunos impuestos, intentaban forzar al emperador a admitir que tambi\u00e9n las ciudades castellanas quer\u00edan tomar decisiones en los asuntos que las afectaban directamente. Pretend\u00edan que el rey nombrase, como hombres de confianza, a algunos castellanos defensores de los intereses de Castilla.<o:p><\/o:p><\/FONT><\/FONT><\/SPAN><\/p>\n<p> <P class=MsoNormal style=\"MARGIN: 0cm 0cm 0pt; TEXT-INDENT: 35.45pt; TEXT-ALIGN: justify; mso-line-height-alt: 10.5pt\"><SPAN style=\"COLOR: black\"><o:p><FONT face=\"Times New Roman\" size=3> <\/FONT><\/o:p><\/SPAN><SPAN style=\"COLOR: black\"><FONT size=3><FONT face=\"Times New Roman\">Como no lograron que el emperador Carlos les recibiese, se tomaron la justicia por su mano y convocaron a las ciudades a \u201cLa Comunidad\u201d. Se reunieron representantes de varias ciudades (La Coru\u00f1a, Burgos, Toledo, Guadalajara, \u00c1lava, Santander, Murcia, Madrid\u2026) Viendo el mapa de las ciudades implicadas en \u201cLa Comunidad\u201d se comprende mejor la extensi\u00f3n del concepto \u201cCastilla\u201d a toda la pen\u00ednsula, salvo Portugal. Tomaron parte en \u201cLa Comunidad\u201d representantes de todos los estamentos sociales: nobleza, burgues\u00eda, banca, Iglesia, pueblo, jud\u00edos, moros y cristianos.<o:p><\/o:p><\/FONT><\/FONT><\/SPAN><\/p>\n<p> <P class=MsoNormal style=\"MARGIN: 0cm 0cm 0pt; TEXT-INDENT: 35.45pt; TEXT-ALIGN: justify; mso-line-height-alt: 10.5pt\"><SPAN style=\"COLOR: black\"><o:p><FONT face=\"Times New Roman\" size=3> <\/FONT><\/o:p><\/SPAN><SPAN style=\"COLOR: black\"><FONT size=3><FONT face=\"Times New Roman\">No fue posible porque las leyes no sab\u00edan del poder de la democracia. Y los revolucionarios fueron ajusticiados. S\u00f3lo tres: Juan Padilla, regidor de Toledo, Juan Bravo, de Segovia y Francisco Maldonado, primo de Pedro Maldonado. En realidad el condenado fue Pedro, aunque el ajusticiado fuera su primo Francisco.<o:p><\/o:p><\/FONT><\/FONT><\/SPAN><\/p>\n<p> <P class=MsoNormal style=\"MARGIN: 0cm 0cm 0pt; TEXT-INDENT: 35.45pt; TEXT-ALIGN: justify; mso-line-height-alt: 10.5pt\"><SPAN style=\"COLOR: black\"><o:p><FONT face=\"Times New Roman\" size=3> <\/FONT><\/o:p><\/SPAN><SPAN style=\"COLOR: black\"><FONT size=3><FONT face=\"Times New Roman\">Los intereses eran tan dispares que result\u00f3 relativamente f\u00e1cil, a los hombres del Emperador, conseguir enfrentarlos. Poco a poco fueron abandonando \u201cLa Comunidad\u201d los personajes m\u00e1s notorios o cambio del perd\u00f3n o de alguna prebenda. El \u00faltimo y el m\u00e1s valioso como l\u00edder, Juan Padilla \u2013toledano-, resisti\u00f3 hasta el final en el castillo de Torrelobat\u00f3n (aquel que sirvi\u00f3 de escenario en la pel\u00edcula <SPAN style=\"mso-spacerun: yes\"> <\/SPAN>de Charlton Heston titulada <SPAN style=\"mso-spacerun: yes\"> <\/SPAN><I style=\"mso-bidi-font-style: normal\">El Cid<\/I>). Sin recursos, los \u00faltimos castellanos comuneros intentaron llegar a Toro, y fue en la campa de Villalar donde sucumbieron ante el ej\u00e9rcito del Emperador Carlos I.<o:p><\/o:p><\/FONT><\/FONT><\/SPAN><\/p>\n<p> <P class=MsoNormal style=\"MARGIN: 0cm 0cm 0pt; TEXT-INDENT: 35.45pt; TEXT-ALIGN: justify; mso-line-height-alt: 10.5pt\"><SPAN style=\"COLOR: black\"><o:p><FONT face=\"Times New Roman\" size=3> <\/FONT><\/o:p><\/SPAN><SPAN style=\"COLOR: black\"><FONT size=3><FONT face=\"Times New Roman\">Una tragedia para el Reino de Castilla, pues perdi\u00f3 all\u00ed a los m\u00e1s nobles defensores de sus intereses. Una tragedia a le que sin duda contribuy\u00f3 la falta de di\u00e1logo y el terrible impedimento de la barrera ling\u00fc\u00edstica.<o:p><\/o:p><\/FONT><\/FONT><\/SPAN><\/p>\n<p> <P class=MsoNormal style=\"MARGIN: 0cm 0cm 0pt; TEXT-INDENT: 35.45pt; TEXT-ALIGN: justify; mso-line-height-alt: 10.5pt\"><SPAN style=\"COLOR: black\"><o:p><FONT face=\"Times New Roman\" size=3> <\/FONT><\/o:p><\/SPAN><SPAN style=\"COLOR: black\"><FONT size=3><FONT face=\"Times New Roman\">Mar\u00eda Teresa \u00c1lvarez nos cuenta esta tragedia desde el punto de vista de Mar\u00eda Pacheco, hija del segundo conde de Tendilla y primer marqu\u00e9s de Mond\u00e9jar. Era tambi\u00e9n la esposa de Juan Padilla y nunca obtuvo perd\u00f3n del Emperador porque nunca renunci\u00f3<SPAN style=\"mso-spacerun: yes\">  <\/SPAN>a las ideas del movimiento comunero. Muri\u00f3 en Oporto, Portugal.<o:p><\/o:p><\/FONT><\/FONT><\/SPAN><\/p>\n<!-- AddThis Advanced Settings generic via filter on the_content --><!-- AddThis Share Buttons generic via filter on the_content -->","protected":false},"excerpt":{"rendered":"<p>La comunera de Castilla M\u00aa Teresa \u00c1lvarez La esfera de los libros Madrid, 2007, 375 p\u00e1gs. El movimiento comunero de Castilla fue un intento de controlar el poder de decisi\u00f3n de la monarqu\u00eda. En 1521, en Castilla \u2013que era la forma de designar a todos los reinos unidos por los Reyes Cat\u00f3licos-, reinaba su nieto [&hellip;]<!-- AddThis Advanced Settings generic via filter on get_the_excerpt --><!-- AddThis Share Buttons generic via filter on get_the_excerpt --><\/p>\n","protected":false},"author":39,"featured_media":0,"comment_status":"open","ping_status":"closed","sticky":false,"template":"","format":"standard","meta":[],"categories":[2],"tags":[10,23,24,26,28,34,36,46],"_links":{"self":[{"href":"https:\/\/blogs.elnortedecastilla.es\/CampoGrande\/wp-json\/wp\/v2\/posts\/45"}],"collection":[{"href":"https:\/\/blogs.elnortedecastilla.es\/CampoGrande\/wp-json\/wp\/v2\/posts"}],"about":[{"href":"https:\/\/blogs.elnortedecastilla.es\/CampoGrande\/wp-json\/wp\/v2\/types\/post"}],"author":[{"embeddable":true,"href":"https:\/\/blogs.elnortedecastilla.es\/CampoGrande\/wp-json\/wp\/v2\/users\/39"}],"replies":[{"embeddable":true,"href":"https:\/\/blogs.elnortedecastilla.es\/CampoGrande\/wp-json\/wp\/v2\/comments?post=45"}],"version-history":[{"count":0,"href":"https:\/\/blogs.elnortedecastilla.es\/CampoGrande\/wp-json\/wp\/v2\/posts\/45\/revisions"}],"wp:attachment":[{"href":"https:\/\/blogs.elnortedecastilla.es\/CampoGrande\/wp-json\/wp\/v2\/media?parent=45"}],"wp:term":[{"taxonomy":"category","embeddable":true,"href":"https:\/\/blogs.elnortedecastilla.es\/CampoGrande\/wp-json\/wp\/v2\/categories?post=45"},{"taxonomy":"post_tag","embeddable":true,"href":"https:\/\/blogs.elnortedecastilla.es\/CampoGrande\/wp-json\/wp\/v2\/tags?post=45"}],"curies":[{"name":"wp","href":"https:\/\/api.w.org\/{rel}","templated":true}]}}