{"id":46,"date":"2008-04-13T18:33:03","date_gmt":"2008-04-13T18:33:03","guid":{"rendered":"http:\/\/blogs.elnortedecastilla.es\/CampoGrande\/?p=46"},"modified":"2008-04-13T18:33:03","modified_gmt":"2008-04-13T18:33:03","slug":"la-comunera-castilla-ma-teresa-alvarez","status":"publish","type":"post","link":"https:\/\/blogs.elnortedecastilla.es\/CampoGrande\/2008\/04\/13\/la-comunera-castilla-ma-teresa-alvarez\/","title":{"rendered":"La comunera de Castilla, de M\u00aa Teresa \u00c1lvarez"},"content":{"rendered":"<p><IMG class=imgizqda id=img_0 src=\"\/CampoGrande\/wp-content\/uploads\/sites\/27\"> <P class=MsoNormal style=\"MARGIN: 0cm 0cm 0pt; TEXT-INDENT: 35.45pt; LINE-HEIGHT: 10.5pt; TEXT-ALIGN: justify\"><SPAN style=\"FONT-SIZE: 8.5pt; COLOR: black; FONT-FAMILY: Verdana\">Mar\u00eda Teresa \u00c1lvarez naci\u00f3 en Cand\u00e1s (Asturias) el 27 de octubre de 1945. Licenciada en Ciencias de la Informaci\u00f3n, fue la primera mujer cronista deportiva en la radio asturiana y la primera presentadora del programa regional de TVE en Asturias.<\/SPAN><SPAN style=\"FONT-SIZE: 8.5pt; COLOR: black; FONT-FAMILY: Verdana\"><?xml:namespace prefix = o ns = \"urn:schemas-microsoft-com:office:office\" \/><o:p> <\/o:p><\/SPAN><\/p>\n<p> <P class=MsoNormal style=\"MARGIN: 0cm 0cm 0pt; TEXT-INDENT: 35.45pt; LINE-HEIGHT: 10.5pt; TEXT-ALIGN: justify\"><SPAN style=\"FONT-SIZE: 8.5pt; COLOR: black; FONT-FAMILY: Verdana\">En 1987 se traslad\u00f3 a Madrid para conducir la Subdirecci\u00f3n de Cultura y Sociedad de los telediarios de TVE. Un a\u00f1o m\u00e1s tarde dej\u00f3 la informaci\u00f3n diaria para realizar documentales hist\u00f3rico-divulgativos. En esta l\u00ednea ha dirigido: &#8220;Viaje en el tiempo&#8221;, dedicado a desvelar los enigmas e inc\u00f3gnitas sobre Crist\u00f3bal Col\u00f3n; &#8220;La peque\u00f1a espa\u00f1ola&#8221;, &#8220;Viena 1791-1991&#8221;, que recreaba la vinculaci\u00f3n de Mozart con Espa\u00f1a; &#8220;Sefarad, la tierra m\u00e1s bella&#8221;, sobre el pasado y el presente de los jud\u00edos sefarditas; y &#8220;Mujeres en la Historia&#8221;, un tema que siempre le ha interesado y sobre el que, adem\u00e1s de escribir, da cursos y conferencias.<\/SPAN><SPAN style=\"FONT-SIZE: 8.5pt; COLOR: black; FONT-FAMILY: Verdana\"><o:p> <\/o:p><\/SPAN><\/p>\n<p> <P class=MsoNormal style=\"MARGIN: 0cm 0cm 0pt; TEXT-INDENT: 35.45pt; LINE-HEIGHT: 10.5pt; TEXT-ALIGN: justify\"><SPAN style=\"FONT-SIZE: 8.5pt; COLOR: black; FONT-FAMILY: Verdana\">En 1999 public\u00f3 su primer libro, &#8220;La pasi\u00f3n \u00faltima de Carlos V.&#8221; A \u00e9ste le han seguido: &#8220;Isabel II. Melod\u00eda de un recuerdo&#8221;, &#8220;Ellas mismas. Mujeres que han hecho historia contra viento y marea&#8221; -publicado con gran \u00e9xito por La Esfera-, &#8220;El secreto de Marib\u00e1rbola&#8221; y &#8220;Madre Sacramento&#8221;.<\/SPAN><o:p><FONT face=\"Times New Roman\" size=3> <\/FONT><\/o:p><\/p>\n<p> <P class=MsoNormal style=\"MARGIN: 0cm 0cm 0pt\"><B><SPAN style=\"FONT-SIZE: 10pt; COLOR: #e90004; FONT-FAMILY: Verdana\">SINOPSIS:<o:p><\/o:p><\/SPAN><\/B><\/p>\n<p> <P class=MsoNormal style=\"MARGIN: 0cm 0cm 0pt; TEXT-INDENT: 35.45pt; LINE-HEIGHT: 10.5pt; TEXT-ALIGN: justify\"><SPAN style=\"FONT-SIZE: 8.5pt; COLOR: black; FONT-FAMILY: Verdana\">\u00abMar\u00eda Pacheco fue un personaje de novela, pero se precisaban las dotes de escritora y la erudici\u00f3n de Mar\u00eda Teresa \u00c1lvarez para fundir lo novelesco y lo hist\u00f3rico y convertir a la viuda de Padilla en una hero\u00edna de leyenda\u00bb.<o:p><\/o:p><\/SPAN><\/p>\n<p> <P class=MsoNormal style=\"MARGIN: 0cm 0cm 0pt; TEXT-INDENT: 35.45pt; LINE-HEIGHT: 10.5pt; TEXT-ALIGN: justify\"><SPAN style=\"FONT-SIZE: 8.5pt; COLOR: black; FONT-FAMILY: Verdana\">Joseph P\u00e9rez.<\/SPAN><\/p>\n<p> <P class=MsoNormal style=\"MARGIN: 0cm 0cm 0pt; TEXT-INDENT: 35.45pt; LINE-HEIGHT: 10.5pt; TEXT-ALIGN: justify\"><SPAN style=\"FONT-SIZE: 8.5pt; COLOR: black; FONT-FAMILY: Verdana\">23 de abril de 1521, Villalar. El ej\u00e9rcito del emperador Carlos V derrota a las tropas de los comuneros castellanos dirigidos por Juan de Padilla, Juan Bravo y Francisco Maldonado. Los tres son ejecutados sin piedad en el cadalso a la ma\u00f1ana siguiente. De esta forma, los imperiales terminan con el sue\u00f1o revolucionario de Castilla.<\/SPAN><SPAN style=\"FONT-SIZE: 8.5pt; COLOR: black; FONT-FAMILY: Verdana\"><o:p> <\/o:p><\/SPAN><\/p>\n<p> <P class=MsoNormal style=\"MARGIN: 0cm 0cm 0pt; TEXT-INDENT: 35.45pt; LINE-HEIGHT: 10.5pt; TEXT-ALIGN: justify\"><SPAN style=\"FONT-SIZE: 8.5pt; COLOR: black; FONT-FAMILY: Verdana\">Mar\u00eda Pacheco, la viuda de Juan de Padilla, una mujer luchadora y rebelde, no se resigna a la derrota de sus ideales y resiste atrincherada en la ciudad de Toledo; pero Carlos V no tendr\u00e1 piedad con ella. Mar\u00eda, condenada a muerte, se ver\u00e1 obligada a vivir un triste exilio en Oporto, donde morir\u00e1 sin llegar a recibir nunca el perd\u00f3n real.<o:p><\/o:p><\/SPAN><\/p>\n<p> <P class=MsoNormal style=\"MARGIN: 0cm 0cm 0pt; LINE-HEIGHT: 10.5pt\"><SPAN style=\"FONT-SIZE: 8.5pt; COLOR: black; FONT-FAMILY: Verdana\"><A href=\"http:\/\/www.esferalibros.com\/libros\/librodetalle.html?libroISBN=9788497346344\">http:\/\/www.esferalibros.com\/libros\/librodetalle.html?libroISBN=9788497346344<\/A><o:p><\/o:p><\/SPAN><\/p>\n<!-- AddThis Advanced Settings generic via filter on the_content --><!-- AddThis Share Buttons generic via filter on the_content -->","protected":false},"excerpt":{"rendered":"<p>Mar\u00eda Teresa \u00c1lvarez naci\u00f3 en Cand\u00e1s (Asturias) el 27 de octubre de 1945. Licenciada en Ciencias de la Informaci\u00f3n, fue la primera mujer cronista deportiva en la radio asturiana y la primera presentadora del programa regional de TVE en Asturias. En 1987 se traslad\u00f3 a Madrid para conducir la Subdirecci\u00f3n de Cultura y Sociedad de [&hellip;]<!-- AddThis Advanced Settings generic via filter on get_the_excerpt --><!-- AddThis Share Buttons generic via filter on get_the_excerpt --><\/p>\n","protected":false},"author":39,"featured_media":0,"comment_status":"open","ping_status":"closed","sticky":false,"template":"","format":"standard","meta":[],"categories":[2],"tags":[23,24,26,28,34,48],"_links":{"self":[{"href":"https:\/\/blogs.elnortedecastilla.es\/CampoGrande\/wp-json\/wp\/v2\/posts\/46"}],"collection":[{"href":"https:\/\/blogs.elnortedecastilla.es\/CampoGrande\/wp-json\/wp\/v2\/posts"}],"about":[{"href":"https:\/\/blogs.elnortedecastilla.es\/CampoGrande\/wp-json\/wp\/v2\/types\/post"}],"author":[{"embeddable":true,"href":"https:\/\/blogs.elnortedecastilla.es\/CampoGrande\/wp-json\/wp\/v2\/users\/39"}],"replies":[{"embeddable":true,"href":"https:\/\/blogs.elnortedecastilla.es\/CampoGrande\/wp-json\/wp\/v2\/comments?post=46"}],"version-history":[{"count":0,"href":"https:\/\/blogs.elnortedecastilla.es\/CampoGrande\/wp-json\/wp\/v2\/posts\/46\/revisions"}],"wp:attachment":[{"href":"https:\/\/blogs.elnortedecastilla.es\/CampoGrande\/wp-json\/wp\/v2\/media?parent=46"}],"wp:term":[{"taxonomy":"category","embeddable":true,"href":"https:\/\/blogs.elnortedecastilla.es\/CampoGrande\/wp-json\/wp\/v2\/categories?post=46"},{"taxonomy":"post_tag","embeddable":true,"href":"https:\/\/blogs.elnortedecastilla.es\/CampoGrande\/wp-json\/wp\/v2\/tags?post=46"}],"curies":[{"name":"wp","href":"https:\/\/api.w.org\/{rel}","templated":true}]}}