{"id":53,"date":"2009-01-18T16:01:15","date_gmt":"2009-01-18T16:01:15","guid":{"rendered":"http:\/\/blogs.elnortedecastilla.es\/CampoGrande\/?p=53"},"modified":"2009-01-18T16:01:15","modified_gmt":"2009-01-18T16:01:15","slug":"verde-agua-marisa-madieri","status":"publish","type":"post","link":"https:\/\/blogs.elnortedecastilla.es\/CampoGrande\/2009\/01\/18\/verde-agua-marisa-madieri\/","title":{"rendered":"&#8220;Verde Agua&#8221; de Marisa Madieri"},"content":{"rendered":"<p><IMG class=imgizqda id=img_0 src=\"\/CampoGrande\/wp-content\/uploads\/sites\/27\"> <P class=MsoNormal style=\"MARGIN: 0cm 0cm 0pt; TEXT-INDENT: 35.45pt; TEXT-ALIGN: justify\"><SPAN style=\"mso-ansi-language: ES-TRAD\"><FONT size=3><FONT face=\"Times New Roman\">Yugoslavia fue un reino que naci\u00f3 por la aglutinaci\u00f3n, en 1918, de distintos grupos \u00e9tnico: serbios, croatas y eslovenos. Pero serbios y croatas se disputaban la supremac\u00eda en el gobierno lo que dio lugar a asesinatos de sus l\u00edderes e incluso del propio rey, AlenjandroI. <?xml:namespace prefix = o ns = \"urn:schemas-microsoft-com:office:office\" \/><o:p><\/o:p><\/FONT><\/FONT><\/SPAN><\/p>\n<p> <P class=MsoNormal style=\"MARGIN: 0cm 0cm 0pt; TEXT-INDENT: 35.45pt; TEXT-ALIGN: justify\"><SPAN style=\"mso-ansi-language: ES-TRAD\"><FONT size=3><FONT face=\"Times New Roman\">Los croatas son, en su mayor\u00eda cat\u00f3licos, los serbios son ortodoxos y<SPAN style=\"mso-spacerun: yes\">  <\/SPAN>en la zona de Kosovo existe una bolsa de poblaci\u00f3n de religi\u00f3n musulmana.<o:p><\/o:p><\/FONT><\/FONT><\/SPAN><\/p>\n<p> <P class=MsoNormal style=\"MARGIN: 0cm 0cm 0pt; TEXT-INDENT: 35.45pt; TEXT-ALIGN: justify\"><SPAN style=\"mso-ansi-language: ES-TRAD\"><FONT size=3><FONT face=\"Times New Roman\">Adem\u00e1s de las dificultades internas, las potencias europeas contribuyeron a su inestabilidad. En 1942 Italia, Rumania, Albania, Bulgaria y Hungr\u00eda invadieron el pa\u00eds tratando de evitar una guerra civil.<o:p><\/o:p><\/FONT><\/FONT><\/SPAN><\/p>\n<p> <P class=MsoNormal style=\"MARGIN: 0cm 0cm 0pt; TEXT-INDENT: 35.45pt; TEXT-ALIGN: justify\"><SPAN style=\"mso-ansi-language: ES-TRAD\"><FONT size=3><FONT face=\"Times New Roman\">Tito pone fin al caos reunificando el pa\u00eds en una Yugoslavia socialista. En 1945 se proclama <?xml:namespace prefix = st1 ns = \"urn:schemas-microsoft-com:office:smarttags\" \/><st1:PersonName w:st=\"on\" ProductID=\"la Rep?blica Democr?tica\"><st1:PersonName w:st=\"on\" ProductID=\"la Rep?blica\">la Rep\u00fablica<\/st1:PersonName> Democr\u00e1tica<\/st1:PersonName> Federal de Yugoslavia con Tito como Primer Ministro. En 1953, Tito es elegido Presidente y en 1963, Presidente de por vida. Tito mantuvo a Yugoslavia fuera del Pacto de Varsovia y de <st1:PersonName w:st=\"on\" ProductID=\"la OTAN\">la OTAN<\/st1:PersonName>, como pa\u00eds no alineado.<o:p><\/o:p><\/FONT><\/FONT><\/SPAN><\/p>\n<p> <P class=MsoNormal style=\"MARGIN: 0cm 0cm 0pt; TEXT-INDENT: 35.45pt; TEXT-ALIGN: justify\"><SPAN style=\"mso-ansi-language: ES-TRAD\"><FONT size=3><FONT face=\"Times New Roman\">Tito intent\u00f3 hacer desaparecer las religiones por juzgar que eran una de las causas, si no la principal, de las rencillas entre grupos \u00e9tnicos. Prohibi\u00f3 la religi\u00f3n. <o:p><\/o:p><\/FONT><\/FONT><\/SPAN><\/p>\n<p> <P class=MsoNormal style=\"MARGIN: 0cm 0cm 0pt; TEXT-INDENT: 35.45pt; TEXT-ALIGN: justify\"><SPAN style=\"mso-ansi-language: ES-TRAD\"><FONT size=3><FONT face=\"Times New Roman\">Con la muerte de Tito, en 1980, comienza un proceso de desintegraci\u00f3n. Se declaran independientes Eslovenia, Croacia, Macedonia y Bosnia-Herzegovina. En 1991 se produce <st1:PersonName w:st=\"on\" ProductID=\"la Guerra\">la Guerra<\/st1:PersonName> de Yugoslavia. En 1992, <st1:PersonName w:st=\"on\" ProductID=\"la Rep?blica\">La Rep\u00fablica<\/st1:PersonName> de Yugoslavia est\u00e1 integrada por Serbia y Montenegro. Montenegro se escinde en 2006 y en 2008 Kosovo se declara independiente. El sentimiento religioso y la idea de pertenencia a un comunidad creyente permaneci\u00f3 en el pueblo m\u00e1s all\u00e1 de las prohibiciones del gobierno.<o:p><\/o:p><\/FONT><\/FONT><\/SPAN><\/p>\n<p> <P class=MsoNormal style=\"MARGIN: 0cm 0cm 0pt; TEXT-INDENT: 35.45pt; TEXT-ALIGN: justify\"><SPAN style=\"mso-ansi-language: ES-TRAD\"><o:p><FONT face=\"Times New Roman\" size=3> <\/FONT><\/o:p><\/SPAN><\/p>\n<p> <P class=MsoNormal style=\"MARGIN: 0cm 0cm 0pt; TEXT-INDENT: 35.45pt; TEXT-ALIGN: justify\"><SPAN style=\"mso-ansi-language: ES-TRAD\"><FONT size=3><FONT face=\"Times New Roman\">\u00bfPor qu\u00e9 Croacia tiene una forma tan extra\u00f1a?<o:p><\/o:p><\/FONT><\/FONT><\/SPAN><\/p>\n<p> <P class=MsoNormal style=\"MARGIN: 0cm 0cm 0pt; TEXT-INDENT: 35.45pt; TEXT-ALIGN: justify\"><SPAN style=\"mso-ansi-language: ES-TRAD\"><o:p><FONT face=\"Times New Roman\" size=3> <\/FONT><\/o:p><\/SPAN><\/p>\n<p> <P class=MsoNormal style=\"MARGIN: 0cm 0cm 0pt; TEXT-INDENT: 35.45pt; TEXT-ALIGN: justify\"><SPAN style=\"mso-ansi-language: ES-TRAD\"><FONT size=3><FONT face=\"Times New Roman\">La forma de los distintos estados se corresponde con los agrupamientos de poblaci\u00f3n de las distintas etnias y religiones. La extra\u00f1a forma de Croacia tiene una explicaci\u00f3n en su desarrollo hist\u00f3rico.<o:p><\/o:p><\/FONT><\/FONT><\/SPAN><\/p>\n<p> <P class=MsoNormal style=\"MARGIN: 0cm 0cm 0pt; TEXT-INDENT: 35.45pt; TEXT-ALIGN: justify\"><SPAN style=\"mso-ansi-language: ES-TRAD\"><FONT size=3><FONT face=\"Times New Roman\">Los croatas llegan desde Polonia y se instalan en la costa y en las llanuras del norte. M\u00e1s tarde se unir\u00e1n estas dos zonas en 922, conformando esa especie de \u201cL\u201d. Otro factor que determin\u00f3 las fronteras de Croacia fue el hecho de constituirse frontera con el Imperio Otomano bajo el auxilio del Imperio Austro-h\u00fangaro que la protegi\u00f3 hasta 1918. La zona costera perteneci\u00f3 a <st1:PersonName w:st=\"on\" ProductID=\"la Rep?blica\">la Rep\u00fablica<\/st1:PersonName> de Venecia desde el XV hasta la invasi\u00f3n napole\u00f3nica.<o:p><\/o:p><\/FONT><\/FONT><\/SPAN><\/p>\n<p> <P class=MsoNormal style=\"MARGIN: 0cm 0cm 0pt; TEXT-INDENT: 35.45pt; TEXT-ALIGN: justify\"><SPAN style=\"mso-ansi-language: ES-TRAD\"><o:p><FONT face=\"Times New Roman\" size=3> <\/FONT><\/o:p><\/SPAN><\/p>\n<p> <P class=MsoNormal style=\"MARGIN: 0cm 0cm 0pt; TEXT-INDENT: 35.45pt; TEXT-ALIGN: justify\"><SPAN style=\"mso-ansi-language: ES-TRAD\"><FONT size=3><FONT face=\"Times New Roman\">\u00bfPor qu\u00e9 Fiume no pertenec\u00eda a Italia?<o:p><\/o:p><\/FONT><\/FONT><\/SPAN><\/p>\n<p> <P class=MsoNormal style=\"MARGIN: 0cm 0cm 0pt; TEXT-INDENT: 35.45pt; TEXT-ALIGN: justify\"><SPAN style=\"mso-ansi-language: ES-TRAD\"><o:p><FONT face=\"Times New Roman\" size=3> <\/FONT><\/o:p><\/SPAN><\/p>\n<p> <P class=MsoNormal style=\"MARGIN: 0cm 0cm 0pt; TEXT-INDENT: 35.45pt; TEXT-ALIGN: justify\"><SPAN style=\"mso-ansi-language: ES-TRAD\"><FONT size=3><FONT face=\"Times New Roman\">La ciudad de Fiume, hoy Rijeka, lleg\u00f3 a constituirse en un estado independiente. Su importancia se debi\u00f3 a la especial protecci\u00f3n h\u00fangara pues era su puerto de salida al Adri\u00e1tico, Trieste era el puerto de salida de Austria. As\u00ed ambas ciudades se convirtieron en rivales. Tito se anexion\u00f3 Fiume, hoy Rijeka. A sus habitantes se les dio la opci\u00f3n de emigrar a Italia. Muchos de estos habitantes se establecieron en Trieste aunque siguieron siendo considerados \u201cemigrantes\u201d durante gran parte de sus vidas.<o:p><\/o:p><\/FONT><\/FONT><\/SPAN><\/p>\n<p> <P class=MsoNormal style=\"MARGIN: 0cm 0cm 0pt; TEXT-INDENT: 35.45pt; TEXT-ALIGN: justify\"><SPAN style=\"mso-ansi-language: ES-TRAD\"><o:p><FONT face=\"Times New Roman\" size=3> <\/FONT><\/o:p><\/SPAN><\/p>\n<p> <P class=MsoNormal style=\"MARGIN: 0cm 0cm 0pt; TEXT-INDENT: 35.45pt; TEXT-ALIGN: justify\"><SPAN style=\"mso-ansi-language: ES-TRAD\"><FONT size=3><FONT face=\"Times New Roman\">En estas dos ciudades se desarrolla la novela de Marisa Madieri. Su familia vive en Rijeka \u2013Fiume- hasta que Tito la anexiona a Yugoslavia. La familia Madieri emigra como refugiados a Trieste. Este ser\u00e1 el origen de las enormes dificultades que la protagonista deber\u00e1 superar.<o:p><\/o:p><\/FONT><\/FONT><\/SPAN><\/p>\n<p> <P class=MsoNormal style=\"MARGIN: 0cm 0cm 0pt; TEXT-INDENT: 35.45pt; TEXT-ALIGN: justify\"><SPAN style=\"mso-ansi-language: ES-TRAD\"><FONT size=3><FONT face=\"Times New Roman\">El mapa est\u00e1 tomado de wikipedia<o:p><\/o:p><\/FONT><\/FONT><\/SPAN><\/p>\n<p> <P class=MsoNormal style=\"MARGIN: 0cm 0cm 0pt; TEXT-INDENT: 35.45pt; TEXT-ALIGN: justify\"><SPAN style=\"mso-ansi-language: ES-TRAD\"><FONT size=3><FONT face=\"Times New Roman\">http:\/\/es.wikipedia.org\/wiki\/Yugoslavia<o:p><\/o:p><\/FONT><\/FONT><\/SPAN><\/p>\n<!-- AddThis Advanced Settings generic via filter on the_content --><!-- AddThis Share Buttons generic via filter on the_content -->","protected":false},"excerpt":{"rendered":"<p>Yugoslavia fue un reino que naci\u00f3 por la aglutinaci\u00f3n, en 1918, de distintos grupos \u00e9tnico: serbios, croatas y eslovenos. Pero serbios y croatas se disputaban la supremac\u00eda en el gobierno lo que dio lugar a asesinatos de sus l\u00edderes e incluso del propio rey, AlenjandroI. Los croatas son, en su mayor\u00eda cat\u00f3licos, los serbios son [&hellip;]<!-- AddThis Advanced Settings generic via filter on get_the_excerpt --><!-- AddThis Share Buttons generic via filter on get_the_excerpt --><\/p>\n","protected":false},"author":39,"featured_media":0,"comment_status":"open","ping_status":"closed","sticky":false,"template":"","format":"standard","meta":[],"categories":[2],"tags":[8,17,20,22,23,24,26,28,31,34],"_links":{"self":[{"href":"https:\/\/blogs.elnortedecastilla.es\/CampoGrande\/wp-json\/wp\/v2\/posts\/53"}],"collection":[{"href":"https:\/\/blogs.elnortedecastilla.es\/CampoGrande\/wp-json\/wp\/v2\/posts"}],"about":[{"href":"https:\/\/blogs.elnortedecastilla.es\/CampoGrande\/wp-json\/wp\/v2\/types\/post"}],"author":[{"embeddable":true,"href":"https:\/\/blogs.elnortedecastilla.es\/CampoGrande\/wp-json\/wp\/v2\/users\/39"}],"replies":[{"embeddable":true,"href":"https:\/\/blogs.elnortedecastilla.es\/CampoGrande\/wp-json\/wp\/v2\/comments?post=53"}],"version-history":[{"count":0,"href":"https:\/\/blogs.elnortedecastilla.es\/CampoGrande\/wp-json\/wp\/v2\/posts\/53\/revisions"}],"wp:attachment":[{"href":"https:\/\/blogs.elnortedecastilla.es\/CampoGrande\/wp-json\/wp\/v2\/media?parent=53"}],"wp:term":[{"taxonomy":"category","embeddable":true,"href":"https:\/\/blogs.elnortedecastilla.es\/CampoGrande\/wp-json\/wp\/v2\/categories?post=53"},{"taxonomy":"post_tag","embeddable":true,"href":"https:\/\/blogs.elnortedecastilla.es\/CampoGrande\/wp-json\/wp\/v2\/tags?post=53"}],"curies":[{"name":"wp","href":"https:\/\/api.w.org\/{rel}","templated":true}]}}