{"id":54,"date":"2009-03-16T14:30:32","date_gmt":"2009-03-16T14:30:32","guid":{"rendered":"http:\/\/blogs.elnortedecastilla.es\/CampoGrande\/?p=54"},"modified":"2009-03-16T14:30:32","modified_gmt":"2009-03-16T14:30:32","slug":"ebano-ryszard-kapuscinski","status":"publish","type":"post","link":"https:\/\/blogs.elnortedecastilla.es\/CampoGrande\/2009\/03\/16\/ebano-ryszard-kapuscinski\/","title":{"rendered":"\u00c9bano, de Ryszard Kapuscinski"},"content":{"rendered":"<p><FONT size=3><FONT face=\"Times New Roman\"><B><SPAN lang=ES style=\"mso-ansi-language: ES\"><IMG class=imgdcha id=img_1 src=\"\/CampoGrande\/wp-content\/uploads\/sites\/27\">Ryszard Kapuscinski<\/SPAN><\/B><SPAN lang=ES style=\"mso-ansi-language: ES\"> (Pinsk, Bielorrusia, entonces parte de Polonia, el 4 de marzo de 1932 &#8211; Varsovia, 23 de enero de 2007) fue un periodista, escritor y ensayista.<?xml:namespace prefix = o ns = \"urn:schemas-microsoft-com:office:office\" \/><o:p><\/o:p><\/SPAN><\/FONT><\/FONT><\/p>\n<p><FONT size=3><FONT face=\"Times New Roman\"><SPAN lang=ES style=\"mso-ansi-language: ES\">Estudi\u00f3 en <?xml:namespace prefix = st1 ns = \"urn:schemas-microsoft-com:office:smarttags\" \/><st1:PersonName w:st=\"on\" ProductID=\"la ?????????????????????????????????????????????????????????????????????????????????????????????????Universidad\">la Universidad<\/st1:PersonName> de Varsovia historia y arte, aunque finalmente se dedic\u00f3 al periodismo. <\/SPAN><SPAN lang=EN-GB style=\"mso-ansi-language: EN-GB\">Colabor\u00f3 en <I>Time<\/I>, <I>The New York Times<\/I>, <st1:PersonName w:st=\"on\" ProductID=\"La Jornada\"><I>La Jornada<\/I><\/st1:PersonName> y <I>Frankfurter Allgemeine Zeitung<\/I>. <\/SPAN><SPAN lang=ES style=\"mso-ansi-language: ES\">Compagin\u00f3 desde 1962 sus colaboraciones period\u00edsticas con la actividad literaria y ejerci\u00f3 como profesor en varias universidades.<o:p><\/o:p><\/SPAN><\/FONT><\/FONT><\/p>\n<p><SPAN lang=ES style=\"mso-ansi-language: ES\"><FONT size=3><FONT face=\"Times New Roman\">Fue maestro de <st1:PersonName w:st=\"on\" ProductID=\"la ??????????????????????????????????????????????????????????????????????????????????Fundaci\u00f3n Nuevo\">la Fundaci\u00f3n Nuevo<\/st1:PersonName> Periodismo Iberoamericano, creada y presidida por Gabriel Garc\u00eda M\u00e1rquez. Fue corresponsal en el extranjero hasta el a\u00f1o 1981. Falleci\u00f3 el 23 de enero de <st1:metricconverter w:st=\"on\" ProductID=\"2007 a\">2007 a<\/st1:metricconverter> causa de una grave enfermedad.<\/FONT><\/FONT><\/SPAN><\/p>\n<p><IMG class=imgizqda id=img_0 src=\"\/CampoGrande\/wp-content\/uploads\/sites\/27\"><\/p>\n<p>Datos tomados de Wikipedia.<\/p>\n<!-- AddThis Advanced Settings generic via filter on the_content --><!-- AddThis Share Buttons generic via filter on the_content -->","protected":false},"excerpt":{"rendered":"<p>Ryszard Kapuscinski (Pinsk, Bielorrusia, entonces parte de Polonia, el 4 de marzo de 1932 &#8211; Varsovia, 23 de enero de 2007) fue un periodista, escritor y ensayista. Estudi\u00f3 en la Universidad de Varsovia historia y arte, aunque finalmente se dedic\u00f3 al periodismo. Colabor\u00f3 en Time, The New York Times, La Jornada y Frankfurter Allgemeine Zeitung. [&hellip;]<!-- AddThis Advanced Settings generic via filter on get_the_excerpt --><!-- AddThis Share Buttons generic via filter on get_the_excerpt --><\/p>\n","protected":false},"author":39,"featured_media":0,"comment_status":"open","ping_status":"closed","sticky":false,"template":"","format":"standard","meta":[],"categories":[2],"tags":[10,17,24,30,41,44],"_links":{"self":[{"href":"https:\/\/blogs.elnortedecastilla.es\/CampoGrande\/wp-json\/wp\/v2\/posts\/54"}],"collection":[{"href":"https:\/\/blogs.elnortedecastilla.es\/CampoGrande\/wp-json\/wp\/v2\/posts"}],"about":[{"href":"https:\/\/blogs.elnortedecastilla.es\/CampoGrande\/wp-json\/wp\/v2\/types\/post"}],"author":[{"embeddable":true,"href":"https:\/\/blogs.elnortedecastilla.es\/CampoGrande\/wp-json\/wp\/v2\/users\/39"}],"replies":[{"embeddable":true,"href":"https:\/\/blogs.elnortedecastilla.es\/CampoGrande\/wp-json\/wp\/v2\/comments?post=54"}],"version-history":[{"count":0,"href":"https:\/\/blogs.elnortedecastilla.es\/CampoGrande\/wp-json\/wp\/v2\/posts\/54\/revisions"}],"wp:attachment":[{"href":"https:\/\/blogs.elnortedecastilla.es\/CampoGrande\/wp-json\/wp\/v2\/media?parent=54"}],"wp:term":[{"taxonomy":"category","embeddable":true,"href":"https:\/\/blogs.elnortedecastilla.es\/CampoGrande\/wp-json\/wp\/v2\/categories?post=54"},{"taxonomy":"post_tag","embeddable":true,"href":"https:\/\/blogs.elnortedecastilla.es\/CampoGrande\/wp-json\/wp\/v2\/tags?post=54"}],"curies":[{"name":"wp","href":"https:\/\/api.w.org\/{rel}","templated":true}]}}