{"id":55,"date":"2009-03-16T14:33:27","date_gmt":"2009-03-16T14:33:27","guid":{"rendered":"http:\/\/blogs.elnortedecastilla.es\/CampoGrande\/?p=55"},"modified":"2009-03-16T14:33:27","modified_gmt":"2009-03-16T14:33:27","slug":"ebano-ryszard-kapuscinski-2","status":"publish","type":"post","link":"https:\/\/blogs.elnortedecastilla.es\/CampoGrande\/2009\/03\/16\/ebano-ryszard-kapuscinski-2\/","title":{"rendered":"\u00c9bano, de Ryszard Kapuscinski"},"content":{"rendered":"<p><IMG class=imgizqda id=img_0 src=\"\/CampoGrande\/wp-content\/uploads\/sites\/27\"> <P class=MsoNormal style=\"MARGIN: 0cm 0cm 0pt\"><B style=\"mso-bidi-font-weight: normal\"><I style=\"mso-bidi-font-style: normal\"><SPAN lang=EN-GB style=\"FONT-SIZE: 16pt\"><FONT face=\"Times New Roman\">\u00c9bano<\/FONT><\/SPAN><\/I><\/B><\/p>\n<p> <P class=MsoNormal style=\"MARGIN: 0cm 0cm 0pt\"><SPAN style=\"mso-ansi-language: ES-TRAD\"><FONT size=3><FONT face=\"Times New Roman\">Ryszard Kapuscinsky<?xml:namespace prefix = o ns = \"urn:schemas-microsoft-com:office:office\" \/><o:p><\/o:p><\/FONT><\/FONT><\/SPAN><\/p>\n<p> <P class=MsoNormal style=\"MARGIN: 0cm 0cm 0pt\"><SPAN style=\"mso-ansi-language: ES-TRAD\"><FONT size=3><FONT face=\"Times New Roman\">Traducci\u00f3n del polaco de Agata Orzeszek y Roberto Mansberger Amor\u00f3s<o:p><\/o:p><\/FONT><\/FONT><\/SPAN><\/p>\n<p> <P class=MsoNormal style=\"MARGIN: 0cm 0cm 0pt\"><SPAN style=\"mso-ansi-language: ES-TRAD\"><FONT size=3><FONT face=\"Times New Roman\">Anagrama, Barcelona, 2007<o:p><\/o:p><\/FONT><\/FONT><\/SPAN><\/p>\n<p> <P class=MsoNormal style=\"MARGIN: 0cm 0cm 0pt; TEXT-INDENT: 35.45pt; TEXT-ALIGN: justify\"><SPAN style=\"mso-ansi-language: ES-TRAD\"><FONT size=3><FONT face=\"Times New Roman\">Kapuscinski recorri\u00f3 \u00c1frica como periodista. Este volumen recoge cr\u00f3nicas de ese viaje en las que la mirada y la mente se abren a una realidad muy alejada de la vieja Europa. \u00c1frica es demasiado grande, y a pesar de su juventud como conjunto de naciones independientes, su cultura merece que le dediquemos algunos momentos de nuestras vidas.<o:p><\/o:p><\/FONT><\/FONT><\/SPAN><\/p>\n<p> <P class=MsoNormal style=\"MARGIN: 0cm 0cm 0pt; TEXT-INDENT: 35.45pt; TEXT-ALIGN: justify\"><SPAN style=\"mso-ansi-language: ES-TRAD\"><FONT size=3><FONT face=\"Times New Roman\">\u00bfSab\u00eda usted que Liberia, un pa\u00eds situado en la costa occidental africana, entre Sierra Leona y Costa de Marfil y pr\u00f3ximo al ecuador, fue adquirido por un fil\u00e1ntropo norteamericano que pretend\u00eda devolver a los descendientes de los esclavos africanos a su continente de origen? \u00bfSab\u00eda usted que todos aquellos descendientes de esclavos que fueron retornados a \u00c1frica intentaron mantener los usos y costumbres de la sociedad norteamericana (forma de vestir incluida) y arrinconaron en la selva a los abor\u00edgenes de Liberia? \u00bfY que \u00e9se fue el primer gueto de poblaci\u00f3n negra en \u00c1frica?<o:p><\/o:p><\/FONT><\/FONT><\/SPAN><\/p>\n<p> <P class=MsoNormal style=\"MARGIN: 0cm 0cm 0pt; TEXT-INDENT: 35.45pt; TEXT-ALIGN: justify\"><SPAN style=\"mso-ansi-language: ES-TRAD\"><FONT size=3><FONT face=\"Times New Roman\">\u00bfSab\u00eda usted que los habitantes de Ruanda viv\u00edan en una sociedad feudal en pleno siglo XX? \u00bfSab\u00eda que Ruanda pudo conservar su configuraci\u00f3n social durante tres siglos sin intervenci\u00f3n europea porque es un pa\u00eds situado en un macizo monta\u00f1oso en pleno coraz\u00f3n de \u00c1frica, muy alejado de la costa? \u00bfSab\u00eda usted que la sociedad feudal de Ruanda estaba conformada por los propietarios del ganado ceb\u00fa y de las tierra (los tutsis, 14% de la poblaci\u00f3n) y los trabajadores de las tierra y obreros (los hutus,86% de la poblaci\u00f3n sin derecho a poseer ceb\u00faes y por lo tanto sometidos a los tutsis)?<o:p><\/o:p><\/FONT><\/FONT><\/SPAN><\/p>\n<p> <P class=MsoNormal style=\"MARGIN: 0cm 0cm 0pt; TEXT-INDENT: 35.45pt; TEXT-ALIGN: justify\"><SPAN style=\"mso-ansi-language: ES-TRAD\"><FONT size=3><FONT face=\"Times New Roman\">\u00bfSab\u00eda usted que Ruanda depend\u00eda de Alemania tras el reparto de <?xml:namespace prefix = st1 ns = \"urn:schemas-microsoft-com:office:smarttags\" \/><st1:PersonName w:st=\"on\" ProductID=\"la Conferencia\">la Conferencia<\/st1:PersonName> de Berl\u00edn de 1886 de Berl\u00edn y que Alemania la cedi\u00f3 a B\u00e9lgica despu\u00e9s de la 1\u00aa Guerra Mundial? \u00bfSab\u00eda usted que fue B\u00e9lgica la que busc\u00f3 alianzas con los tutsis dominadores y que cuando los tutsis se negaron posteriormente a someterse soliviantaron a hutus para que los derribases del poder? Sab\u00eda usted que los tutsis tuvieron que abandonar el pa\u00eds y viven en campos de concentraci\u00f3n en los pa\u00edses fronterizos (Tanzania, Burundi, Uganda, Congo) y que su principal actividad es entrenarse como soldados para recuperar su posici\u00f3n en Ruanda? \u00bfSab\u00eda usted que \u00e9se es el origen de las terribles matanzas entre las dos etnias? \u00bfSab\u00eda usted los soldados tutsis fueron contratados como guerrilleros en contra del \u201cpsic\u00f3pata y verdugo\u201d Milton Obote que ocupaba el poder en <st1:PersonName w:st=\"on\" ProductID=\"la Uganda\">la Uganda<\/st1:PersonName> de los a\u00f1os ochenta?<o:p><\/o:p><\/FONT><\/FONT><\/SPAN><\/p>\n<p> <P class=MsoNormal style=\"MARGIN: 0cm 0cm 0pt; TEXT-INDENT: 35.45pt; TEXT-ALIGN: justify\"><SPAN style=\"mso-ansi-language: ES-TRAD\"><FONT size=3><FONT face=\"Times New Roman\">\u00bfSab\u00eda usted que la l\u00ednea geopol\u00edtica y ling\u00fc\u00edstica es la representaci\u00f3n geogr\u00e1fica del reparto que Londres y Par\u00eds pretend\u00edan del continente africano? \u00bfSab\u00eda usted que Londres pretend\u00eda poseer tierras y dominio ling\u00fc\u00edstico en los pa\u00edses situados en l\u00ednea norte-sur, desde El Cairo hasta <st1:PersonName w:st=\"on\" ProductID=\"La Ciudad\">La Ciudad<\/st1:PersonName> del Cabo y que Par\u00eds pretend\u00eda otro tanto desde Dakar (oeste) a Djibuti (este)? Sab\u00eda que ambas potencias enviaron sendas expediciones militares para alcanzar en primer lugar la aldea de Fashoda, situada exactamente al sur del Sud\u00e1n, a orillas del Nilo, porque es el punto geogr\u00e1fico donde coinciden ambas l\u00edneas norte-sur y este-oeste? \u00bfSab\u00eda usted que ambas potencias llegaron a Fashoda en 1898, en los proleg\u00f3menos de <st1:PersonName w:st=\"on\" ProductID=\"la Primera Guerra\"><st1:PersonName w:st=\"on\" ProductID=\"la Primera\">la Primera<\/st1:PersonName> Guerra<\/st1:PersonName> Mundial? \u00bfSab\u00eda que siguen actuando dos lobbies en defensa de la \u201cfrancophonie\u201d y de los angloparlantes que impulsan pol\u00edticas en los pa\u00edses africanos alineados en cada bando?<o:p><\/o:p><\/FONT><\/FONT><\/SPAN><\/p>\n<p> <P class=MsoNormal style=\"MARGIN: 0cm 0cm 0pt; TEXT-INDENT: 35.45pt; TEXT-ALIGN: justify\"><SPAN style=\"mso-ansi-language: ES-TRAD\"><FONT size=3><FONT face=\"Times New Roman\">\u00bfSab\u00eda usted que el sentimiento religioso y el respeto a los antepasados constituye un rasgo fundamental en la visi\u00f3n del mundo de los africanos? \u00bfQu\u00e9 el sentido de pertenencia a un clan o a una tribu es mucho m\u00e1s fuerte que las divisiones pol\u00edticas?<o:p><\/o:p><\/FONT><\/FONT><\/SPAN><\/p>\n<p> <P class=MsoNormal style=\"MARGIN: 0cm 0cm 0pt; TEXT-INDENT: 35.45pt; TEXT-ALIGN: justify\"><SPAN style=\"mso-ansi-language: ES-TRAD\"><FONT size=3><FONT face=\"Times New Roman\">Kapuscinski presenta en este libro una serie de cr\u00f3nicas de sus viajes por el continente africano. Son cuestiones puntuales que dan al lector europeo la oportunidad de entender las razones \u2013si es que puede existir una raz\u00f3n- de los conflictos actuales en ese continente.<o:p><\/o:p><\/FONT><\/FONT><\/SPAN><\/p>\n<p> <P class=MsoNormal style=\"MARGIN: 0cm 0cm 0pt; TEXT-INDENT: 35.45pt; TEXT-ALIGN: justify\"><SPAN style=\"mso-ansi-language: ES-TRAD\"><FONT size=3><FONT face=\"Times New Roman\">Por sus p\u00e1ginas desfilan los diamantes de Sierra Leona, los mercados de Zanz\u00edbar, los paisajes del Serengueti\u2026<o:p><\/o:p><\/FONT><\/FONT><\/SPAN><\/p>\n<!-- AddThis Advanced Settings generic via filter on the_content --><!-- AddThis Share Buttons generic via filter on the_content -->","protected":false},"excerpt":{"rendered":"<p>\u00c9bano Ryszard Kapuscinsky Traducci\u00f3n del polaco de Agata Orzeszek y Roberto Mansberger Amor\u00f3s Anagrama, Barcelona, 2007 Kapuscinski recorri\u00f3 \u00c1frica como periodista. Este volumen recoge cr\u00f3nicas de ese viaje en las que la mirada y la mente se abren a una realidad muy alejada de la vieja Europa. \u00c1frica es demasiado grande, y a pesar de [&hellip;]<!-- AddThis Advanced Settings generic via filter on get_the_excerpt --><!-- AddThis Share Buttons generic via filter on get_the_excerpt --><\/p>\n","protected":false},"author":39,"featured_media":0,"comment_status":"open","ping_status":"closed","sticky":false,"template":"","format":"standard","meta":[],"categories":[2],"tags":[7,24,30,43,48],"_links":{"self":[{"href":"https:\/\/blogs.elnortedecastilla.es\/CampoGrande\/wp-json\/wp\/v2\/posts\/55"}],"collection":[{"href":"https:\/\/blogs.elnortedecastilla.es\/CampoGrande\/wp-json\/wp\/v2\/posts"}],"about":[{"href":"https:\/\/blogs.elnortedecastilla.es\/CampoGrande\/wp-json\/wp\/v2\/types\/post"}],"author":[{"embeddable":true,"href":"https:\/\/blogs.elnortedecastilla.es\/CampoGrande\/wp-json\/wp\/v2\/users\/39"}],"replies":[{"embeddable":true,"href":"https:\/\/blogs.elnortedecastilla.es\/CampoGrande\/wp-json\/wp\/v2\/comments?post=55"}],"version-history":[{"count":0,"href":"https:\/\/blogs.elnortedecastilla.es\/CampoGrande\/wp-json\/wp\/v2\/posts\/55\/revisions"}],"wp:attachment":[{"href":"https:\/\/blogs.elnortedecastilla.es\/CampoGrande\/wp-json\/wp\/v2\/media?parent=55"}],"wp:term":[{"taxonomy":"category","embeddable":true,"href":"https:\/\/blogs.elnortedecastilla.es\/CampoGrande\/wp-json\/wp\/v2\/categories?post=55"},{"taxonomy":"post_tag","embeddable":true,"href":"https:\/\/blogs.elnortedecastilla.es\/CampoGrande\/wp-json\/wp\/v2\/tags?post=55"}],"curies":[{"name":"wp","href":"https:\/\/api.w.org\/{rel}","templated":true}]}}