{"id":56,"date":"2009-03-17T23:31:04","date_gmt":"2009-03-17T23:31:04","guid":{"rendered":"http:\/\/blogs.elnortedecastilla.es\/CampoGrande\/?p=56"},"modified":"2009-03-17T23:31:04","modified_gmt":"2009-03-17T23:31:04","slug":"la-ladrona-libros-marcus-zusak","status":"publish","type":"post","link":"https:\/\/blogs.elnortedecastilla.es\/CampoGrande\/2009\/03\/17\/la-ladrona-libros-marcus-zusak\/","title":{"rendered":"La ladrona de libros, de Marcus Zusak"},"content":{"rendered":"<p><IMG class=imgizqda id=img_0 src=\"\/CampoGrande\/wp-content\/uploads\/sites\/27\"> <P class=MsoNormal style=\"MARGIN: 0cm 0cm 0pt\"><SPAN style=\"mso-ansi-language: ES-TRAD\"><FONT size=3><FONT face=\"Times New Roman\">Markus Zusak<?xml:namespace prefix = o ns = \"urn:schemas-microsoft-com:office:office\" \/><o:p><\/o:p><\/FONT><\/FONT><\/SPAN><\/p>\n<p> <P class=MsoNormal style=\"MARGIN: 0cm 0cm 0pt\"><SPAN style=\"mso-ansi-language: ES-TRAD\"><FONT size=3><FONT face=\"Times New Roman\">Traducci\u00f3n de Laura Mart\u00edn de Dios<o:p><\/o:p><\/FONT><\/FONT><\/SPAN><\/p>\n<p> <P class=MsoNormal style=\"MARGIN: 0cm 0cm 0pt\"><SPAN style=\"mso-ansi-language: ES-TRAD\"><FONT size=3><FONT face=\"Times New Roman\">Lumen, Barcelona, 2007, 532 p\u00e1gs<o:p><\/o:p><\/FONT><\/FONT><\/SPAN><\/p>\n<p> <P class=MsoNormal style=\"MARGIN: 0cm 0cm 0pt\"><SPAN style=\"mso-ansi-language: ES-TRAD\"><o:p><FONT face=\"Times New Roman\" size=3> <\/FONT><\/o:p><\/SPAN><\/p>\n<p> <P class=MsoNormal style=\"MARGIN: 0cm 0cm 0pt; TEXT-INDENT: 35.45pt; TEXT-ALIGN: justify\"><SPAN style=\"mso-ansi-language: ES-TRAD\"><FONT size=3><FONT face=\"Times New Roman\">El autor<SPAN style=\"mso-spacerun: yes\">  <\/SPAN>se esconde detr\u00e1s de un narrador omnisciente, la muerte, quien se dirige al lector para explicarle las causas de los hechos, o bien para adelantarle el futuro mediante frases \u201clapidarias\u201d en las que resume los hitos de su presencia entre los humanos.<o:p><\/o:p><\/FONT><\/FONT><\/SPAN><\/p>\n<p> <P class=MsoNormal style=\"MARGIN: 0cm 0cm 0pt; TEXT-INDENT: 35.45pt; TEXT-ALIGN: justify\"><SPAN style=\"mso-ansi-language: ES-TRAD\"><FONT size=3><FONT face=\"Times New Roman\">Liesel es una ni\u00f1a alemana que sufre la acci\u00f3n de la muerte en su familia como consecuencia del hambre y la enfermedad que acompa\u00f1an a la guerra (la segunda gran guerra). <o:p><\/o:p><\/FONT><\/FONT><\/SPAN><\/p>\n<p> <P class=MsoNormal style=\"MARGIN: 0cm 0cm 0pt; TEXT-INDENT: 35.45pt; TEXT-ALIGN: justify\"><SPAN style=\"mso-ansi-language: ES-TRAD\"><FONT size=3><FONT face=\"Times New Roman\">La locura generalizada de la sociedad alemana que persigui\u00f3 el exterminio de los jud\u00edos y de otros grupos raciales no arios, no impidi\u00f3 que algunos alemanes supieran valorar la amistad y los sentimientos de la compasi\u00f3n y supieran arriesgarlo todo en ayuda del<SPAN style=\"mso-spacerun: yes\">  <\/SPAN>m\u00e1s necesitado.<o:p><\/o:p><\/FONT><\/FONT><\/SPAN><\/p>\n<p> <P class=MsoNormal style=\"MARGIN: 0cm 0cm 0pt; TEXT-INDENT: 35.45pt; TEXT-ALIGN: justify\"><SPAN style=\"mso-ansi-language: ES-TRAD\"><FONT size=3><FONT face=\"Times New Roman\">Hans Hubermann, el padre adoptivo de Liesel, pertenece a ese grupo de personas que saben ver en el otro, un ser humano. Hans sobrevivi\u00f3 a la primera gran guerra porque un jud\u00edo asegur\u00f3 que sab\u00eda escribir: el resto de su batall\u00f3n pereci\u00f3 en aquella batalla. Hans visit\u00f3 a la viuda del hombre jud\u00edo a quien le deb\u00eda la vida y de quien hab\u00eda aprendido a tocar el acorde\u00f3n. Pocos a\u00f1os despu\u00e9s pudo devolver el favor al hijo aquel hombre. Acogi\u00f3 en el s\u00f3tano de su casa a Max, el hijo de aquel jud\u00edo. Su mujer, Rosa, supo tambi\u00e9n colaborar tan buena obra.<o:p><\/o:p><\/FONT><\/FONT><\/SPAN><\/p>\n<p> <P class=MsoNormal style=\"MARGIN: 0cm 0cm 0pt; TEXT-INDENT: 35.45pt; TEXT-ALIGN: justify\"><SPAN style=\"mso-ansi-language: ES-TRAD\"><FONT size=3><FONT face=\"Times New Roman\">Entre Liesel y Max surgi\u00f3 una amistad fuerte; m\u00e1s fuerte que la propia muerte. Liesle tambi\u00e9n contaba con la amistad de una mujer importante: la mujer del alcalde quien hab\u00eda perdido un hijo y qui\u00e9n le permitir\u00eda disfrutar de los libros de su biblioteca privada, incluso robarlos.<o:p><\/o:p><\/FONT><\/FONT><\/SPAN><\/p>\n<p> <P class=MsoNormal style=\"MARGIN: 0cm 0cm 0pt; TEXT-INDENT: 35.45pt; TEXT-ALIGN: justify\"><SPAN style=\"mso-ansi-language: ES-TRAD\"><FONT size=3><FONT face=\"Times New Roman\">Liesel conoci\u00f3 la amistad profunda y c\u00e1lida de un adolescente de su edad: Rudy. Con \u00e9l cometi\u00f3 sus hurtos de libros y con \u00e9l compart\u00eda juegos y juicios sobre la situaci\u00f3n de Alemania.<o:p><\/o:p><\/FONT><\/FONT><\/SPAN><\/p>\n<p> <P class=MsoNormal style=\"MARGIN: 0cm 0cm 0pt; TEXT-INDENT: 35.45pt; TEXT-ALIGN: justify\"><SPAN style=\"mso-ansi-language: ES-TRAD\"><FONT size=3><FONT face=\"Times New Roman\">Rudy era un chico fuerte y noble que sufri\u00f3 el reclutamiento de su padre y el hambre. Esper\u00f3 incansable un beso de Liesel. Pero lleg\u00f3 antes la muerte y se lo llev\u00f3.<o:p><\/o:p><\/FONT><\/FONT><\/SPAN><\/p>\n<p> <P class=MsoNormal style=\"MARGIN: 0cm 0cm 0pt; TEXT-INDENT: 35.45pt; TEXT-ALIGN: justify\"><FONT size=3><FONT face=\"Times New Roman\"><?xml:namespace prefix = st1 ns = \"urn:schemas-microsoft-com:office:smarttags\" \/><st1:PersonName w:st=\"on\" ProductID=\"La Alemania\"><SPAN style=\"mso-ansi-language: ES-TRAD\">La Alemania<\/SPAN><\/st1:PersonName><SPAN style=\"mso-ansi-language: ES-TRAD\"> nazi se desliz\u00f3, poco a poco, desde <st1:metricconverter w:st=\"on\" ProductID=\"1930 a\">1930 a<\/st1:metricconverter> 1935 por el terreno inclinado de la b\u00fasqueda de la ventaja econ\u00f3mica: precisaba mano de obra barata para relanzar su econom\u00eda. Por eso comenz\u00f3 a reclutar hombres y mujeres de sus c\u00e1rceles \u2013presos comunes- y extranjeros como mano de obra gratis. Un cambio en las leyes facilit\u00f3 el tr\u00e1nsito hacia la esclavitud: los campos de concentraci\u00f3n se ubicaron en las proximidades de las minas y de las principales canteras o f\u00e1bricas. Lo primero fue definir qu\u00e9 es un ser humano: un ser sano, un ser con buen aspecto f\u00edsico, un ser de raza aria. El resto de la humanidad s\u00f3lo contaba en la medida que pod\u00eda trabajar gratuitamente para la raza aria o como cobayas para los experimentos de sus m\u00e9dicos e investigadores. Unos seis millones de jud\u00edos y extranjeros sufrieron hasta la muerte trabajos forzados o bien el exterminio directo. Pero tambi\u00e9n murieron muchos alemanes y otros europeos bajo las bombas durante la segunda guerra mundial. <o:p><\/o:p><\/SPAN><\/FONT><\/FONT><\/p>\n<p> <P class=MsoNormal style=\"MARGIN: 0cm 0cm 0pt; TEXT-INDENT: 35.45pt; TEXT-ALIGN: justify\"><SPAN style=\"mso-ansi-language: ES-TRAD\"><FONT size=3><FONT face=\"Times New Roman\">Esta novela es un relato que recoge todo ese dolor aunque de forma po\u00e9tica, fij\u00e1ndose m\u00e1s en la gente de buen coraz\u00f3n.<o:p><\/o:p><\/FONT><\/FONT><\/SPAN><\/p>\n<!-- AddThis Advanced Settings generic via filter on the_content --><!-- AddThis Share Buttons generic via filter on the_content -->","protected":false},"excerpt":{"rendered":"<p>Markus Zusak Traducci\u00f3n de Laura Mart\u00edn de Dios Lumen, Barcelona, 2007, 532 p\u00e1gs El autor se esconde detr\u00e1s de un narrador omnisciente, la muerte, quien se dirige al lector para explicarle las causas de los hechos, o bien para adelantarle el futuro mediante frases \u201clapidarias\u201d en las que resume los hitos de su presencia entre [&hellip;]<!-- AddThis Advanced Settings generic via filter on get_the_excerpt --><!-- AddThis Share Buttons generic via filter on get_the_excerpt --><\/p>\n","protected":false},"author":39,"featured_media":0,"comment_status":"open","ping_status":"closed","sticky":false,"template":"","format":"standard","meta":[],"categories":[2],"tags":[10,21,24,26,29,34,48,49],"_links":{"self":[{"href":"https:\/\/blogs.elnortedecastilla.es\/CampoGrande\/wp-json\/wp\/v2\/posts\/56"}],"collection":[{"href":"https:\/\/blogs.elnortedecastilla.es\/CampoGrande\/wp-json\/wp\/v2\/posts"}],"about":[{"href":"https:\/\/blogs.elnortedecastilla.es\/CampoGrande\/wp-json\/wp\/v2\/types\/post"}],"author":[{"embeddable":true,"href":"https:\/\/blogs.elnortedecastilla.es\/CampoGrande\/wp-json\/wp\/v2\/users\/39"}],"replies":[{"embeddable":true,"href":"https:\/\/blogs.elnortedecastilla.es\/CampoGrande\/wp-json\/wp\/v2\/comments?post=56"}],"version-history":[{"count":0,"href":"https:\/\/blogs.elnortedecastilla.es\/CampoGrande\/wp-json\/wp\/v2\/posts\/56\/revisions"}],"wp:attachment":[{"href":"https:\/\/blogs.elnortedecastilla.es\/CampoGrande\/wp-json\/wp\/v2\/media?parent=56"}],"wp:term":[{"taxonomy":"category","embeddable":true,"href":"https:\/\/blogs.elnortedecastilla.es\/CampoGrande\/wp-json\/wp\/v2\/categories?post=56"},{"taxonomy":"post_tag","embeddable":true,"href":"https:\/\/blogs.elnortedecastilla.es\/CampoGrande\/wp-json\/wp\/v2\/tags?post=56"}],"curies":[{"name":"wp","href":"https:\/\/api.w.org\/{rel}","templated":true}]}}