{"id":57,"date":"2009-04-26T12:43:00","date_gmt":"2009-04-26T12:43:00","guid":{"rendered":"http:\/\/blogs.elnortedecastilla.es\/CampoGrande\/?p=57"},"modified":"2009-04-26T12:43:00","modified_gmt":"2009-04-26T12:43:00","slug":"segunda-guerra-mundial-procesos-nuremberg-y-derechos-humanos","status":"publish","type":"post","link":"https:\/\/blogs.elnortedecastilla.es\/CampoGrande\/2009\/04\/26\/segunda-guerra-mundial-procesos-nuremberg-y-derechos-humanos\/","title":{"rendered":"Segunda Guerra Mundial, Procesos de Nuremberg y Derechos Humanos"},"content":{"rendered":"<p><IMG class=imgizqda id=img_0 style=\"WIDTH: 306px; HEIGHT: 444px\" height=555 src=\"\/CampoGrande\/wp-content\/uploads\/sites\/27\" width=454>  <P class=MsoNormal style=\"MARGIN: 0cm 0cm 0pt; TEXT-INDENT: 35.45pt; TEXT-ALIGN: justify\"><SPAN style=\"mso-ansi-language: ES-TRAD\"><FONT size=3><FONT face=\"Times New Roman\">Segunda Guerra Mundial, Proceso de Nuremberg y Derechos Humanos<?xml:namespace prefix = o ns = \"urn:schemas-microsoft-com:office:office\" \/><o:p><\/o:p><\/FONT><\/FONT><\/SPAN><\/p>\n<p> <P class=MsoNormal style=\"MARGIN: 0cm 0cm 0pt; TEXT-INDENT: 35.45pt; TEXT-ALIGN: justify\"><SPAN style=\"mso-ansi-language: ES-TRAD\"><o:p><FONT face=\"Times New Roman\" size=3><\/FONT><\/o:p><\/SPAN><\/p>\n<p> <P class=MsoNormal style=\"MARGIN: 0cm 0cm 0pt; TEXT-INDENT: 35.45pt; TEXT-ALIGN: justify\"><SPAN style=\"mso-ansi-language: ES-TRAD\"><FONT size=3><FONT face=\"Times New Roman\">Hablar de <?xml:namespace prefix = st1 ns = \"urn:schemas-microsoft-com:office:smarttags\" \/><st1:PersonName w:st=\"on\" ProductID=\"la Segunda Guerra\"><st1:PersonName w:st=\"on\" ProductID=\"la Segunda\">la Segunda<\/st1:PersonName> Guerra<\/st1:PersonName> Mundial, en su conjunto de batallas con victorias y derrotas, puede ser lo suficientemente farragoso como para hacernos perder la perspectiva de lo que viene sucediendo como una consecuencia ineludible.<o:p><\/o:p><\/FONT><\/FONT><\/SPAN><\/p>\n<p> <P class=MsoNormal style=\"MARGIN: 0cm 0cm 0pt; TEXT-INDENT: 35.45pt; TEXT-ALIGN: justify\"><SPAN style=\"mso-ansi-language: ES-TRAD\"><FONT size=3><FONT face=\"Times New Roman\">En mi visita al Museo de Bastogne, la peque\u00f1a poblaci\u00f3n belga que fue rodeada por los nazis en diciembre de de 1944 y defendida heroicamente por el comandante McAuliffe al frente de la 101 aerotransportada americana, pude ver en grandes paneles las modificaciones introducidas en la leyes alemanas por Hitler. Esas modificaciones aprobadas gradualmente permitieron a Hitler deshacerse de los controles de la democracia y transformar Alemania en una dictadura.<o:p><\/o:p><\/FONT><\/FONT><\/SPAN><\/p>\n<p> <P class=MsoNormal style=\"MARGIN: 0cm 0cm 0pt; TEXT-INDENT: 35.45pt; TEXT-ALIGN: justify\"><SPAN style=\"mso-ansi-language: ES-TRAD\"><FONT size=3><FONT face=\"Times New Roman\">Un dictador dispone del pa\u00eds y, en el mejor de los casos, ordena los bienes y la producci\u00f3n para beneficio de la naci\u00f3n. Pero puede equivocarse y conducir a la naci\u00f3n hacia una espiral de violencia y destrucci\u00f3n.<o:p><\/o:p><\/FONT><\/FONT><\/SPAN><\/p>\n<p> <P class=MsoNormal style=\"MARGIN: 0cm 0cm 0pt; TEXT-INDENT: 35.45pt; TEXT-ALIGN: justify\"><SPAN style=\"mso-ansi-language: ES-TRAD\"><FONT size=3><FONT face=\"Times New Roman\">Una de las transformaciones legales introducidas por Hitler \u2013buscando el bien social de su pa\u00eds- fue la famosa Act 4 por la cual la investigaci\u00f3n y la ciencia pudieron utilizar en sus experimentos a seres humanos, aunque eso s\u00ed, s\u00f3lo a los incapacitados laborales durante m\u00e1s tres meses,<SPAN style=\"mso-spacerun: yes\"> <\/SPAN>a los enfermos cr\u00f3nicos, a los enfermos mentales, a los presos, a diferentes grupos \u00e9tnicos que no respond\u00edan a los par\u00e1metros de belleza aria \u2013gitanos, jud\u00edos y espa\u00f1oles entre otros-. Los espa\u00f1oles llevaban una estrella azul con una S (Spaniard) en el centro.<o:p><\/o:p><\/FONT><\/FONT><\/SPAN><\/p>\n<p> <P class=MsoNormal style=\"MARGIN: 0cm 0cm 0pt; TEXT-INDENT: 35.45pt; TEXT-ALIGN: justify\"><SPAN style=\"mso-ansi-language: ES-TRAD\"><FONT size=3><FONT face=\"Times New Roman\">El grupo \u00e9tnico que m\u00e1s sufri\u00f3 los envites del nazismo fue el jud\u00edo, con seis millones de v\u00edctimas. Las mujeres jud\u00edas fueron obligadas a abortar y sufrieron toda clase de experimentos cient\u00edficos, f\u00edsicos y qu\u00edmicos, pro una esterilizaci\u00f3n masiva y barata. Los hombres eran utilizados como conejillos <SPAN style=\"mso-spacerun: yes\"><\/SPAN>de indias en experimentos para determinar la resistencia humana a la altura, a la congelaci\u00f3n, etc.<o:p><\/o:p><\/FONT><\/FONT><\/SPAN><\/p>\n<p> <P class=MsoNormal style=\"MARGIN: 0cm 0cm 0pt; TEXT-INDENT: 35.45pt; TEXT-ALIGN: justify\"><SPAN style=\"mso-ansi-language: ES-TRAD\"><FONT size=3><FONT face=\"Times New Roman\">Tras la batalla de Les Ardennes, regi\u00f3n belga en la que se encuentra Bastogne y en la que murieron 100.000 soldados americanos y otros tantos alemanes, el ej\u00e9rcito nazi qued\u00f3 herido de muerte. La batalla de Les Ardennes termin\u00f3 el 25 de enero de 1945 y la guerra en junio de ese mismo a\u00f1o. Y en noviembre comenzaron los procesos de Nuremberg.<o:p><\/o:p><\/FONT><\/FONT><\/SPAN><\/p>\n<p> <P class=MsoNormal style=\"MARGIN: 0cm 0cm 0pt; TEXT-INDENT: 35.45pt; TEXT-ALIGN: justify\"><SPAN style=\"mso-ansi-language: ES-TRAD\"><FONT size=3><FONT face=\"Times New Roman\">En Nuremberg se form\u00f3 un tribunal internacional con jueces procedentes de los pa\u00edses vencedores: Francia, Reino Unido, E.E.U.U y Rusia. Se procesaron a unos cuatro mil mandos del ej\u00e9rcito nazi aunque los procesos s\u00f3lo lograron enjuiciar a 22 de ellos. Y no todos fueron condenados, algunos fueron absueltos y otros tan s\u00f3lo cumplieron 10 o 15 a\u00f1os de c\u00e1rcel.<o:p><\/o:p><\/FONT><\/FONT><\/SPAN><\/p>\n<p> <P class=MsoNormal style=\"MARGIN: 0cm 0cm 0pt; TEXT-INDENT: 35.45pt; TEXT-ALIGN: justify\"><SPAN style=\"mso-ansi-language: ES-TRAD\"><FONT size=3><FONT face=\"Times New Roman\">Visto desde lejos cabe preguntarse c\u00f3mo es posible que tantos cr\u00edmenes de guerra, de soldados y civiles muertos durante las acciones b\u00e9licas en defensa del propio pa\u00eds invadido y tantos hombres masacrados en campos de trabajos forzados, en campos de concentraci\u00f3n y en experimentos \u201ccient\u00edficos\u201d s\u00f3lo pudieran alcanzar a 24 altos mandos del ej\u00e9rcito alem\u00e1n y de los cuerpos de polic\u00eda y espionaje.<o:p><\/o:p><\/FONT><\/FONT><\/SPAN><\/p>\n<p> <P class=MsoNormal style=\"MARGIN: 0cm 0cm 0pt; TEXT-INDENT: 35.45pt; TEXT-ALIGN: justify\"><SPAN style=\"mso-ansi-language: ES-TRAD\"><FONT size=3><FONT face=\"Times New Roman\">Pues fue posible porque los imputados tan s\u00f3lo obedecieron \u00f3rdenes respaldadas por normativas legales que fueron introducidas previamente en la legislaci\u00f3n alemana.<o:p><\/o:p><\/FONT><\/FONT><\/SPAN><\/p>\n<p> <P class=MsoNormal style=\"MARGIN: 0cm 0cm 0pt; TEXT-INDENT: 35.45pt; TEXT-ALIGN: justify\"><SPAN style=\"mso-ansi-language: ES-TRAD\"><FONT size=3><FONT face=\"Times New Roman\">Esa fue su salvaci\u00f3n.<o:p><\/o:p><\/FONT><\/FONT><\/SPAN><\/p>\n<p> <P class=MsoNormal style=\"MARGIN: 0cm 0cm 0pt; TEXT-INDENT: 35.45pt; TEXT-ALIGN: justify\"><SPAN style=\"mso-ansi-language: ES-TRAD\"><FONT size=3><FONT face=\"Times New Roman\">Tras <st1:PersonName w:st=\"on\" ProductID=\"la Segunda Guerra\"><st1:PersonName w:st=\"on\" ProductID=\"la Segunda\">la Segunda<\/st1:PersonName> Guerra<\/st1:PersonName> Mundial, tras los Procesos de Nuremberg, el mundo sabe que hay que introducir en las legislaciones nacionales art\u00edculos que defiendan los Derechos Humanos. Ponerse de acuerdo internacionalmente sobre el articulado de los Derechos Humanos no ha sido tarea f\u00e1cil, a juzgar por las numerosas modificaciones que desde 1945 se vienen haciendo. Lo que una naci\u00f3n considera \u201cun derecho humano\u201d otro pa\u00eds puedo no considerarlo como tal, dependiendo del concepto de hombre o mujer que subsista en sus creencias y en su cultura.<o:p><\/o:p><\/FONT><\/FONT><\/SPAN><\/p>\n<p> <P class=MsoNormal style=\"MARGIN: 0cm 0cm 0pt; TEXT-INDENT: 35.45pt; TEXT-ALIGN: justify\"><SPAN style=\"mso-ansi-language: ES-TRAD\"><FONT size=3><FONT face=\"Times New Roman\">Parece que la \u00faltima tendencia es tomar como referencia los ideales revolucionarios franceses de libertad, igualdad y fraternidad. Aunque cabe preguntarse si en alguno de los pa\u00edses europeos que suscriben la carta de los Derechos Humanos no est\u00e1 vigente la famosa Act 4 nazi que permite la eliminaci\u00f3n de los discapacitados como personas no \u00fatiles a la naci\u00f3n, de los d\u00e9biles o de los que no tienen voz. Todo ello como justificaci\u00f3n de un pretendido bien social, claro.<o:p><\/o:p><\/FONT><\/FONT><\/SPAN><\/p>\n<!-- AddThis Advanced Settings generic via filter on the_content --><!-- AddThis Share Buttons generic via filter on the_content -->","protected":false},"excerpt":{"rendered":"<p>Segunda Guerra Mundial, Proceso de Nuremberg y Derechos Humanos Hablar de la Segunda Guerra Mundial, en su conjunto de batallas con victorias y derrotas, puede ser lo suficientemente farragoso como para hacernos perder la perspectiva de lo que viene sucediendo como una consecuencia ineludible. En mi visita al Museo de Bastogne, la peque\u00f1a poblaci\u00f3n belga [&hellip;]<!-- AddThis Advanced Settings generic via filter on get_the_excerpt --><!-- AddThis Share Buttons generic via filter on get_the_excerpt --><\/p>\n","protected":false},"author":39,"featured_media":0,"comment_status":"open","ping_status":"closed","sticky":false,"template":"","format":"standard","meta":[],"categories":[2],"tags":[22,23,26,34],"_links":{"self":[{"href":"https:\/\/blogs.elnortedecastilla.es\/CampoGrande\/wp-json\/wp\/v2\/posts\/57"}],"collection":[{"href":"https:\/\/blogs.elnortedecastilla.es\/CampoGrande\/wp-json\/wp\/v2\/posts"}],"about":[{"href":"https:\/\/blogs.elnortedecastilla.es\/CampoGrande\/wp-json\/wp\/v2\/types\/post"}],"author":[{"embeddable":true,"href":"https:\/\/blogs.elnortedecastilla.es\/CampoGrande\/wp-json\/wp\/v2\/users\/39"}],"replies":[{"embeddable":true,"href":"https:\/\/blogs.elnortedecastilla.es\/CampoGrande\/wp-json\/wp\/v2\/comments?post=57"}],"version-history":[{"count":0,"href":"https:\/\/blogs.elnortedecastilla.es\/CampoGrande\/wp-json\/wp\/v2\/posts\/57\/revisions"}],"wp:attachment":[{"href":"https:\/\/blogs.elnortedecastilla.es\/CampoGrande\/wp-json\/wp\/v2\/media?parent=57"}],"wp:term":[{"taxonomy":"category","embeddable":true,"href":"https:\/\/blogs.elnortedecastilla.es\/CampoGrande\/wp-json\/wp\/v2\/categories?post=57"},{"taxonomy":"post_tag","embeddable":true,"href":"https:\/\/blogs.elnortedecastilla.es\/CampoGrande\/wp-json\/wp\/v2\/tags?post=57"}],"curies":[{"name":"wp","href":"https:\/\/api.w.org\/{rel}","templated":true}]}}