{"id":64,"date":"2009-10-08T21:21:00","date_gmt":"2009-10-08T21:21:00","guid":{"rendered":"http:\/\/blogs.elnortedecastilla.es\/CampoGrande\/?p=64"},"modified":"2009-10-08T21:21:00","modified_gmt":"2009-10-08T21:21:00","slug":"el-palacio-los-vientos-rosa-maria-echevarria","status":"publish","type":"post","link":"https:\/\/blogs.elnortedecastilla.es\/CampoGrande\/2009\/10\/08\/el-palacio-los-vientos-rosa-maria-echevarria\/","title":{"rendered":"El palacio de los vientos, de Rosa Mar\u00eda Echevarr\u00eda"},"content":{"rendered":"<p><IMG class=imgizqda id=img_0 src=\"\/CampoGrande\/wp-content\/uploads\/sites\/27\"><\/p>\n<p><SPAN style=\"FONT-SIZE: 14pt; FONT-FAMILY: 'Trebuchet MS'; mso-bidi-font-family: Arial\"> <P style=\"MARGIN: 5pt 4.95pt 0pt 0cm; TEXT-INDENT: 35.45pt; TEXT-ALIGN: justify\"><SPAN style=\"FONT-SIZE: 14pt; FONT-FAMILY: 'Trebuchet MS'; mso-bidi-font-family: Arial\"><EM><STRONG>El palacio de los vientos<?xml:namespace prefix = o ns = \"urn:schemas-microsoft-com:office:office\" \/><o:p><\/o:p><\/STRONG><\/EM><\/SPAN><\/p>\n<p> <P style=\"MARGIN: 5pt 4.95pt 0pt 0cm; TEXT-INDENT: 35.45pt; TEXT-ALIGN: justify\"><SPAN style=\"FONT-FAMILY: 'Trebuchet MS'; mso-bidi-font-family: Arial\"><FONT size=3>Rosa Mar\u00eda Echevarr\u00eda<o:p><\/o:p><\/FONT><\/SPAN><\/p>\n<p> <P style=\"MARGIN: 5pt 4.95pt 0pt 0cm; TEXT-INDENT: 35.45pt; TEXT-ALIGN: justify\"><SPAN style=\"FONT-FAMILY: 'Trebuchet MS'; mso-bidi-font-family: Arial\"><FONT size=3>Ciudadela, Madrid, 2009<o:p><\/o:p><\/FONT><\/SPAN><\/p>\n<p> <P style=\"MARGIN: 5pt 4.95pt 0pt 0cm; TEXT-INDENT: 35.45pt; TEXT-ALIGN: justify\"><SPAN style=\"FONT-FAMILY: 'Trebuchet MS'; mso-bidi-font-family: Arial\"><FONT size=3>253 p\u00e1ginas.<o:p><\/o:p><\/FONT><\/SPAN><\/p>\n<p> <P style=\"MARGIN: 5pt 4.95pt 0pt 0cm; TEXT-INDENT: 35.45pt; TEXT-ALIGN: justify\"><SPAN style=\"FONT-FAMILY: 'Trebuchet MS'; mso-bidi-font-family: Arial\"><FONT size=3>La autora ha querido introducir<SPAN style=\"mso-spacerun: yes\">  <\/SPAN>su novela con un verso de Vicente Alexandre y <SPAN style=\"mso-spacerun: yes\"> <\/SPAN>finalizarla con una cita de Jorge Guill\u00e9n: toda una definici\u00f3n del estilo de su escritura. Exhibe todo un cat\u00e1logo de comparaciones, alegor\u00edas, una exquisita utilizaci\u00f3n del ep\u00edteto, met\u00e1foras y sinestesias que lejos de dificultar la lectura, consiguen atraer al lector y sumirlo en el v\u00e9rtigo de la narraci\u00f3n. Estilo cuidado y culto.<o:p><\/o:p><\/FONT><\/SPAN><\/p>\n<p> <P style=\"MARGIN: 5pt 4.95pt 0pt 0cm; TEXT-INDENT: 35.45pt; TEXT-ALIGN: justify\"><SPAN style=\"FONT-FAMILY: 'Trebuchet MS'; mso-bidi-font-family: Arial\"><FONT size=3>Una familia vasca escindida por el silencio, por la incomunicaci\u00f3n; tres generaciones de vidas separadas entre los muros de dos caser\u00edos constituye el marco que Rosa Mar\u00eda Echevarr\u00eda elige para presentar al lector el tema del aislamiento y la soledad, del ego\u00edsmo del que se niega a compartir la propia intimidad, incluso con aquellos que tienen derecho, al menos, a formar parte de la propia vida.<o:p><\/o:p><\/FONT><\/SPAN><\/p>\n<p> <P style=\"MARGIN: 5pt 4.95pt 0pt 0cm; TEXT-INDENT: 35.45pt; TEXT-ALIGN: justify\"><SPAN style=\"FONT-FAMILY: 'Trebuchet MS'; mso-bidi-font-family: Arial\"><FONT size=3>Rosa Mar\u00eda Echavarr\u00eda ha escogido, como estructura de esta novela, la presentaci\u00f3n de los principales personajes de forma aislada, en los primeros cap\u00edtulos. Aparecen como universos separados cuyos v\u00ednculos permanecen escondidos al lector. Vidas pr\u00f3ximas, intuimos, pero vidas separadas, independientes. Como los lados de la l\u00ednea quebrada que conforma la base de una pir\u00e1mide de m\u00faltiples caras. Podr\u00edan ser, cada uno de esos cap\u00edtulos iniciales el primero de la novela. Reminiscencias, tal vez, del estilo de Gabriel Garc\u00eda M\u00e1rquez en <EM>Cr\u00f3nica de una muerte anunciada<\/EM>.<o:p><\/o:p><\/FONT><\/SPAN><\/p>\n<p> <P style=\"MARGIN: 5pt 4.95pt 0pt 0cm; TEXT-INDENT: 35.45pt; TEXT-ALIGN: justify\"><SPAN style=\"FONT-FAMILY: 'Trebuchet MS'; mso-bidi-font-family: Arial\"><FONT size=3>La autora reta al lector a descubrir lo que de com\u00fan tienen vidas tan dispares: un joven, hijo del propietario del caser\u00edo vasco, una prostituta, un piloto franc\u00e9s, una ni\u00f1a que huye de su caser\u00edo y convive brevemente con los artistas portugueses de un circo ambulante&#8230;<o:p><\/o:p><\/FONT><\/SPAN><\/p>\n<p> <P style=\"MARGIN: 5pt 4.95pt 0pt 0cm; TEXT-INDENT: 35.45pt; TEXT-ALIGN: justify\"><SPAN style=\"FONT-FAMILY: 'Trebuchet MS'; mso-bidi-font-family: Arial\"><FONT size=3>A medida que la historia avanza, avanza la edad del joven Juan Miguel que m\u00e1s tarde ser\u00e1 el abuelo de Beatriz ojosdecristal. El nombre de su nieta ya supone para el lector el eco de <?xml:namespace prefix = st1 ns = \"urn:schemas-microsoft-com:office:smarttags\" \/><st1:PersonName ProductID=\"la Beatriz\" w:st=\"on\">la Beatriz<\/st1:PersonName> de <st1:PersonName ProductID=\"la Divina Comedia\" w:st=\"on\"><st1:PersonName ProductID=\"la Divina\" w:st=\"on\">la <EM>Divina<\/EM><\/st1:PersonName><EM> Comedia<\/EM><\/st1:PersonName>, y es el <SPAN style=\"mso-spacerun: yes\"> <\/SPAN>personaje que acompa\u00f1a al lector por el infierno y el purgatorio en el que viven los otros pobladores de la novela: el infierno del aislamiento y de la incomunicaci\u00f3n.<o:p><\/o:p><\/FONT><\/SPAN><\/p>\n<p> <P style=\"MARGIN: 5pt 4.95pt 0pt 0cm; TEXT-INDENT: 35.45pt; TEXT-ALIGN: justify\"><SPAN style=\"FONT-FAMILY: 'Trebuchet MS'; mso-bidi-font-family: Arial\"><FONT size=3>Juan Miguel y Helena fueron los abuelos. Isabel de Zubir\u00eda, Se\u00f1ora de Irabia, y Pierre Leblanch, los padres. Beatriz y Miguel Salvatierra, la nieta y su compa\u00f1ero de juegos, y m\u00e1s tarde, su enamorado.<o:p><\/o:p><\/FONT><\/SPAN><\/p>\n<p> <P style=\"MARGIN: 5pt 4.95pt 0pt 0cm; TEXT-INDENT: 35.45pt; TEXT-ALIGN: justify\"><SPAN style=\"FONT-FAMILY: 'Trebuchet MS'; mso-bidi-font-family: Arial\"><FONT size=3>El lector encuentra adem\u00e1s otras influencias literarias. Con James Joyce, hemos aprendido a ver la realidad a trav\u00e9s del pensamiento de uno de sus personajes. Aceptamos esta falacia y construimos la historia con los datos que el pensamiento de los personajes nos permite conocer. El \u201cstream of consciousness\u201d o mon\u00f3logo del pensamiento constituye una parte muy importante de esta novela. Los personajes viven aislados, en su mundo interior. Pero piensan y el lector puede asomarse a sus pensamientos.<o:p><\/o:p><\/FONT><\/SPAN><\/p>\n<p> <P style=\"MARGIN: 5pt 4.95pt 0pt 0cm; TEXT-INDENT: 35.45pt; TEXT-ALIGN: justify\"><SPAN style=\"FONT-FAMILY: 'Trebuchet MS'; mso-bidi-font-family: Arial\"><FONT size=3>Beatriz sufrir\u00e1 el aislamiento al que parece condenada pero ella misma ser\u00e1 la causa de redenci\u00f3n para los que la rodean.<o:p><\/o:p><\/FONT><\/SPAN><\/p>\n<p> <P style=\"MARGIN: 5pt 4.95pt 0pt 0cm; TEXT-INDENT: 35.45pt; TEXT-ALIGN: justify\"><SPAN style=\"FONT-FAMILY: 'Trebuchet MS'; mso-bidi-font-family: Arial\"><FONT size=3>Miguel de Salvatierra, el enamorado de Beatriz, ser\u00e1 la voz que la autora elige para que el lector conozca que fue, precisamente, un palacio, el Hawa Mahal, en Jaipur, \u201cla ciudad rosada, la ciudad que tiene el color de la bienvenida\u201d en India, el inspirador de esta novela. \u201cLas 953 ventanas est\u00e1n recubiertas por celos\u00edas y desde su interior las damas pod\u00edan contemplar la vida de la calle sin ser vistas por nadie. El viento circulaba libremente y por esta raz\u00f3n el palacio se la conoc\u00eda con este nombre: el palacio de los vientos.\u201d (P\u00e1g. 242)<o:p><\/o:p><\/FONT><\/SPAN><\/p>\n<p> <P style=\"MARGIN: 5pt 4.95pt 0pt 0cm; TEXT-INDENT: 35.45pt; TEXT-ALIGN: justify\"><SPAN style=\"FONT-FAMILY: 'Trebuchet MS'; mso-bidi-font-family: Arial\"><FONT size=3>La autora, Rosa Mar\u00eda de Echevarr\u00eda, tambi\u00e9n acierta con la manera de expresarse personajes propias de los estratos sociales m\u00e1s bajos: Violetadean\u00eds, prostituta; el Yoni, el chulo de la prostituta; <st1:PersonName ProductID=\"la Sinfo\" w:st=\"on\">la Sinfo<\/st1:PersonName>, verdulera; Bejam\u00edn, jardinero; \u00c1gueda ama de llaves; Josefa, cocinera; el t\u00edo Macario (el Gran Kid), la t\u00eda Juana (la mujer p\u00e1jaro), ambos equilibristas en un circo ambulante\u2026<o:p><\/o:p><\/FONT><\/SPAN><\/p>\n<p> <P style=\"MARGIN: 5pt 4.95pt 0pt 0cm; TEXT-INDENT: 35.45pt; TEXT-ALIGN: justify\"><SPAN style=\"FONT-FAMILY: 'Trebuchet MS'; mso-bidi-font-family: Arial\"><FONT size=3>Las circunstancias en las que todos estos personajes interact\u00faan permiten a la autora tocar los temas de violencia dom\u00e9stica, los asesinatos, la prostituci\u00f3n y el crimen organizados. Pero Rosa Mar\u00eda Echavarr\u00eda ofrece al lector la posibilidad de profundizar en la huella y en las consecuencias que para cada uno de los personajes todas estas lacras dejan. Vemos estas realidades a trav\u00e9s del da\u00f1o que producen en los que las protagonizan. No como un simple cat\u00e1logo de atrocidades.<o:p><\/o:p><\/FONT><\/SPAN><\/p>\n<p> <P style=\"MARGIN: 5pt 4.95pt 0pt 0cm; TEXT-INDENT: 35.45pt; TEXT-ALIGN: justify\"><SPAN style=\"FONT-FAMILY: 'Trebuchet MS'; mso-bidi-font-family: Arial\"><FONT size=3>En definitiva, una novela valiente que acerca al lector a un universo integrado por realidades muy duras pero presentadas con un lenguaje elegante y bajo un umbral de integridad.<o:p><\/o:p><\/FONT><\/SPAN><\/p>\n<p> <P style=\"MARGIN: 5pt -24.8pt 0pt 0cm; TEXT-INDENT: 35.45pt; TEXT-ALIGN: justify\"><\/SPAN><\/p>\n<!-- AddThis Advanced Settings generic via filter on the_content --><!-- AddThis Share Buttons generic via filter on the_content -->","protected":false},"excerpt":{"rendered":"<p>El palacio de los vientos Rosa Mar\u00eda Echevarr\u00eda Ciudadela, Madrid, 2009 253 p\u00e1ginas. La autora ha querido introducir su novela con un verso de Vicente Alexandre y finalizarla con una cita de Jorge Guill\u00e9n: toda una definici\u00f3n del estilo de su escritura. Exhibe todo un cat\u00e1logo de comparaciones, alegor\u00edas, una exquisita utilizaci\u00f3n del ep\u00edteto, met\u00e1foras [&hellip;]<!-- AddThis Advanced Settings generic via filter on get_the_excerpt --><!-- AddThis Share Buttons generic via filter on get_the_excerpt --><\/p>\n","protected":false},"author":39,"featured_media":0,"comment_status":"open","ping_status":"closed","sticky":false,"template":"","format":"standard","meta":[],"categories":[2],"tags":[10,16,24,26,34],"_links":{"self":[{"href":"https:\/\/blogs.elnortedecastilla.es\/CampoGrande\/wp-json\/wp\/v2\/posts\/64"}],"collection":[{"href":"https:\/\/blogs.elnortedecastilla.es\/CampoGrande\/wp-json\/wp\/v2\/posts"}],"about":[{"href":"https:\/\/blogs.elnortedecastilla.es\/CampoGrande\/wp-json\/wp\/v2\/types\/post"}],"author":[{"embeddable":true,"href":"https:\/\/blogs.elnortedecastilla.es\/CampoGrande\/wp-json\/wp\/v2\/users\/39"}],"replies":[{"embeddable":true,"href":"https:\/\/blogs.elnortedecastilla.es\/CampoGrande\/wp-json\/wp\/v2\/comments?post=64"}],"version-history":[{"count":0,"href":"https:\/\/blogs.elnortedecastilla.es\/CampoGrande\/wp-json\/wp\/v2\/posts\/64\/revisions"}],"wp:attachment":[{"href":"https:\/\/blogs.elnortedecastilla.es\/CampoGrande\/wp-json\/wp\/v2\/media?parent=64"}],"wp:term":[{"taxonomy":"category","embeddable":true,"href":"https:\/\/blogs.elnortedecastilla.es\/CampoGrande\/wp-json\/wp\/v2\/categories?post=64"},{"taxonomy":"post_tag","embeddable":true,"href":"https:\/\/blogs.elnortedecastilla.es\/CampoGrande\/wp-json\/wp\/v2\/tags?post=64"}],"curies":[{"name":"wp","href":"https:\/\/api.w.org\/{rel}","templated":true}]}}