{"id":73,"date":"2010-05-23T17:56:00","date_gmt":"2010-05-23T16:56:00","guid":{"rendered":"http:\/\/blogs.elnortedecastilla.es\/CampoGrande\/?p=73"},"modified":"2010-05-23T17:56:00","modified_gmt":"2010-05-23T16:56:00","slug":"la-hija-del-ministro-miguel-aranguren","status":"publish","type":"post","link":"https:\/\/blogs.elnortedecastilla.es\/CampoGrande\/2010\/05\/23\/la-hija-del-ministro-miguel-aranguren\/","title":{"rendered":"La hija del ministro, de Miguel Aranguren"},"content":{"rendered":"<p><img id=\"img_0\" class=\"imgizqda\" src=\"\/CampoGrande\/wp-content\/uploads\/sites\/27\" alt=\"\" \/><\/p>\n<p class=\"MsoNormal\" style=\"margin: 0cm 0cm 0pt; text-indent: 35.45pt; text-align: justify;\"><strong style=\"mso-bidi-font-weight: normal;\"><em style=\"mso-bidi-font-style: normal;\"><span style=\"font-size: 14pt; font-family: 'Trebuchet MS'; mso-ansi-language: ES-TRAD;\" lang=\"ES-TRAD\">La hija del ministro<!--?xml:namespace prefix = o ns = \"urn:schemas-microsoft-com:office:office\" ?--><\/span><\/em><\/strong><\/p>\n<p class=\"MsoNormal\" style=\"margin: 0cm 0cm 0pt; text-indent: 35.45pt; text-align: justify;\"><span style=\"font-family: 'Trebuchet MS'; mso-ansi-language: ES-TRAD;\" lang=\"ES-TRAD\"><span style=\"font-size: small;\">Miguel Aranguren Echevarr\u00eda<\/span><\/span><\/p>\n<p class=\"MsoNormal\" style=\"margin: 0cm 0cm 0pt; text-indent: 35.45pt; text-align: justify;\"><span style=\"font-family: 'Trebuchet MS'; mso-ansi-language: ES-TRAD;\" lang=\"ES-TRAD\"><span style=\"font-size: small;\">La esfera de los libros, Madrid, 2009, 503 p\u00e1gs.<\/span><\/span><\/p>\n<p class=\"MsoNormal\" style=\"margin: 0cm 0cm 0pt; text-indent: 35.45pt; text-align: justify;\">\n<p class=\"MsoNormal\" style=\"margin: 0cm 0cm 0pt; text-indent: 35.45pt; text-align: justify;\"><span style=\"font-family: 'Trebuchet MS'; mso-ansi-language: ES-TRAD;\" lang=\"ES-TRAD\"><span style=\"font-size: small;\">La realidad pluricultural de nuestro pa\u00eds y, tal vez, el inter\u00e9s por conquistar los mercados hispanohablantes, llevan al autor a elegir a Nelsy, una joven ecuatoriana, como testigo de que la ficci\u00f3n de que este relato es s\u00f3lo aparente. Tambi\u00e9n es Nelsy el punto de encuentro entre el mundo de la protagonista, la joven Elvira hija de un ministro \u2013uno de los del \u00faltimo gobierno que Alfonso XIII encomend\u00f3 al almirante Aznar, all\u00e1 por el a\u00f1o 1930-y las reacciones que la vida de esa joven, vapuleada por la convulsiva Espa\u00f1a de los a\u00f1os de la segunda rep\u00fablica, van produciendo en el lector.<\/span><\/span><\/p>\n<p class=\"MsoNormal\" style=\"margin: 0cm 0cm 0pt; text-indent: 35.45pt; text-align: justify;\"><span style=\"font-family: 'Trebuchet MS'; mso-ansi-language: ES-TRAD;\" lang=\"ES-TRAD\"><span style=\"font-size: small;\">Desde 1808, fecha en al que los espa\u00f1oles se rebelaron contra Napole\u00f3n, ya no dejaron de hacerlo contra todo aquello que les desagradaba. Me refiero a las duras circunstancias en las que viv\u00eda el 80 % de la poblaci\u00f3n ocupada en trabajar las tierras de grandes latifundios. El reinado de Fernando VII (1814-1833) fue una continua disputa del poder entre un rey absolutista y un pueblo que quer\u00eda una monarqu\u00eda constitucional \u2013la de 1812-.<\/span><\/span><\/p>\n<p class=\"MsoNormal\" style=\"margin: 0cm 0cm 0pt; text-indent: 35.45pt; text-align: justify;\"><span style=\"font-family: 'Trebuchet MS'; mso-ansi-language: ES-TRAD;\" lang=\"ES-TRAD\"><span style=\"font-size: small;\">El apoyo que la mayor\u00eda de la clase pol\u00edtica dio a su hija Isabel II, a pesar de la ley s\u00e1lica- se debi\u00f3 al miedo al retorno a una monarqu\u00eda absolutista bajo el reinado de Carlos, el que hubiera sido V, el hermano de Fernando.<\/span><\/span><\/p>\n<p class=\"MsoNormal\" style=\"margin: 0cm 0cm 0pt; text-indent: 35.45pt; text-align: justify;\"><span style=\"font-family: 'Trebuchet MS'; mso-ansi-language: ES-TRAD;\" lang=\"ES-TRAD\"><span style=\"font-size: small;\">Bajo el reinado de una mujer, mejor de una ni\u00f1a, les fue f\u00e1cil a los liberales y a los moderados repartirse jirones de poder. Y ya se sabe, el que reparte se lleva la mejor parte. As\u00ed las clases que reclamaron las desamortizaciones de 1822, de 1837, entre otras, se hicieron con la mayor parte de las tierras a bajo coste y se convirtieron en las nuevas clases dominantes. Mientra, el campesinado continu\u00f3 su vida dura de asalariado, sin derechos pol\u00edticos pues carec\u00eda de voto todo que aquel que no pagase impuestos directos al estado.<\/span><\/span><\/p>\n<p class=\"MsoNormal\" style=\"margin: 0cm 0cm 0pt; text-indent: 35.45pt; text-align: justify;\"><span style=\"font-family: 'Trebuchet MS'; mso-ansi-language: ES-TRAD;\" lang=\"ES-TRAD\"><span style=\"font-size: small;\">Comenzaron, la industria textil en Catalu\u00f1a y la metal\u00fargica vasca (construcci\u00f3n de v\u00edas del ferrocarril y de barcos), a atraer campesinos hacia estas dos regiones. Y al tiempo surgieron partidos pol\u00edticos y fuerzas sindicales que aglutinaron su descontento dando lugar al sexenio revolucionario 1868-1874 durante el cual se aprob\u00f3 la constituci\u00f3n de 1869, la \u201cgloriosa\u201d que reconoc\u00eda el sufragio universal y las libertades de culto, prensa y reuni\u00f3n. Isabel II huy\u00f3 a Par\u00eds y abdic\u00f3 en su hijo Alfonso XII, pero el general Prim consigui\u00f3 que Amadeo de Saboya fuera coronado rey. El asesinato de Primi, su principal valedor contribuy\u00f3 a que Amadeo s\u00f3lo reinase cuatro a\u00f1os y tras su abdicaci\u00f3n dio comienzo la primera rep\u00fablica que en dos a\u00f1os conoci\u00f3 cuatro presidentes, Estanislao Figueras, Francisco Pi y Margall y Nicol\u00e1s Salmer\u00f3n (Pi y Margall dio alas a los federalistas y el movimiento cantonal fue tan contundente que Nicol\u00e1s Salmer\u00f3n tuvo que dar marcha atr\u00e1s y dimitir tras cuatro meses de represi\u00f3n) y Emilio Castelar. Este periodo termin\u00f3 con la sublevaci\u00f3n del general Pavia y los gobiernos de los generales Serrano y Zavala. Zavala y el general Mart\u00ednez Capos consiguen la restauraci\u00f3n de la monarqu\u00eda en la persona de Alfonso XII (1874-1885). Despu\u00e9s diecis\u00e9is a\u00f1os de regencia de Mar\u00eda Cristina de Austria. <\/span><\/span><\/p>\n<p class=\"MsoNormal\" style=\"margin: 0cm 0cm 0pt; text-indent: 35.45pt; text-align: justify;\"><span style=\"font-family: 'Trebuchet MS'; mso-ansi-language: ES-TRAD;\" lang=\"ES-TRAD\"><span style=\"font-size: small;\">De tel\u00f3n de fondo contin\u00faan las guerras carlistas en un constante intento por sentar en el trono a los herederos de Carlos, el que hubiera sido V. As\u00ed mismo, Cuba y Filipinas comienzan su lucha por la independencia y el protectorado de Marruecos tambi\u00e9n intenta librarse de Espa\u00f1a.<\/span><\/span><\/p>\n<p class=\"MsoNormal\" style=\"margin: 0cm 0cm 0pt; text-indent: 35.45pt; text-align: justify;\"><span style=\"font-family: 'Trebuchet MS'; mso-ansi-language: ES-TRAD;\" lang=\"ES-TRAD\"><span style=\"font-size: small;\">Durante el reinado de Alfonso XIII (1902-1930), los partidos din\u00e1sticos (los que quer\u00edan que Espa\u00f1a continuase siendo una monarqu\u00eda constitucional) se suceden en el poder: Maura (1907-1912) y Canalejas (1912). Pero Canalejas es asesinado ese mismo a\u00f1o y el general Primo de Rivera da un golpe de poder.<\/span><\/span><\/p>\n<p class=\"MsoNormal\" style=\"margin: 0cm 0cm 0pt; text-indent: 35.45pt; text-align: justify;\"><span style=\"font-family: 'Trebuchet MS'; mso-ansi-language: ES-TRAD;\" lang=\"ES-TRAD\"><span style=\"font-size: small;\">Primo de Rivera pierde apoyos y en 1930 se ve obligado a dimitir ante Alfonso XIII quien intenta volver a un gobierno constitucionalista. As\u00ed pide al general Berenguer (1930) y al almirante Aznar (1931) que formen gobierno. Mientras las izquierdas supieron canalizar el descontento del campesinado y de los trabajadores concentrados en las zonas industriales; pactaron una coalici\u00f3n republicana entre partidos de izquierda y sindicatos que consigui\u00f3 ganar las elecciones municipales de 1930. Alfonso XIII abandon\u00f3 Espa\u00f1a para evitar ba\u00f1os de sangre. Y comenz\u00f3 as\u00ed la segunda rep\u00fablica. Desde 1808 hasta 1930, la lista de generales y militares implicados directamente en el gobierno o indirectamente re\u00fane nombres Mart\u00ednez de <!--?xml:namespace prefix = st1 ns = \"urn:schemas-microsoft-com:office:smarttags\" ?-->la Rosa, Espartero, Prim, Serrano, Mart\u00ednez Campos, Primo de Rivera\u2026 Todos ellos lograron restablecer la uni\u00f3n, la convivencia, la paz necesarias para que Espa\u00f1a pudiese progresar.<\/span><\/span><\/p>\n<p class=\"MsoNormal\" style=\"margin: 0cm 0cm 0pt; text-indent: 35.45pt; text-align: justify;\"><span style=\"font-family: 'Trebuchet MS'; mso-ansi-language: ES-TRAD;\" lang=\"ES-TRAD\"><span style=\"font-size: small;\">Durante la segunda rep\u00fablica existi\u00f3 un primer bienio de gobierno de izquierdas y un segundo bienio de gobierno de la derecha al que se accedi\u00f3 tras ganar las elecciones en 1933. Durante ese segundo bienio presidi\u00f3 Lerroux y ocup\u00f3 la cartera de la Guerra Gil Robles. Fue Gil Robles quien convoc\u00f3 a varios generales para que restauraran el ej\u00e9rcito (Franco, Fanjul, Goded y Mola). De ellos el \u00fanico que sobrevivi\u00f3 al levantamiento de 1936 fue Franco.<\/span><\/span><\/p>\n<p class=\"MsoNormal\" style=\"margin: 0cm 0cm 0pt; text-indent: 35.45pt; text-align: justify;\"><span style=\"font-family: 'Trebuchet MS'; mso-ansi-language: ES-TRAD;\" lang=\"ES-TRAD\"><span style=\"font-size: small;\">Para que el sino del ej\u00e9rcito durante casi dos siglos ha sido frenar los des\u00f3rdenes de las revoluciones y moderar los impulsos con los que las clases desheredadas reclamaron sus mejoras laborales y de vida.<\/span><\/span><\/p>\n<p class=\"MsoNormal\" style=\"margin: 0cm 0cm 0pt; text-indent: 35.45pt; text-align: justify;\"><span style=\"font-family: 'Trebuchet MS'; mso-ansi-language: ES-TRAD;\" lang=\"ES-TRAD\"><span style=\"font-size: small;\">La hija del ministro tiene como tel\u00f3n de fondo el gobierno del almirante Aznar. Uno de sus ministros es el padre de la protagonista. Asistimos a la vida de un hombre honrado que compaginas sus deberes de gobierno con su vida familiar y sus relaciones de amistad. Elvira, una de sus hijas, es el testigo que permite al lector entrar en la sociedad convulsa del Madrid de 1930. Las consecuencias dolorosas para tantas familias de esta \u00e9poca tambi\u00e9n las sufre la familia del ministro con p\u00e9rdida de alguno de sus hijos y de las amistades de estos que determinar\u00e1n sus trayectorias vitales en los a\u00f1os sucesivos.<\/span><\/span><\/p>\n<p class=\"MsoNormal\" style=\"margin: 0cm 0cm 0pt; text-indent: 35.45pt; text-align: justify;\"><span style=\"font-family: 'Trebuchet MS'; mso-ansi-language: ES-TRAD;\" lang=\"ES-TRAD\"><span style=\"font-size: small;\">La novela se desarrolla en el Madrid y en el Pa\u00eds Vasco principalmente pero existen referencias a otras ciudades muy relacionadas con los a\u00f1os de la segunda rep\u00fablica y el avance del ej\u00e9rcito de los nacionales.<\/span><\/span><\/p>\n<p class=\"MsoNormal\" style=\"margin: 0cm 0cm 0pt; text-indent: 35.45pt; text-align: justify;\"><span style=\"font-family: 'Trebuchet MS'; mso-ansi-language: ES-TRAD;\" lang=\"ES-TRAD\"><span style=\"font-size: small;\">El lector recordar\u00e1 los hitos de la historia de Espa\u00f1a casi sin darse cuenta a trav\u00e9s de esta novela.<\/span><\/span><\/p>\n<!-- AddThis Advanced Settings generic via filter on the_content --><!-- AddThis Share Buttons generic via filter on the_content -->","protected":false},"excerpt":{"rendered":"<p>La hija del ministro Miguel Aranguren Echevarr\u00eda La esfera de los libros, Madrid, 2009, 503 p\u00e1gs. La realidad pluricultural de nuestro pa\u00eds y, tal vez, el inter\u00e9s por conquistar los mercados hispanohablantes, llevan al autor a elegir a Nelsy, una joven ecuatoriana, como testigo de que la ficci\u00f3n de que este relato es s\u00f3lo aparente. [&hellip;]<!-- AddThis Advanced Settings generic via filter on get_the_excerpt --><!-- AddThis Share Buttons generic via filter on get_the_excerpt --><\/p>\n","protected":false},"author":39,"featured_media":0,"comment_status":"open","ping_status":"closed","sticky":false,"template":"","format":"standard","meta":[],"categories":[2],"tags":[10,17,24,34,35],"_links":{"self":[{"href":"https:\/\/blogs.elnortedecastilla.es\/CampoGrande\/wp-json\/wp\/v2\/posts\/73"}],"collection":[{"href":"https:\/\/blogs.elnortedecastilla.es\/CampoGrande\/wp-json\/wp\/v2\/posts"}],"about":[{"href":"https:\/\/blogs.elnortedecastilla.es\/CampoGrande\/wp-json\/wp\/v2\/types\/post"}],"author":[{"embeddable":true,"href":"https:\/\/blogs.elnortedecastilla.es\/CampoGrande\/wp-json\/wp\/v2\/users\/39"}],"replies":[{"embeddable":true,"href":"https:\/\/blogs.elnortedecastilla.es\/CampoGrande\/wp-json\/wp\/v2\/comments?post=73"}],"version-history":[{"count":0,"href":"https:\/\/blogs.elnortedecastilla.es\/CampoGrande\/wp-json\/wp\/v2\/posts\/73\/revisions"}],"wp:attachment":[{"href":"https:\/\/blogs.elnortedecastilla.es\/CampoGrande\/wp-json\/wp\/v2\/media?parent=73"}],"wp:term":[{"taxonomy":"category","embeddable":true,"href":"https:\/\/blogs.elnortedecastilla.es\/CampoGrande\/wp-json\/wp\/v2\/categories?post=73"},{"taxonomy":"post_tag","embeddable":true,"href":"https:\/\/blogs.elnortedecastilla.es\/CampoGrande\/wp-json\/wp\/v2\/tags?post=73"}],"curies":[{"name":"wp","href":"https:\/\/api.w.org\/{rel}","templated":true}]}}