{"id":12,"date":"2006-11-24T13:48:00","date_gmt":"2006-11-24T13:48:00","guid":{"rendered":"http:\/\/blogs.elnortedecastilla.es\/angelicatanarro\/?p=12"},"modified":"2006-11-24T13:48:00","modified_gmt":"2006-11-24T13:48:00","slug":"sobre-poetas-malditos","status":"publish","type":"post","link":"https:\/\/blogs.elnortedecastilla.es\/angelicatanarro\/2006\/11\/24\/sobre-poetas-malditos\/","title":{"rendered":"Sobre los poetas malditos"},"content":{"rendered":"<p><IMG src=\"\/angelicatanarro\/files\/armandobuscarini.jpg\" width=\"403\" height=\"452\" class=\"imgdcha\" \/>\u00c9l no lo sab\u00eda pero estaba escribiendo su mejor obra con su vida desgarrada y tormentosa. Como tantos. Creo que me he enganchado a la <em>buscariniman\u00eda<\/em> despu\u00e9s de conocer de mano de Rub\u00e9n y Diego Mar\u00edn la historia del poeta loco, extravagante, bohemio y desgraciado que fue <A href=\"http:\/\/www.elnortedecastilla.es\/prensa\/20061124\/cultura\/bohemio-loco-poeta_20061124.html\">Armando Buscarini <\/a>Siempre me ha llamado la atenci\u00f3n esa gente que tiene muy claro lo que quiere ser y que se empe\u00f1a en serlo por encima de todo. Por encima del \u00e9xito y el fracaso y aunque eso les lleve a arrastrar una vida miserable. Al final, al rescatar la historia de este personaje que encandil\u00f3 antes que a sus \u00faltimos editores a Juan Manuel de Prada, y cuyos libros est\u00e1n en biliotecas no ya prestigiosas, sino particulares como las de Luis Antonio de Villena o Luis Alberto de Cuenca, lo de menos es si fue un buen o un mal poeta. Diego Mar\u00edn dice que es un poeta suficiente, para exrpesar que de su obra al menos se pueden rescatar cincuenta poemas excelentes, junto a los mediocres y los directamente malos. Al fin, como tantas veces ocurre, un creador marcado por su origen humilde, por la falta de oportunidades y de orientaci\u00f3n. Hasta su locura qued\u00f3 muy probablemente magnificada por los sucesivos internamientos en los psiqui\u00e1tricos de la \u00e9poca aunque en Valladolid tuviera la suerte de encontrarse con el doctor Villaci\u00e1n, que le dedic\u00f3 su tiempo y, por lo que parece, su afecto. Buscarini es sin duda un personaje de novela y su historia puede hacernos reflexionar sobre tantas cosas: la suerte, la herencia, la relaci\u00f3n entre creaci\u00f3n y locura, la soledad y la literatura como patria. Fue un rom\u00e1ntico a destiempo. Pero \u00e9l probablemente no se dio cuenta. Los Mar\u00edn nos prometen que seguiremos teniendo noticias suyas pues su inter\u00e9s es seguir publicando sus obras. Detr\u00e1s de la poes\u00eda, puede venir el teatro. Esperaremos.<\/p>\n","protected":false},"excerpt":{"rendered":"<p>\u00c9l no lo sab\u00eda pero estaba escribiendo su mejor obra con su vida desgarrada y tormentosa. Como tantos. Creo que me he enganchado a la buscariniman\u00eda despu\u00e9s de conocer de mano de Rub\u00e9n y Diego Mar\u00edn la historia del poeta loco, extravagante, bohemio y desgraciado que fue Armando Buscarini Siempre me ha llamado la atenci\u00f3n [&hellip;]<\/p>\n","protected":false},"author":2,"featured_media":0,"comment_status":"open","ping_status":"closed","sticky":false,"template":"","format":"standard","meta":[],"categories":[13],"tags":[],"_links":{"self":[{"href":"https:\/\/blogs.elnortedecastilla.es\/angelicatanarro\/wp-json\/wp\/v2\/posts\/12"}],"collection":[{"href":"https:\/\/blogs.elnortedecastilla.es\/angelicatanarro\/wp-json\/wp\/v2\/posts"}],"about":[{"href":"https:\/\/blogs.elnortedecastilla.es\/angelicatanarro\/wp-json\/wp\/v2\/types\/post"}],"author":[{"embeddable":true,"href":"https:\/\/blogs.elnortedecastilla.es\/angelicatanarro\/wp-json\/wp\/v2\/users\/2"}],"replies":[{"embeddable":true,"href":"https:\/\/blogs.elnortedecastilla.es\/angelicatanarro\/wp-json\/wp\/v2\/comments?post=12"}],"version-history":[{"count":0,"href":"https:\/\/blogs.elnortedecastilla.es\/angelicatanarro\/wp-json\/wp\/v2\/posts\/12\/revisions"}],"wp:attachment":[{"href":"https:\/\/blogs.elnortedecastilla.es\/angelicatanarro\/wp-json\/wp\/v2\/media?parent=12"}],"wp:term":[{"taxonomy":"category","embeddable":true,"href":"https:\/\/blogs.elnortedecastilla.es\/angelicatanarro\/wp-json\/wp\/v2\/categories?post=12"},{"taxonomy":"post_tag","embeddable":true,"href":"https:\/\/blogs.elnortedecastilla.es\/angelicatanarro\/wp-json\/wp\/v2\/tags?post=12"}],"curies":[{"name":"wp","href":"https:\/\/api.w.org\/{rel}","templated":true}]}}