{"id":1204,"date":"2019-08-07T12:20:35","date_gmt":"2019-08-07T11:20:35","guid":{"rendered":"https:\/\/blogs.elnortedecastilla.es\/angelicatanarro\/?p=1204"},"modified":"2019-08-07T12:24:42","modified_gmt":"2019-08-07T11:24:42","slug":"siempre-leyendo-x","status":"publish","type":"post","link":"https:\/\/blogs.elnortedecastilla.es\/angelicatanarro\/2019\/08\/07\/siempre-leyendo-x\/","title":{"rendered":"Siempre leyendo (X)"},"content":{"rendered":"<p><strong>LAS OLAS<\/strong><\/p>\n<p>El verano puede ser tambi\u00e9n el momento para emprender lecturas pendientes o relecturas de alguna obra que nos marc\u00f3 en su momento y a la que volvemos en etapas diferentes de la vida para descubrir si esa fascinaci\u00f3n persiste. Desde acompa\u00f1ar de nuevo a Don Quijote en su alucinado peregrinar, echarse a caminar con Proust por el Camino de Swann en adelante o enfrentarse una vez m\u00e1s a las debilidades humanas de la mano de Dostoyevski&#8230; Las posibilidades son infinitas para estar \u2018Siempre (re)leyendo\u2019.<\/p>\n<p>Hoy traigo aqu\u00ed una de las obras que m\u00e1s me ha marcado como lectora y a la que vuelvo de vez en cuando sin que merme un \u00e1pice mi primitivo entusiasmo. Me refiero a la que est\u00e1 considerada \u2013y as\u00ed la veo yo tambi\u00e9n\u2014 la obra cumbre de Virginia Woolf, \u2018Las olas\u2019. Sin duda, una de las novelas m\u00e1s importantes del siglo XX (y lo que llevamos del XXI, a\u00f1adir\u00eda). Seis personajes en busca de s\u00ed mismos a los que conocemos a trav\u00e9s de su flujo de conciencia, o a trav\u00e9s de seis mon\u00f3logos interiores no muy ortodoxos. Las vidas y relaciones de sus protagonistas desde la infancia a la edad madura y de un s\u00e9ptimo que conocemos a trav\u00e9s de la mirada de los otros aparecen ante nuestros ojos con el ritmo del ir y venir de las olas. Sus caracteres tan distintos, sus deseos para el futuro tan divergentes: Susan, Jinny, Rhoda, Bernard, Louis, Neville\u2026 y Percival. Sus relaciones.<\/p>\n<p>Hay escritores que nunca escribieron o publicaron verso alguno, pero llenaron de poes\u00eda su obra narrativa, sin que \u2013aviso para aquellos a quienes la palabra poes\u00eda pone en guardia\u2014 se resienta su relato. Y son capaces de construir frases memorables. Este es un ejemplo claro. Cada vez que Susan se rebela contra la vida en la ciudad y a\u00f1ora el campo, cuando Bernard se enfrenta a un poema de Neville\u2026 \u201cCuando no veo palabras retorci\u00e9ndose a mi alrededor como anillos de humo, estoy en tinieblas y no soy nada\u201d, dice en un momento de la novela. \u201cTodo parece tener vida. Esta noche no oigo la muerte en ninguna parte\u201d, dice Louis en otro.<\/p>\n<p>Virginia Woolf siempre nos pide algo a cambio de su literatura. Por eso, la primera vez que se abre alguno de sus libros, conviene que no sea \u2018Las olas\u2019. Lo bueno siempre ha de llegar con algo del camino recorrido.<\/p>\n<p>FICHA<a href=\"https:\/\/static-blogs.elnortedecastilla.es\/wp-content\/uploads\/sites\/2\/2019\/08\/las_olas-1.jpg\"><img loading=\"lazy\" class=\"alignright size-thumbnail wp-image-1207\" src=\"https:\/\/static-blogs.elnortedecastilla.es\/wp-content\/uploads\/sites\/2\/2019\/08\/las_olas-1-150x150.jpg\" alt=\"las_olas\" width=\"150\" height=\"150\" \/><\/a><\/p>\n<p><strong>Las olas<\/strong><br \/>\n(Novela)<\/p>\n<p>Autora: Virginia Woolf<br \/>\nEditorial: Lumen<br \/>\n303 p\u00e1ginas.<\/p>\n","protected":false},"excerpt":{"rendered":"<p>LAS OLAS El verano puede ser tambi\u00e9n el momento para emprender lecturas pendientes o relecturas de alguna obra que nos marc\u00f3 en su momento y a la que volvemos en etapas diferentes de la vida para descubrir si esa fascinaci\u00f3n persiste. Desde acompa\u00f1ar de nuevo a Don Quijote en su alucinado peregrinar, echarse a caminar [&hellip;]<\/p>\n","protected":false},"author":2,"featured_media":0,"comment_status":"open","ping_status":"open","sticky":false,"template":"","format":"standard","meta":[],"categories":[12,13],"tags":[654,655,461],"_links":{"self":[{"href":"https:\/\/blogs.elnortedecastilla.es\/angelicatanarro\/wp-json\/wp\/v2\/posts\/1204"}],"collection":[{"href":"https:\/\/blogs.elnortedecastilla.es\/angelicatanarro\/wp-json\/wp\/v2\/posts"}],"about":[{"href":"https:\/\/blogs.elnortedecastilla.es\/angelicatanarro\/wp-json\/wp\/v2\/types\/post"}],"author":[{"embeddable":true,"href":"https:\/\/blogs.elnortedecastilla.es\/angelicatanarro\/wp-json\/wp\/v2\/users\/2"}],"replies":[{"embeddable":true,"href":"https:\/\/blogs.elnortedecastilla.es\/angelicatanarro\/wp-json\/wp\/v2\/comments?post=1204"}],"version-history":[{"count":3,"href":"https:\/\/blogs.elnortedecastilla.es\/angelicatanarro\/wp-json\/wp\/v2\/posts\/1204\/revisions"}],"predecessor-version":[{"id":1209,"href":"https:\/\/blogs.elnortedecastilla.es\/angelicatanarro\/wp-json\/wp\/v2\/posts\/1204\/revisions\/1209"}],"wp:attachment":[{"href":"https:\/\/blogs.elnortedecastilla.es\/angelicatanarro\/wp-json\/wp\/v2\/media?parent=1204"}],"wp:term":[{"taxonomy":"category","embeddable":true,"href":"https:\/\/blogs.elnortedecastilla.es\/angelicatanarro\/wp-json\/wp\/v2\/categories?post=1204"},{"taxonomy":"post_tag","embeddable":true,"href":"https:\/\/blogs.elnortedecastilla.es\/angelicatanarro\/wp-json\/wp\/v2\/tags?post=1204"}],"curies":[{"name":"wp","href":"https:\/\/api.w.org\/{rel}","templated":true}]}}