{"id":1268,"date":"2019-08-21T16:05:06","date_gmt":"2019-08-21T15:05:06","guid":{"rendered":"https:\/\/blogs.elnortedecastilla.es\/angelicatanarro\/?p=1268"},"modified":"2019-08-21T16:05:06","modified_gmt":"2019-08-21T15:05:06","slug":"siempre-leyendo-xxiii","status":"publish","type":"post","link":"https:\/\/blogs.elnortedecastilla.es\/angelicatanarro\/2019\/08\/21\/siempre-leyendo-xxiii\/","title":{"rendered":"Siempre leyendo (XXIII)"},"content":{"rendered":"<p><strong>ESCRITOR A LA ESPERA (DIARIOS DE LOS 80)<\/strong><\/p>\n<p>La lectora empedernida de diarios que soy tiene que aparecer de vez en cuando en esta serie. Si dejamos aparte los que se recuperan o se reeditan de los de grandes nombres de la literatura universal, y dejando a un lado tambi\u00e9n los destinados desde el minuto uno a su publicaci\u00f3n peri\u00f3dica y a despertar cierto morbo entre los iniciados, quedan interesantes testimonios, casi siempre de escritores, que ofrecen una amena revisi\u00f3n de tiempos, lecturas y paisajes (literarios y de los otros).<\/p>\n<p>He le\u00eddo con curiosidad y placer los diarios de los ochenta escritos por Manuel Rico y titulados \u2018Escritor a la espera\u2019. Manuel Rico es poeta, narrador, cr\u00edtico literario, director de la colecci\u00f3n de Bartleby Editores y, en el tiempo en que escribe este diario (entre los a\u00f1os 1985 y 1991), novelista en ciernes y diputado por el Partido Comunista en la Asamblea de Madrid.<\/p>\n<p>1985. Rico tiene 33 a\u00f1os, es un apasionado lector de poes\u00eda y ha escrito varios poemarios en proceso de publicaci\u00f3n, y es entonces cuando se lanza a la aventura de escribir una novela sin saber si la empresa llegar\u00e1 a puerto. (Lleg\u00f3 en varias ocasiones, pero eso ser\u00eda adelantar acontecimientos). Para ello se convierte tambi\u00e9n en voraz lector del g\u00e9nero. Al tiempo, inicia unas notas que espera que le sirvan no solo como ejercicio narrativo, sino como un medio de aclarar ideas frente al folio en blanco y canalizar dudas y contradicciones.<\/p>\n<p>En ellas, va dando cuenta con sinceridad de sus felices descubrimientos y de sus decepciones. El paisaje de fondo es la d\u00e9cada de los ochenta. La movida. No es una visi\u00f3n melanc\u00f3lica e idealizada, sino otra mucho m\u00e1s real que se expone desde el pr\u00f3logo y que, frente a la fiesta continua que se recuerda, no oculta los desastres de la crisis econ\u00f3mica, el paro, y la tensi\u00f3n pol\u00edtica. Precisamente el dilema entre la vocaci\u00f3n literaria, que exige tiempo, y su activismo pol\u00edtico es uno de los hilos conductores del diario. Mientras, su hija Malva va creciendo y la vida transcurre entre la vida de barrio en Madrid, el trabajo en el centro y los veranos junto al Mar Menor.<\/p>\n<p>La generaci\u00f3n que vivi\u00f3 esos a\u00f1os en plena juventud encontrar\u00e1 no pocas ocasiones para la coincidencia y\/o la discrepancia, pero sin duda una excelente ocasi\u00f3n para el reencuentro (y recuento).<\/p>\n<p>FICHA<a href=\"https:\/\/static-blogs.elnortedecastilla.es\/wp-content\/uploads\/sites\/2\/2019\/08\/Manuel-Rico.jpg\"><img loading=\"lazy\" class=\"alignright size-medium wp-image-1269\" src=\"https:\/\/static-blogs.elnortedecastilla.es\/wp-content\/uploads\/sites\/2\/2019\/08\/Manuel-Rico-194x300.jpg\" alt=\"manuel-rico\" width=\"194\" height=\"300\" srcset=\"https:\/\/static-blogs.elnortedecastilla.es\/wp-content\/uploads\/sites\/2\/2019\/08\/Manuel-Rico-194x300.jpg 194w, https:\/\/static-blogs.elnortedecastilla.es\/wp-content\/uploads\/sites\/2\/2019\/08\/Manuel-Rico.jpg 229w\" sizes=\"(max-width: 194px) 100vw, 194px\" \/><\/a><\/p>\n<p><strong>Escritor a la espera<\/strong><br \/>\n(Diarios de los 80)<br \/>\nAutor: Manuel Rico<br \/>\nEditorial: Punto de Vista Editores<br \/>\n254 p\u00e1ginas, 18,90 euros<\/p>\n","protected":false},"excerpt":{"rendered":"<p>ESCRITOR A LA ESPERA (DIARIOS DE LOS 80) La lectora empedernida de diarios que soy tiene que aparecer de vez en cuando en esta serie. Si dejamos aparte los que se recuperan o se reeditan de los de grandes nombres de la literatura universal, y dejando a un lado tambi\u00e9n los destinados desde el minuto [&hellip;]<\/p>\n","protected":false},"author":2,"featured_media":0,"comment_status":"open","ping_status":"open","sticky":false,"template":"","format":"standard","meta":[],"categories":[12,13],"tags":[690,691,692,633],"_links":{"self":[{"href":"https:\/\/blogs.elnortedecastilla.es\/angelicatanarro\/wp-json\/wp\/v2\/posts\/1268"}],"collection":[{"href":"https:\/\/blogs.elnortedecastilla.es\/angelicatanarro\/wp-json\/wp\/v2\/posts"}],"about":[{"href":"https:\/\/blogs.elnortedecastilla.es\/angelicatanarro\/wp-json\/wp\/v2\/types\/post"}],"author":[{"embeddable":true,"href":"https:\/\/blogs.elnortedecastilla.es\/angelicatanarro\/wp-json\/wp\/v2\/users\/2"}],"replies":[{"embeddable":true,"href":"https:\/\/blogs.elnortedecastilla.es\/angelicatanarro\/wp-json\/wp\/v2\/comments?post=1268"}],"version-history":[{"count":2,"href":"https:\/\/blogs.elnortedecastilla.es\/angelicatanarro\/wp-json\/wp\/v2\/posts\/1268\/revisions"}],"predecessor-version":[{"id":1271,"href":"https:\/\/blogs.elnortedecastilla.es\/angelicatanarro\/wp-json\/wp\/v2\/posts\/1268\/revisions\/1271"}],"wp:attachment":[{"href":"https:\/\/blogs.elnortedecastilla.es\/angelicatanarro\/wp-json\/wp\/v2\/media?parent=1268"}],"wp:term":[{"taxonomy":"category","embeddable":true,"href":"https:\/\/blogs.elnortedecastilla.es\/angelicatanarro\/wp-json\/wp\/v2\/categories?post=1268"},{"taxonomy":"post_tag","embeddable":true,"href":"https:\/\/blogs.elnortedecastilla.es\/angelicatanarro\/wp-json\/wp\/v2\/tags?post=1268"}],"curies":[{"name":"wp","href":"https:\/\/api.w.org\/{rel}","templated":true}]}}