{"id":1381,"date":"2019-10-23T20:50:19","date_gmt":"2019-10-23T19:50:19","guid":{"rendered":"https:\/\/blogs.elnortedecastilla.es\/angelicatanarro\/?p=1381"},"modified":"2019-10-23T20:50:37","modified_gmt":"2019-10-23T19:50:37","slug":"64-seminci-toma-3","status":"publish","type":"post","link":"https:\/\/blogs.elnortedecastilla.es\/angelicatanarro\/2019\/10\/23\/64-seminci-toma-3\/","title":{"rendered":"64 Seminci. Toma 3"},"content":{"rendered":"<p><strong>CUANDO EL CURRICULUM NO BASTA<\/strong><\/p>\n<p>Ser un cineasta internacionalmente reconocido y tener en tu haber prestigiosos premios no es patente de corso. Te puede salir una pel\u00edcula floja, blanda. Y eso es lo que a mi parecer le ha ocurrido a Goran Paskaljevic con su \u00faltimo filme, que llega a la Seminci, a \u2018su\u2019 festival, con el marchamo de estreno. A esta pel\u00edcula rodada en Italia y con producci\u00f3n del pa\u00eds vecino titulada \u2018A pesar de la niebla\u2019 le viene al pelo ese refr\u00e1n que dice que el cielo est\u00e1 empedrado de buenas intenciones. Porque eso me parece esta historia de un ni\u00f1o refugiado salvado de las aguas en las que zozobr\u00f3 la patera en la que perecieron sus padres para ser abandonado a su suerte en un pa\u00eds extra\u00f1o y que es recogido sin el pertinente aviso a las autoridades por un matrimonio que ha pasado por la tragedia de perder un hijo.<\/p>\n<p>Una presunta buena acci\u00f3n para salvar al ni\u00f1o de un destino desdichado y que le acabar\u00e1 convirtiendo en el objeto de las frustraciones y miedos de los mayores. Los derechos humanos como tel\u00f3n de fondo no han sido ajenos a la trayectoria de este cineasta serbio que comparte con el sueco Ingmar Bergman el honor de ser el depositario del mayor n\u00famero de Espigas de Oro del Festival. Pero aqu\u00ed la visi\u00f3n emp\u00e1tica hacia el problema que viven millones de personas y en particular a la tragedia de los ni\u00f1os perdidos en naufragios y cruces de fronteras pesa sobre una pel\u00edcula que sucumbe a la obviedad y los t\u00f3picos poco esperables en un director de su categor\u00eda.<a href=\"https:\/\/static-blogs.elnortedecastilla.es\/wp-content\/uploads\/sites\/2\/2019\/10\/Mohamed-1.jpg\"><img loading=\"lazy\" class=\"alignright wp-image-1383\" src=\"https:\/\/static-blogs.elnortedecastilla.es\/wp-content\/uploads\/sites\/2\/2019\/10\/Mohamed-1-300x200.jpg\" alt=\"\" width=\"465\" height=\"310\" srcset=\"https:\/\/static-blogs.elnortedecastilla.es\/wp-content\/uploads\/sites\/2\/2019\/10\/Mohamed-1-300x200.jpg 300w, https:\/\/static-blogs.elnortedecastilla.es\/wp-content\/uploads\/sites\/2\/2019\/10\/Mohamed-1-768x512.jpg 768w, https:\/\/static-blogs.elnortedecastilla.es\/wp-content\/uploads\/sites\/2\/2019\/10\/Mohamed-1-1024x682.jpg 1024w, https:\/\/static-blogs.elnortedecastilla.es\/wp-content\/uploads\/sites\/2\/2019\/10\/Mohamed-1.jpg 1280w\" sizes=\"(max-width: 465px) 100vw, 465px\" \/><\/a><\/p>\n<p>El escaso acierto a la hora de escoger al ni\u00f1o protagonista no es la mayor de las debilidades del filme cuyo gui\u00f3n es previsible, que comienza y termina con dos secuencias entre la niebla perfectamente prescindibles sobre todo la final (un final que no es ni siquiera una conclusi\u00f3n de la trama) y que cae en situaciones de corte naif (como el cambio de camisones de la esposa protagonista cuya depresi\u00f3n ha llevado al lecho conyugal o la pinta de nazi con la que se subraya el incipiente racismo del joven sobrino del matrimonio). En cualquier brillante trayectoria puede haber u n borr\u00f3n.<\/p>\n<p><strong>LA FORJA DE UN INTEGRISTA<\/strong><\/p>\n<p>M\u00e1s entonados, los hermanos Dardenne en \u2018El joven Ahmed\u2019 la historia de c\u00f3mo los captadores de conciencias pueden incendiar las mentes adolescentes. Ahmed es un joven de origen magreb\u00ed que vive en B\u00e9lgica con su madre, su hermana y su hermano. Los dos chicos han ca\u00eddo bajo el influjo de un <a href=\"https:\/\/static-blogs.elnortedecastilla.es\/wp-content\/uploads\/sites\/2\/2019\/10\/le_jeune_ahmed_photo_4_christine_plenus_1863.jpg\"><img loading=\"lazy\" class=\"alignright size-medium wp-image-1384\" src=\"https:\/\/static-blogs.elnortedecastilla.es\/wp-content\/uploads\/sites\/2\/2019\/10\/le_jeune_ahmed_photo_4_christine_plenus_1863-300x200.jpg\" alt=\"\" width=\"300\" height=\"200\" srcset=\"https:\/\/static-blogs.elnortedecastilla.es\/wp-content\/uploads\/sites\/2\/2019\/10\/le_jeune_ahmed_photo_4_christine_plenus_1863-300x200.jpg 300w, https:\/\/static-blogs.elnortedecastilla.es\/wp-content\/uploads\/sites\/2\/2019\/10\/le_jeune_ahmed_photo_4_christine_plenus_1863-768x511.jpg 768w, https:\/\/static-blogs.elnortedecastilla.es\/wp-content\/uploads\/sites\/2\/2019\/10\/le_jeune_ahmed_photo_4_christine_plenus_1863-1024x682.jpg 1024w\" sizes=\"(max-width: 300px) 100vw, 300px\" \/><\/a>im\u00e1n integrista para zozobra de la madre y de su tutora que ven c\u00f3mo prende en sus j\u00f3venes cabezas la mecha de la intolerancia m\u00e1s radical. Jean Pierre y Luc Dardenne son maestros a la hora de reflejar cinematogr\u00e1ficamente los problemas de la sociedad actual y aunque no estemos aqu\u00ed ante su mejor film no cabe duda de su inter\u00e9s y dir\u00eda de su eficacia. L\u00e1stima de un final que lastra por completo la buena factura de la pel\u00edcula.<\/p>\n<p><strong>AMABLE DESPEDIDA<\/strong><\/p>\n<p>Ya lo dec\u00eda Mary Poppins en una de sus inolvidables canciones. \u201cCon un poco de az\u00facar la p\u00edldora de la vida pasa mejor\u201d. Y un poco de az\u00facar (lo suficientemente medida para no resultar empalagosa) usa la cineasta china Lulu Wang en su debut del largometraje para hablar de la muerte y del siempre triste tema de la desaparici\u00f3n de nuestros mayores. A la abuela de Billi, una joven nacida en China pero criada en Estados Unidos, le han detectado un c\u00e1ncer terminal y toda la familia decide ocult\u00e1rselo para evitarle el miedo final. Eso s\u00ed, los miembros del clan deciden visitarla desde distintos lugares del mundo con el pretexto de la repentina boda de uno de sus nietos.<\/p>\n<p><a href=\"https:\/\/static-blogs.elnortedecastilla.es\/wp-content\/uploads\/sites\/2\/2019\/10\/Group-Table-Final.jpg\"><img loading=\"lazy\" class=\"alignright wp-image-1385\" src=\"https:\/\/static-blogs.elnortedecastilla.es\/wp-content\/uploads\/sites\/2\/2019\/10\/Group-Table-Final-300x180.jpg\" alt=\"\" width=\"387\" height=\"232\" srcset=\"https:\/\/static-blogs.elnortedecastilla.es\/wp-content\/uploads\/sites\/2\/2019\/10\/Group-Table-Final-300x180.jpg 300w, https:\/\/static-blogs.elnortedecastilla.es\/wp-content\/uploads\/sites\/2\/2019\/10\/Group-Table-Final-768x461.jpg 768w, https:\/\/static-blogs.elnortedecastilla.es\/wp-content\/uploads\/sites\/2\/2019\/10\/Group-Table-Final-1024x615.jpg 1024w\" sizes=\"(max-width: 387px) 100vw, 387px\" \/><\/a>La pel\u00edcula se mueve entre la ternura del redescubrimiento de la matriarca por parte de la joven y de su pa\u00eds de origen y la rebeld\u00eda ante algunas costumbres que le son ajenas. La sonrisa es el estado en el que se recibe esta cinta rodada con humor contenido y buen gusto por una cineasta que ojal\u00e1 haya ocasi\u00f3n de seguir.<\/p>\n<p><strong>MUJERES SIN VELO<\/strong><\/p>\n<p>Argelia a\u00f1os 90. El clima de guerra civil y los atentados de los fundamentalistas isl\u00e1micos cuyas ideas prenden en diversos sectores de la poblaci\u00f3n marcan la vida de la gente. Pero Nedjma quiere ser libre en un pa\u00eds donde las mujeres van perdiendo libertad. De vestir, de pensar, de elegir. Ella quiere ser dise\u00f1adora de moda. Lo es ya en la clandestinidad, pues vende sus creaciones en los ba\u00f1os de las discotecas. Un desfile con la tela del hiyab ser\u00e1 su mayor rebeld\u00eda y lo pagar\u00e1 caro.<\/p>\n<p>Otra directora novel, Mounia Meddour, nacida en Argelia de donde tuvo que huir su familia a causa de la guerra, plantea de nuevo el choque de culturas y de mentalidades en el que las mujeres llevan <a href=\"https:\/\/static-blogs.elnortedecastilla.es\/wp-content\/uploads\/sites\/2\/2019\/10\/1-Plage-V1-2.jpg\"><img loading=\"lazy\" class=\"alignright wp-image-1386\" src=\"https:\/\/static-blogs.elnortedecastilla.es\/wp-content\/uploads\/sites\/2\/2019\/10\/1-Plage-V1-2-300x126.jpg\" alt=\"\" width=\"460\" height=\"193\" srcset=\"https:\/\/static-blogs.elnortedecastilla.es\/wp-content\/uploads\/sites\/2\/2019\/10\/1-Plage-V1-2-300x126.jpg 300w, https:\/\/static-blogs.elnortedecastilla.es\/wp-content\/uploads\/sites\/2\/2019\/10\/1-Plage-V1-2-768x322.jpg 768w, https:\/\/static-blogs.elnortedecastilla.es\/wp-content\/uploads\/sites\/2\/2019\/10\/1-Plage-V1-2-1024x429.jpg 1024w\" sizes=\"(max-width: 460px) 100vw, 460px\" \/><\/a>siempre las de perder si no quieren aceptar el destino de sometimiento que les espera. La pel\u00edcula, que en algunos momentos iniciales me record\u00f3 a \u2018Mustang\u2019 de Deniz Gamze Erg\u00fcven, vista en la edici\u00f3n de 2015, va ganando fuerza a medida que avanza, aunque deja algunos flecos de guion sin resolver y eso impide que sea una pel\u00edcula redonda. Por ejemplo, la influencia en la familia del asesinato de la hermana de la protagonista, una periodista abiertamente contraria al fundamentalismo. Un canto a la libertad planteado desde la alegr\u00eda de la juventud siempre amenazada por los que quieren mujeres invisibles tras los velos negros.<\/p>\n<p>Foto 2: Christine Plenus<\/p>\n<p>Foto 3 cortes\u00eda A24<\/p>\n","protected":false},"excerpt":{"rendered":"<p>CUANDO EL CURRICULUM NO BASTA Ser un cineasta internacionalmente reconocido y tener en tu haber prestigiosos premios no es patente de corso. Te puede salir una pel\u00edcula floja, blanda. Y eso es lo que a mi parecer le ha ocurrido a Goran Paskaljevic con su \u00faltimo filme, que llega a la Seminci, a \u2018su\u2019 festival, [&hellip;]<\/p>\n","protected":false},"author":2,"featured_media":0,"comment_status":"open","ping_status":"open","sticky":false,"template":"","format":"standard","meta":[],"categories":[5,7,8,9,20],"tags":[740,741,743,742],"_links":{"self":[{"href":"https:\/\/blogs.elnortedecastilla.es\/angelicatanarro\/wp-json\/wp\/v2\/posts\/1381"}],"collection":[{"href":"https:\/\/blogs.elnortedecastilla.es\/angelicatanarro\/wp-json\/wp\/v2\/posts"}],"about":[{"href":"https:\/\/blogs.elnortedecastilla.es\/angelicatanarro\/wp-json\/wp\/v2\/types\/post"}],"author":[{"embeddable":true,"href":"https:\/\/blogs.elnortedecastilla.es\/angelicatanarro\/wp-json\/wp\/v2\/users\/2"}],"replies":[{"embeddable":true,"href":"https:\/\/blogs.elnortedecastilla.es\/angelicatanarro\/wp-json\/wp\/v2\/comments?post=1381"}],"version-history":[{"count":1,"href":"https:\/\/blogs.elnortedecastilla.es\/angelicatanarro\/wp-json\/wp\/v2\/posts\/1381\/revisions"}],"predecessor-version":[{"id":1387,"href":"https:\/\/blogs.elnortedecastilla.es\/angelicatanarro\/wp-json\/wp\/v2\/posts\/1381\/revisions\/1387"}],"wp:attachment":[{"href":"https:\/\/blogs.elnortedecastilla.es\/angelicatanarro\/wp-json\/wp\/v2\/media?parent=1381"}],"wp:term":[{"taxonomy":"category","embeddable":true,"href":"https:\/\/blogs.elnortedecastilla.es\/angelicatanarro\/wp-json\/wp\/v2\/categories?post=1381"},{"taxonomy":"post_tag","embeddable":true,"href":"https:\/\/blogs.elnortedecastilla.es\/angelicatanarro\/wp-json\/wp\/v2\/tags?post=1381"}],"curies":[{"name":"wp","href":"https:\/\/api.w.org\/{rel}","templated":true}]}}