{"id":1481,"date":"2020-08-11T12:38:08","date_gmt":"2020-08-11T11:38:08","guid":{"rendered":"https:\/\/blogs.elnortedecastilla.es\/angelicatanarro\/?p=1481"},"modified":"2020-08-11T12:38:08","modified_gmt":"2020-08-11T11:38:08","slug":"miguel-delibes-en-la-revista-turia","status":"publish","type":"post","link":"https:\/\/blogs.elnortedecastilla.es\/angelicatanarro\/2020\/08\/11\/miguel-delibes-en-la-revista-turia\/","title":{"rendered":"Miguel Delibes en la revista Turia"},"content":{"rendered":"<p>Aunque la pandemia ha retrasado y obstaculizado los actos del centenario de Miguel Delibes, la <a href=\"https:\/\/static-blogs.elnortedecastilla.es\/wp-content\/uploads\/sites\/2\/2020\/08\/portada135_500.jpg\"><img loading=\"lazy\" class=\"alignright size-medium wp-image-1482\" src=\"https:\/\/static-blogs.elnortedecastilla.es\/wp-content\/uploads\/sites\/2\/2020\/08\/portada135_500-202x300.jpg\" alt=\"\" width=\"202\" height=\"300\" srcset=\"https:\/\/static-blogs.elnortedecastilla.es\/wp-content\/uploads\/sites\/2\/2020\/08\/portada135_500-202x300.jpg 202w, https:\/\/static-blogs.elnortedecastilla.es\/wp-content\/uploads\/sites\/2\/2020\/08\/portada135_500.jpg 600w\" sizes=\"(max-width: 202px) 100vw, 202px\" \/><\/a>conmemoraci\u00f3n sigue adelante y sigue teniendo sus hitos. Uno de los \u00faltimos, el art\u00edculo del profesor de la Universidad de Cantabria Mario Crespo L\u00f3pez publicado en el n\u00ba 135 de la revista Turia (uno de esos milagros vivos del periodismo cultural) sobre la vigencia de la obra del escritor vallisoletano. Crespo analiza la conexi\u00f3n de un cl\u00e1sico contempor\u00e1neo como es el autor de &#8216;Las ratas&#8217; con el p\u00fablico actual. Un hilo que se mantiene por la universalidad de sus temas desde la &#8216;castellan\u00eda&#8217; de sus localizaciones, por la cercan\u00eda de sus personajes, por la empat\u00eda que el autor demuestra con ellos: su compenetraci\u00f3n. La apuesta de Delibes por los m\u00e1s desfavorecidos, su compromiso \u00e9tico y social, su defensa de la libertad del individuo frente a una sociedad uniformadora, su elecci\u00f3n de la naturalidad a la hora de escribir, su raigambre cervantina son algunos de los puntos analizados en el escrito. Su repaso de las novelas, ensayos y relatos as\u00ed como la enumeraci\u00f3n de sus traslaciones a otros lenguajes como el cinematogr\u00e1fico o el teatral son un aliciente m\u00e1s para volver a la obra del escritor castellano contempor\u00e1neo\u00a0 m\u00e1s universal.<\/p>\n","protected":false},"excerpt":{"rendered":"<p>Aunque la pandemia ha retrasado y obstaculizado los actos del centenario de Miguel Delibes, la conmemoraci\u00f3n sigue adelante y sigue teniendo sus hitos. Uno de los \u00faltimos, el art\u00edculo del profesor de la Universidad de Cantabria Mario Crespo L\u00f3pez publicado en el n\u00ba 135 de la revista Turia (uno de esos milagros vivos del periodismo [&hellip;]<\/p>\n","protected":false},"author":2,"featured_media":0,"comment_status":"open","ping_status":"open","sticky":false,"template":"","format":"standard","meta":[],"categories":[3,8,12,13,18],"tags":[771,321,770],"_links":{"self":[{"href":"https:\/\/blogs.elnortedecastilla.es\/angelicatanarro\/wp-json\/wp\/v2\/posts\/1481"}],"collection":[{"href":"https:\/\/blogs.elnortedecastilla.es\/angelicatanarro\/wp-json\/wp\/v2\/posts"}],"about":[{"href":"https:\/\/blogs.elnortedecastilla.es\/angelicatanarro\/wp-json\/wp\/v2\/types\/post"}],"author":[{"embeddable":true,"href":"https:\/\/blogs.elnortedecastilla.es\/angelicatanarro\/wp-json\/wp\/v2\/users\/2"}],"replies":[{"embeddable":true,"href":"https:\/\/blogs.elnortedecastilla.es\/angelicatanarro\/wp-json\/wp\/v2\/comments?post=1481"}],"version-history":[{"count":1,"href":"https:\/\/blogs.elnortedecastilla.es\/angelicatanarro\/wp-json\/wp\/v2\/posts\/1481\/revisions"}],"predecessor-version":[{"id":1483,"href":"https:\/\/blogs.elnortedecastilla.es\/angelicatanarro\/wp-json\/wp\/v2\/posts\/1481\/revisions\/1483"}],"wp:attachment":[{"href":"https:\/\/blogs.elnortedecastilla.es\/angelicatanarro\/wp-json\/wp\/v2\/media?parent=1481"}],"wp:term":[{"taxonomy":"category","embeddable":true,"href":"https:\/\/blogs.elnortedecastilla.es\/angelicatanarro\/wp-json\/wp\/v2\/categories?post=1481"},{"taxonomy":"post_tag","embeddable":true,"href":"https:\/\/blogs.elnortedecastilla.es\/angelicatanarro\/wp-json\/wp\/v2\/tags?post=1481"}],"curies":[{"name":"wp","href":"https:\/\/api.w.org\/{rel}","templated":true}]}}