{"id":1493,"date":"2020-09-13T11:39:04","date_gmt":"2020-09-13T10:39:04","guid":{"rendered":"https:\/\/blogs.elnortedecastilla.es\/angelicatanarro\/?p=1493"},"modified":"2020-09-13T12:04:28","modified_gmt":"2020-09-13T11:04:28","slug":"sobre-injerencias-y-o-torpezas-politicas-en-la-gestion-cultural-una-reflexion","status":"publish","type":"post","link":"https:\/\/blogs.elnortedecastilla.es\/angelicatanarro\/2020\/09\/13\/sobre-injerencias-y-o-torpezas-politicas-en-la-gestion-cultural-una-reflexion\/","title":{"rendered":"Sobre injerencias y\/o torpezas pol\u00edticas en la gesti\u00f3n cultural. Una reflexi\u00f3n"},"content":{"rendered":"<p>Parece un mal karma. Pero el Patio Herreriano vuelve a estar en la prensa nacional por un motivo ajeno a lo estrictamente art\u00edstico. La causa: el pol\u00e9mico proyecto avalado por el equipo de gobierno municipal de celebrar el 75 aniversario de la ONU con una exposici\u00f3n en sus salas de Crist\u00f3bal Gabarr\u00f3n, artista vinculado a la ciudad que tambi\u00e9n cumple 75 a\u00f1os. La pol\u00e9mica tiene como raz\u00f3n principal la injerencia que el proyecto supone en la marcha expositiva del centro, y en la gesti\u00f3n de su director, Javier Hontoria, que lo ha rechazado por activa y por pasiva porque el artista en cuesti\u00f3n no encaja en su l\u00ednea expositiva ni en sus proyectos ya dise\u00f1ados. Injerencia que ha motivado la protesta de numerosos artistas y profesionales del sector. El \u00faltimo hito de ese rechazo ha sido el comunicado de la Uni\u00f3n de Artistas Contempor\u00e1neos denunciando la intromisi\u00f3n en la programaci\u00f3n art\u00edstica del director del Museo, cerrada, dicho sea de paso, con proyectos propios hasta 2022. El comunicado, como otros art\u00edculos sobre el asunto, ha tenido amplia difusi\u00f3n en los medios nacionales y en las redes sociales.<\/p>\n<p>Sorprende (aunque este sea un pa\u00eds de memoria floja, r\u00e1pido olvido y nulo repaso a las hemerotecas) que el alcalde socialista, Oscar Puente, y su equipo se hayan metido en este jard\u00edn en el que llueve sobre mojado. Est\u00e1 a\u00fan reciente en la tambaleante marcha de este centro expositivo la dimisi\u00f3n de la que fuera su directora entre 2004 y 2006, Teresa Vel\u00e1zquez, por un motivo similar. El empe\u00f1o del entonces alcalde Le\u00f3n de la Riva, del PP, (como se ve, en esto de meter baza en la gesti\u00f3n profesional de la cultura por parte del poder no hay color pol\u00edtico) de programar con calzador la exposici\u00f3n \u2018La materia de los sue\u00f1os\u2019, conmemorativa del V Centenario de la muerte de Crist\u00f3bal Col\u00f3n, cuyo contenido nada ten\u00eda que ver con el proyecto muse\u00edstico del Patio, llev\u00f3 a la dimisi\u00f3n de la directora, que consider\u00f3 que esta imposici\u00f3n atentaba gravemente contra la autonom\u00eda de su gesti\u00f3n. Pero el asunto provoc\u00f3 m\u00e1s deserciones. Meses antes hab\u00edan dimitido por la misma raz\u00f3n los miembros del comit\u00e9 asesor del Museo, formado en aquel momento por Antonio Bonet Correa, Sim\u00f3n March\u00e1n Fiz y Eugenio Carmona, para los no iniciados, tres personas con un merecido prestigio en el mundo del arte. Tambi\u00e9n entonces muchos artistas, cr\u00edticos, comisarios y expertos se pusieron del lado de Vel\u00e1zquez. Tambi\u00e9n entonces el asunto se aire\u00f3 ampliamente en los medios (como es l\u00f3gico, por otra parte, trat\u00e1ndose de un museo que alberga, y esto no debe perderse nunca de vista, una importante colecci\u00f3n). Vista desde la distancia, no creo que la citada exposici\u00f3n, por m\u00e1s que pudiera tener su inter\u00e9s que yo aqu\u00ed no niego, figure sin embargo en los anales de la historia reciente de la cultura vallisoletana, pero lo que es seguro es que el hecho fue una piedra m\u00e1s en el tortuoso camino de este museo.<\/p>\n<p>La torpeza pol\u00edtica en este caso es a\u00fan mayor si se tiene en cuenta que el propio Javier Hontoria se ofreci\u00f3 desde el primer momento a colaborar en el proyecto si este se desarrollaba en cualquier otro espacio de la ciudad. Los hay y tan dignos como el Museo. Es decir, el di\u00e1logo frente a la imposici\u00f3n hubiera resuelto el problema. Al parecer la exposici\u00f3n tiene que ser s\u00ed o s\u00ed en el Patio Herreriano (\u00bfobjetivo irrenunciable del artista que se ha postulado para el evento?), aunque para ello haya que levantar antes de tiempo la que en estos momentos ocupa entre otros espacios la Capilla de los Condestables: una instalaci\u00f3n creada expresamente para este espacio por uno de los nombres indiscutibles del arte contempor\u00e1neo en Espa\u00f1a, Eva Lootz. Es decir, que, a la falta de respeto que supone interferir en la gesti\u00f3n del director, se sumar\u00eda la falta de respeto por la obra de esta destacada artista. Por no a\u00f1adir que se barajaba como posible fecha de la celebraci\u00f3n el 24 de octubre el mismo d\u00eda en que se inaugura la Seminci, \u00fanico acontecimiento cultural que por el momento tiene asegurado un lugar en los telediarios del d\u00eda. \u00bfQu\u00e9 necesidad de solaparlos?<\/p>\n<p><strong>A VUELTAS CON LA ONU<\/strong><\/p>\n<p>No voy a cuestionar la legitimidad de la exposici\u00f3n conmemorativa de una instituci\u00f3n tan relevante a nivel internacional como la ONU, ni siquiera pongo en duda el inter\u00e9s que tendr\u00eda para la promoci\u00f3n de la ciudad si tuviera el dise\u00f1o y la idoneidad precisas. Pero el apellido \u2018ONU\u2019 no debe nublarnos la vista. Dir\u00eda m\u00e1s, no debemos tomar su nombre en vano, pues al prestigio de la instituci\u00f3n tampoco le vienen bien la repercusi\u00f3n de estas cuestiones internas.<\/p>\n<p>NI siquiera voy a juzgar la relevancia o no del artista que se ha propuesto para la celebraci\u00f3n. No porque no se pueda ni se deba hacerlo: es m\u00e1s, es el trabajo que hacemos o debemos hacer cr\u00edticos, expertos, periodistas especializados y mediadores culturales y con un principal destinatario: el p\u00fablico, cuesti\u00f3n \u00e9sta \u00faltima que se olvida con demasiada frecuencia. Pero no es el asunto de este art\u00edculo. Por no decir que en estos momentos me siento incapaz de a\u00f1adir algo a las presuntas declaraciones de la concejala de Cultura, Ana Redondo, (en estos casos conviene aplicar la presunci\u00f3n de inocencia) que al ser preguntada por el rechazo que el nombre de Gabarr\u00f3n suscita en algunos sectores contest\u00f3 que muchos artistas sufren rechazo como le pas\u00f3 a Van Gogh. Nada menos. Pero s\u00ed dir\u00e9 que el curr\u00edculum internacional de un artista no tiene tanto peso en su valoraci\u00f3n como el lugar donde tienen lugar esas exposiciones (galer\u00edas de prestigio, museos de relevancia\u2026) por muy al otro lado del globo que tengan lugar.<\/p>\n<p>El asunto de este art\u00edculo es una vez m\u00e1s, y ya es cansado acudir a semejantes pedagog\u00edas a estas alturas del curso, las dif\u00edciles relaciones entre la cultura y el poder. Casi cincuenta a\u00f1os de democracia no han servido para avanzar mucho en esta cuesti\u00f3n.<\/p>\n<p>La Cultura es siempre la Cenicienta en todo programa electoral. Virus m\u00e1s resistente que el Covid 21. Los ministros, concejales, consejeros y dem\u00e1s titulares del ramo a menudo son ajenos a cualquier \u00e1mbito de la creaci\u00f3n o de la gesti\u00f3n cultural. Se trata siempre de una cartera que tiene que compartir espacio con deportes, turismo y otras presuntas \u2018mar\u00edas\u2019 del curr\u00edculum, aunque luego sus acompa\u00f1antes reciban el respeto debido, a veces incluso el no debido. Recordemos que muchas veces la Cultura ha desaparecido del consejo de ministros. A nuestros gobernantes les cuesta reconocer que el patrimonio cultural (y ahora no hablo solo de monumentos, claro est\u00e1) es mucho m\u00e1s que un reclamo tur\u00edstico que ponga algo de glamour al pincho y la tapa, o la ocasi\u00f3n de hacerse una foto con un artista \u2018famoso\u2019, aunque las razones de su fama sean m\u00e1s que cuestionables. En esto, adem\u00e1s los medios de comunicaci\u00f3n somos de un seguidismo como para hac\u00e9rnoslo mirar. Que\u00a0 la cultura es algo que requiere de luces largas y no de rendimientos a corto plazo, que la inversi\u00f3n del dinero p\u00fablico en fomentar la creaci\u00f3n de nivel, la que nos ayuda a comprender e iluminar el mundo en el que vivimos no tiene a menudo que ver con masificaci\u00f3n de aforos, estad\u00edsticas de visitantes o plazas repletas de p\u00fablico en fiestas (cuando eso era posible) es una verdad que a\u00fan no ha calado en nuestros gobernantes, a pesar de pertenecer al pa\u00eds donde tuvieron lugar las Misiones Pedag\u00f3gicas o la Instituci\u00f3n Libre de Ense\u00f1anza por poner dos ejemplos muy distintos pero igualmente potentes. La rentabilidad del dinero p\u00fablico en la cultura es algo mucho m\u00e1s serio y de m\u00e1s calado, que se fragua con el tiempo con la educaci\u00f3n y el criterio y sus resultados se empiezan a ver m\u00e1s all\u00e1 de la siguiente convocatoria electoral. Pero con un panorama as\u00ed, con las humanidades siempre en la cuerda floja de los curr\u00edculos educativos, desde la Escuela al Bachiller, c\u00f3mo nos puede extra\u00f1ar el escaso respeto que nuestros gobernantes pueden tener no ya con los creadores sino con los gestores de las instituciones que los albergan, aunque para serlo hayan superado un concurso de las tan cacareadas como necesarias y de sentido com\u00fan (que no siempre lo tienen) buenas pr\u00e1cticas.<\/p>\n<p><strong>LA MALDICI\u00d3N DEL PATIO<\/strong><\/p>\n<p>La llegada de Javier Hontoria al Patio Herreriano abr\u00eda una nueva etapa que en los reducidos c\u00edrculos del arte contempor\u00e1neo (no nos enga\u00f1emos y a aumentar la amplitud de esos c\u00edrculos deber\u00edan ir enfocados los esfuerzos programadores y no a los fastos y los fuegos artificiales) se esperaba con expectaci\u00f3n tras un periodo de ausencia de proyectos propios, por la que el museo hab\u00eda dejado de contar fuera de las fronteras provinciales, y despu\u00e9s del apresurado e inapropiado cese de su anterior directora, Cristina Fontaneda. Hontoria super\u00f3 el concurso, su proyecto fue aprobado y sus primeros pasos levantaban esperanzas de que el Museo levantara a su vez cabeza. Pero apenas a\u00f1o y medio despu\u00e9s de su nombramiento se encuentra con el primer torpedo y como suele ocurrir viene de fuego \u2018amigo\u2019.<\/p>\n<p>La llegada a Valladolid de la Colecci\u00f3n Arte Contempor\u00e1neo fue una buena noticia, aunque tambi\u00e9n fuera fruto de esa megaloman\u00eda que les entr\u00f3 en \u00e9poca de bonanza econ\u00f3mica a los responsables de ayuntamientos y autonom\u00edas por contar con un museo a mayor gloria de su hoja de servicios, aunque luego estos no tuvieran a menudo presupuesto ni para encender la calefacci\u00f3n. Pero una vez aqu\u00ed lo inteligente, lo necesario y lo pol\u00edticamente responsable no puede ser sino potenciar ese importante germen de cultura que sin duda estar\u00eda llamado a ser. No hay que perder de vista que el Patio Herreriano cuenta con un activo que falta en otras iniciativas de este tipo. Me refiero a la colecci\u00f3n, una colecci\u00f3n ya bendecida por el tiempo necesario para valorar las obras con perspectiva, mientras que otros museos tienen que arriesgar en adquisiciones cuya relevancia en el futuro est\u00e1 por ver. Los nombres y las obras que la integran son en un porcentaje elevad\u00edsimo indiscutibles y este potencial es el que debe dirigir las acciones del Museo, tanto en el programa expositivo como en el educativo y en el de nuevas adquisiciones, cuando pueda haberlas. Lo que no sea esto, vincular el conocimiento de nuestras vanguardias hist\u00f3ricas con lo mejor de lo que est\u00e9 ocurriendo en este momento en la creaci\u00f3n contempor\u00e1nea, ser\u00e1 errar el tiro. Pero al Patio le han salido granos desde el primer d\u00eda, como la colocaci\u00f3n de las estatuas de Sus Majestades en el patio que le da nombre, obra que no iba a ser destinada a este espacio y que fue tambi\u00e9n encajada en \u00e9l con f\u00f3rceps rompiendo su armon\u00eda y eliminando la posibilidad de utilizarlo para acciones s\u00ed encuadradas en su raz\u00f3n de ser. Una alcaldada en la l\u00ednea de salida.<\/p>\n<p>Si esto se hiciera bien, el reclamo tur\u00edstico que tanto importa a nuestras autoridades lo tendr\u00eda asegurado, aunque para ello hubiera que esforzarse m\u00e1s y confiar en los profesionales. Miren a una ciudad como M\u00e1laga, de la que copiamos la Feria de D\u00eda y su festival de fritanga y jolgorio callejero, pero de la que no hemos copiado la inteligencia para sumar museos de renombre.<\/p>\n<p><strong>SECTARISMO<\/strong><\/p>\n<p>Por \u00faltimo, una peque\u00f1a puntualizaci\u00f3n. Oigo y leo mucho estos d\u00edas a prop\u00f3sito de este asunto la palabra sectarismo. Protestar por una injerencia en la programaci\u00f3n de un centro cultural no es sectarismo. Que un artista no encaje en la programaci\u00f3n de un Museo a juicio de su responsable primero no es sectarismo, ni siquiera tiene por qu\u00e9 ir en detrimento de su consideraci\u00f3n art\u00edstica. Que un cr\u00edtico haga una valoraci\u00f3n basada en el conocimiento y el criterio de un artista no es sectarismo. Utilicemos los t\u00e9rminos con propiedad.<\/p>\n<p>Todo esto pasar\u00e1, como pas\u00f3 la exposici\u00f3n de Crist\u00f3bal Col\u00f3n. Lo que no deber\u00eda pasar es la oportunidad de reconducir la cuesti\u00f3n hacia un lugar en el que la mayor\u00eda pueda sentirse a gusto, sin menoscabo de ninguna instituci\u00f3n ni profesional responsable, aunque leyendo las \u00faltimas declaraciones de la concejala no parece qie vaya a ser posible.<\/p>\n<p>&nbsp;<\/p>\n","protected":false},"excerpt":{"rendered":"<p>Parece un mal karma. Pero el Patio Herreriano vuelve a estar en la prensa nacional por un motivo ajeno a lo estrictamente art\u00edstico. La causa: el pol\u00e9mico proyecto avalado por el equipo de gobierno municipal de celebrar el 75 aniversario de la ONU con una exposici\u00f3n en sus salas de Crist\u00f3bal Gabarr\u00f3n, artista vinculado a [&hellip;]<\/p>\n","protected":false},"author":2,"featured_media":0,"comment_status":"open","ping_status":"open","sticky":false,"template":"","format":"standard","meta":[],"categories":[4,7,8,14,16,20],"tags":[776,777,361],"_links":{"self":[{"href":"https:\/\/blogs.elnortedecastilla.es\/angelicatanarro\/wp-json\/wp\/v2\/posts\/1493"}],"collection":[{"href":"https:\/\/blogs.elnortedecastilla.es\/angelicatanarro\/wp-json\/wp\/v2\/posts"}],"about":[{"href":"https:\/\/blogs.elnortedecastilla.es\/angelicatanarro\/wp-json\/wp\/v2\/types\/post"}],"author":[{"embeddable":true,"href":"https:\/\/blogs.elnortedecastilla.es\/angelicatanarro\/wp-json\/wp\/v2\/users\/2"}],"replies":[{"embeddable":true,"href":"https:\/\/blogs.elnortedecastilla.es\/angelicatanarro\/wp-json\/wp\/v2\/comments?post=1493"}],"version-history":[{"count":5,"href":"https:\/\/blogs.elnortedecastilla.es\/angelicatanarro\/wp-json\/wp\/v2\/posts\/1493\/revisions"}],"predecessor-version":[{"id":1499,"href":"https:\/\/blogs.elnortedecastilla.es\/angelicatanarro\/wp-json\/wp\/v2\/posts\/1493\/revisions\/1499"}],"wp:attachment":[{"href":"https:\/\/blogs.elnortedecastilla.es\/angelicatanarro\/wp-json\/wp\/v2\/media?parent=1493"}],"wp:term":[{"taxonomy":"category","embeddable":true,"href":"https:\/\/blogs.elnortedecastilla.es\/angelicatanarro\/wp-json\/wp\/v2\/categories?post=1493"},{"taxonomy":"post_tag","embeddable":true,"href":"https:\/\/blogs.elnortedecastilla.es\/angelicatanarro\/wp-json\/wp\/v2\/tags?post=1493"}],"curies":[{"name":"wp","href":"https:\/\/api.w.org\/{rel}","templated":true}]}}