{"id":1508,"date":"2020-10-24T18:55:30","date_gmt":"2020-10-24T17:55:30","guid":{"rendered":"https:\/\/blogs.elnortedecastilla.es\/angelicatanarro\/?p=1508"},"modified":"2020-10-24T18:55:30","modified_gmt":"2020-10-24T17:55:30","slug":"65-seminci-toma-i","status":"publish","type":"post","link":"https:\/\/blogs.elnortedecastilla.es\/angelicatanarro\/2020\/10\/24\/65-seminci-toma-i\/","title":{"rendered":"65 SEMINCI. TOMA I"},"content":{"rendered":"<p><span style=\"font-size: 14pt;\"><strong>COIXET PONE VIDA Y COLOR<\/strong> <strong>EN BENIDORM. ROCKWELL DEJA EN GRIS SUS \u2018SWEET THINGS\u2019<\/strong><\/span><\/p>\n<div id=\"attachment_1510\" style=\"width: 507px\" class=\"wp-caption alignright\"><a href=\"https:\/\/static-blogs.elnortedecastilla.es\/wp-content\/uploads\/sites\/2\/2020\/10\/119A-1A042R0BL_1.6.1.jpg\"><img aria-describedby=\"caption-attachment-1510\" loading=\"lazy\" class=\"wp-image-1510\" src=\"https:\/\/static-blogs.elnortedecastilla.es\/wp-content\/uploads\/sites\/2\/2020\/10\/119A-1A042R0BL_1.6.1-300x193.jpg\" alt=\"\" width=\"497\" height=\"319\" srcset=\"https:\/\/static-blogs.elnortedecastilla.es\/wp-content\/uploads\/sites\/2\/2020\/10\/119A-1A042R0BL_1.6.1-300x193.jpg 300w, https:\/\/static-blogs.elnortedecastilla.es\/wp-content\/uploads\/sites\/2\/2020\/10\/119A-1A042R0BL_1.6.1-768x494.jpg 768w, https:\/\/static-blogs.elnortedecastilla.es\/wp-content\/uploads\/sites\/2\/2020\/10\/119A-1A042R0BL_1.6.1-1024x659.jpg 1024w, https:\/\/static-blogs.elnortedecastilla.es\/wp-content\/uploads\/sites\/2\/2020\/10\/119A-1A042R0BL_1.6.1.jpg 1678w\" sizes=\"(max-width: 497px) 100vw, 497px\" \/><\/a><p id=\"caption-attachment-1510\" class=\"wp-caption-text\">Zoe Sala Coixet<\/p><\/div>\n<p>Lo primero que piensa el espectador asiduo al cine de Isabel Coixet desde los primeros compases de \u2018Nieva en Benidorm\u2019 es que \u00e9sta ser\u00e1 una pel\u00edcula distinta dentro de su filmograf\u00eda. y de entrada es de agradecer que alguien que tiene un sello personal y bastantes \u00e9xitos en su trayectoria se arriesgue a transitar otros caminos, con lo f\u00e1cil que resulta el acomodo,o lo dif\u00edcil que es cambiar de registro. Luego se ver\u00e1n sus constantes, esos detalles que hacen de la pel\u00edcula algo muy \u2018coixet\u2019 pero, de entrada, est\u00e1 bien esa invitaci\u00f3n a un film que se va a salir de lo esperado. La cineasta compone una madeja con varios hilos de los que tirar. Est\u00e1, de entrada, el personaje principal: Peter Riordan (magn\u00edficamente encarnado por Timothy Spall), un solitario y gris ciudadano de Manchester al que acaban de echar de su puesto en un banco bajo el disfraz de una prejubilaci\u00f3n. Riordan tiene una vida tan rutinaria como aparentemente vac\u00eda, un hermano al que hace a\u00f1os que no ve y que vive en Benidorm y una afici\u00f3n: la meteorolog\u00eda. En su nueva situaci\u00f3n, con todo el tiempo libre por delante y sin nada mejor que hacer, decide ir a visitar a su hermano Daniel. As\u00ed es como aterriza en un mundo que le es tan ajeno como lo ser\u00eda para un antiguo miembro de la tribu zul\u00fa si le soltaran una tarde en la quinta avenida de Nueva York. El asunto es que su hermano ha desparecido.<\/p>\n<p>El segundo hilo del que tirar es la propia ciudad de Benidorm. El reino de la paradoja, seg\u00fan la directora. Un lugar que re\u00fane fuera y dentro de temporada a los jubilados residentes de los pa\u00edses n\u00f3rdicos, al turismo brit\u00e1nico de juerga y borrachera y a los integrantes de los viajes del Inserso, jubilados espa\u00f1oles con ganas de juerga y de vivir, si se da el caso, una segunda juventud.<\/p>\n<p>Hay otro hilo recurrente en el film: Silvia Plath. Coixet descubri\u00f3 leyendo sus diarios que la poeta americana hab\u00eda pasado una temporada en Benidorm tras su boda con Ted Hughes a finales de los cincuenta del siglo pasado. Y sinti\u00f3 lo mismo que sentimos muchos al enterarnos de ese detalle: cuesta imaginar a una joven Plath en un lugar del que a menudo solo nos vienen im\u00e1genes nocturnas de clubes horteras y la parafernalia alcoh\u00f3lica y lo rid\u00edculos disfraces de despedidas de solteros, aunque en la \u00e9poca en que la autora de \u2018Ariel\u2019 lo conoci\u00f3 ser\u00eda simplemente un para\u00edso. La directora hace un paralelismo entre \u2018La campana de cristal\u2019 la novela m\u00e1s famosa de Plath y esa campana en la que Riordan hab\u00eda vivido hasta su llegada a Espa\u00f1a.<\/p>\n<p>Con todo ello compone una historia de amor, una historia de segundas oportunidades (aqu\u00ed Coixet es m\u00e1s Coixet que nunca) o de c\u00f3mo la vida puede sorprenderte, aunque hasta ahora te hayas negado a vivirla o hayas optado por el camino de la seguridad m\u00e1s ramplona. (y aqu\u00ed la met\u00e1fora meteorol\u00f3gica: el tiempo es predecible hasta que un d\u00eda no lo es y llega la tormenta perfecta). Y lo hace con la solvencia que da una trayectoria muy s\u00f3lida pero tambi\u00e9n con un excesivo cuidado en que el romanticismo quede lo suficientemente escondido para no asustar, como si temiera que ese mundo de la paradoja que es la ciudad se le fuera de las manos. Esto nos obliga a ver la historia sin engancharnos del todo, con placer, pero sin la implicaci\u00f3n que sent\u00edamos, por ejemplo, con la protagonista de \u2018La vida secreta de las palabras\u2019. Al fin es lo que ha hecho Peter con su vida, vivirla de lejos. Y adereza esta postura a ratos con humor y cierta iron\u00eda para la que recurre a momentos muy almodovarianos en el color y la elecci\u00f3n de los figurantes.<\/p>\n<p>El filme tiene al actor protagonista su columna vertebral. El gesto adusto de Timothy Spall (solo r\u00ede una vez y es hacia el final del film) es el traje perfecto para el personaje, al que acompa\u00f1a con solvencia la actriz Sarita Coudhury. \u2018Nieva en Benidorm\u2019 cuenta tambi\u00e9n con una secundaria de lujo, Carmen Machi, y con Ana Torrent en un papel que, aunque quiere simbolizar a los invisibles que nos ayudan a vivir sin que los tengamos en cuenta, no acaba de funcionar y que quiz\u00e1 es lo m\u00e1s endeble de la pel\u00edcula.<\/p>\n<p>Tercera pel\u00edcula de Coixet con El Deseo, la productora de los hermanos Almod\u00f3var y la premiada Esther Garc\u00eda. Agust\u00edn arrop\u00f3 a la directora en esta su segunda apertura en la Seminci, que le sirvi\u00f3 adem\u00e1s para recoger la Espigar de Honor por su trayectoria.<\/p>\n<p>Un buen comienzo para un Festival distinto, con unas salas acotadas a la m\u00e1xima seguridad y sin apenas vida social.<\/p>\n<div id=\"attachment_1509\" style=\"width: 593px\" class=\"wp-caption alignright\"><a href=\"https:\/\/static-blogs.elnortedecastilla.es\/wp-content\/uploads\/sites\/2\/2020\/10\/202001901_2_RWD_3840\u00a9Lasse_Tolboll-1.jpg\"><img aria-describedby=\"caption-attachment-1509\" loading=\"lazy\" class=\"wp-image-1509\" src=\"https:\/\/static-blogs.elnortedecastilla.es\/wp-content\/uploads\/sites\/2\/2020\/10\/202001901_2_RWD_3840\u00a9Lasse_Tolboll-1-300x163.jpg\" alt=\"\" width=\"583\" height=\"317\" srcset=\"https:\/\/static-blogs.elnortedecastilla.es\/wp-content\/uploads\/sites\/2\/2020\/10\/202001901_2_RWD_3840\u00a9Lasse_Tolboll-1-300x163.jpg 300w, https:\/\/static-blogs.elnortedecastilla.es\/wp-content\/uploads\/sites\/2\/2020\/10\/202001901_2_RWD_3840\u00a9Lasse_Tolboll-1-768x417.jpg 768w, https:\/\/static-blogs.elnortedecastilla.es\/wp-content\/uploads\/sites\/2\/2020\/10\/202001901_2_RWD_3840\u00a9Lasse_Tolboll-1-1024x556.jpg 1024w\" sizes=\"(max-width: 583px) 100vw, 583px\" \/><\/a><p id=\"caption-attachment-1509\" class=\"wp-caption-text\">Lasse Tolboll<\/p><\/div>\n<p>UN D\u00c8J\u00c1 VU<\/p>\n<p>La jornada de apertura ofrec\u00eda adem\u00e1s la primera pel\u00edcula a concurso de la Secci\u00f3n Oficial. \u2018Sweet things\u2019, de Alexandre Rockwell, director americano conocido por t\u00edtulos como \u2018En la sopa\u2019 o \u2018Alguien a quien amar\u2019 (en la que Tarantino hac\u00eda un cameo como barman). Aqu\u00ed nos presenta a dos ni\u00f1os, Billie y Nico, (Lana y Nico Rockwell los hijos del director) a los que la vida no se lo va a poner f\u00e1cil. Un padre alcoh\u00f3lico, una madre ausente, una situaci\u00f3n econ\u00f3mica m\u00e1s que precaria y un colegio del que se puede prescindir sin demasiados problemas es el decorado de sus j\u00f3venes a\u00f1os. Rodada en blanco y negro, con una apuesta fuerte por el contraste, con la c\u00e1mara al hombro y muy cerca de sus protagonistas la mayor parte del tiempo, nos presenta las alegr\u00edas y las desgracias de esos ni\u00f1os que, situados en el lado menos favorecido de la vida, pueden acabar en la delincuencia o en una supervivencia algo m\u00e1s luminosa. Madurar\u00e1n antes de tiempo, s\u00ed, pero habr\u00e1n endurecido la piel para futuras adversidades. Conclusiones \u00e9stas no expl\u00edcitas en el filme, que deja una sensaci\u00f3n de \u2018d\u00e8j\u00e1 vu\u2019 constante y la de no aclarar del todo si la historia nos va a conducir a alg\u00fan lugar m\u00e1s all\u00e1 de lo que se intuye en las primeras secuencias.<\/p>\n<p>Destaca la banda sonora en la que brillan a ratos Van Morrison y la gran Billie Hollyday. El nombre de la ni\u00f1a protagonista es en s\u00ed un homenaje a la c\u00e9lebre cantante de jazz y sus apariciones en los sue\u00f1os de su tocaya, el \u00fanico aporte en color de la pel\u00edcula.<\/p>\n<p>&nbsp;<\/p>\n<p><strong>AL BORDE DE LA ALFOMBRA VERDE (I)<\/strong><\/p>\n<p>La Seminci, como cualquier otro festival que implique inmersi\u00f3n total, supone un par\u00e9ntesis en la vida. Sol\u00eda ser as\u00ed. Una semana larga para olvidar los agrios debates en el Congreso, las meteduras de pata pol\u00edticas en materia cultural, incluso un cl\u00e1sico Madrid-Bar\u00e7a quedaba aparcado en la penumbra de la sala, cambiado por otras vidas distintas que vivir sin aliento, una detr\u00e1s de la otra, con risas, l\u00e1grimas, sopor, o perplejidad. Pero este a\u00f1o la vida real se ha colado en el patio de butacas. Nos ha marcado v\u00eda mascarilla, ese elemento que nos oculta parte del rostro para recordarnos continuamente que ah\u00ed fuera el peligro acecha. Ya no es solo el toque de queda y la revoluci\u00f3n de los horarios.<\/p>\n<p>11 de la ma\u00f1ana del s\u00e1bado 24 de octubre en el Teatro Carri\u00f3n de Valladolid. El primer pase de prensa de la Secci\u00f3n Oficial es el momento del reencuentro. Muchos de los cr\u00edticos se ven solo aqu\u00ed en todo el a\u00f1o, pero incluso los que viven de festival en festival aprovechan esta sesi\u00f3n para el intercambio, la broma recurrente sobre el paso del tiempo y la mirada inevitable para ver en las huellas del otro c\u00f3mo se ha portado el a\u00f1o con \u00e9l. Pero esta vez no. Un patio de butacas mermado al l\u00edmite y un silencio atronador. Era como si la mascarilla nos impidiese el habla. El fr\u00edo era un a\u00f1adido ad hoc. Salimos ordenada y silenciosamente inmersos en esta distop\u00eda semincera. La prueba de que ahora nada es como era. Y se da por bien vivido si pronto podemos volver al abrazo. A dar un codazo al compa\u00f1ero de butacas si le vence el sue\u00f1o. A comentar entre risas solapadas que la pel\u00edcula no alcanza el nivel. O a reconocer en susurros que lo sobrepasa. Al menos en el plato instalado en la Sala de los Espejos del Calder\u00f3n, Isabel Coixet, Agust\u00edn Almod\u00f3var\u00a0 y el equipo de &#8216;Nieva en Benidorm&#8217; pon\u00edan calor haciendo un llamamiento para que la gente vuelva a las salas. Lugres seguros. Por lo vivido en esta primera jornada, se puede dar fe. Y el cine se juega mucho en este asalto.<\/p>\n","protected":false},"excerpt":{"rendered":"<p>COIXET PONE VIDA Y COLOR EN BENIDORM. ROCKWELL DEJA EN GRIS SUS \u2018SWEET THINGS\u2019 Lo primero que piensa el espectador asiduo al cine de Isabel Coixet desde los primeros compases de \u2018Nieva en Benidorm\u2019 es que \u00e9sta ser\u00e1 una pel\u00edcula distinta dentro de su filmograf\u00eda. y de entrada es de agradecer que alguien que tiene [&hellip;]<\/p>\n","protected":false},"author":2,"featured_media":0,"comment_status":"open","ping_status":"open","sticky":false,"template":"","format":"standard","meta":[],"categories":[3,4,5,7,8,20,1],"tags":[779,248,780],"_links":{"self":[{"href":"https:\/\/blogs.elnortedecastilla.es\/angelicatanarro\/wp-json\/wp\/v2\/posts\/1508"}],"collection":[{"href":"https:\/\/blogs.elnortedecastilla.es\/angelicatanarro\/wp-json\/wp\/v2\/posts"}],"about":[{"href":"https:\/\/blogs.elnortedecastilla.es\/angelicatanarro\/wp-json\/wp\/v2\/types\/post"}],"author":[{"embeddable":true,"href":"https:\/\/blogs.elnortedecastilla.es\/angelicatanarro\/wp-json\/wp\/v2\/users\/2"}],"replies":[{"embeddable":true,"href":"https:\/\/blogs.elnortedecastilla.es\/angelicatanarro\/wp-json\/wp\/v2\/comments?post=1508"}],"version-history":[{"count":2,"href":"https:\/\/blogs.elnortedecastilla.es\/angelicatanarro\/wp-json\/wp\/v2\/posts\/1508\/revisions"}],"predecessor-version":[{"id":1512,"href":"https:\/\/blogs.elnortedecastilla.es\/angelicatanarro\/wp-json\/wp\/v2\/posts\/1508\/revisions\/1512"}],"wp:attachment":[{"href":"https:\/\/blogs.elnortedecastilla.es\/angelicatanarro\/wp-json\/wp\/v2\/media?parent=1508"}],"wp:term":[{"taxonomy":"category","embeddable":true,"href":"https:\/\/blogs.elnortedecastilla.es\/angelicatanarro\/wp-json\/wp\/v2\/categories?post=1508"},{"taxonomy":"post_tag","embeddable":true,"href":"https:\/\/blogs.elnortedecastilla.es\/angelicatanarro\/wp-json\/wp\/v2\/tags?post=1508"}],"curies":[{"name":"wp","href":"https:\/\/api.w.org\/{rel}","templated":true}]}}