{"id":1514,"date":"2020-10-25T20:37:56","date_gmt":"2020-10-25T19:37:56","guid":{"rendered":"https:\/\/blogs.elnortedecastilla.es\/angelicatanarro\/?p=1514"},"modified":"2020-10-25T20:37:56","modified_gmt":"2020-10-25T19:37:56","slug":"65-seminci-toma-ii","status":"publish","type":"post","link":"https:\/\/blogs.elnortedecastilla.es\/angelicatanarro\/2020\/10\/25\/65-seminci-toma-ii\/","title":{"rendered":"65 SEMINCI. TOMA II"},"content":{"rendered":"<p><strong><span style=\"font-size: 14pt;\">EL TIEMPO RECOBRADO DE TOM\u00c1S SALVADOR. LA PRESCINDIBLE \u2018PUPPY LOVE\u2019 Y UNA HISTORIA ORIGINAL EN TORNO AL HOLOCAUSTO<\/span><\/strong><\/p>\n<div id=\"attachment_1517\" style=\"width: 798px\" class=\"wp-caption alignright\"><a href=\"https:\/\/static-blogs.elnortedecastilla.es\/wp-content\/uploads\/sites\/2\/2020\/10\/ETR_Tom\u00e1s-Salvador-1.jpg\"><img aria-describedby=\"caption-attachment-1517\" loading=\"lazy\" class=\"wp-image-1517\" src=\"https:\/\/static-blogs.elnortedecastilla.es\/wp-content\/uploads\/sites\/2\/2020\/10\/ETR_Tom\u00e1s-Salvador-1-300x195.jpg\" alt=\"\" width=\"788\" height=\"512\" srcset=\"https:\/\/static-blogs.elnortedecastilla.es\/wp-content\/uploads\/sites\/2\/2020\/10\/ETR_Tom\u00e1s-Salvador-1-300x195.jpg 300w, https:\/\/static-blogs.elnortedecastilla.es\/wp-content\/uploads\/sites\/2\/2020\/10\/ETR_Tom\u00e1s-Salvador-1-768x499.jpg 768w, https:\/\/static-blogs.elnortedecastilla.es\/wp-content\/uploads\/sites\/2\/2020\/10\/ETR_Tom\u00e1s-Salvador-1.jpg 829w\" sizes=\"(max-width: 788px) 100vw, 788px\" \/><\/a><p id=\"caption-attachment-1517\" class=\"wp-caption-text\">Tom\u00e1s Salvador, en una imagen de archivo<\/p><\/div>\n<p>A\u00a0veces ocurre: un amigo muere y su tiempo se precipita, se agolpa, cae en cascada sobre quienes lo amaron. Y quienes lo amaron han de coger ese tiempo con las manos, amasar con \u00e9l su figura y mantenerla viva en su coraz\u00f3n. Si el amigo adem\u00e1s es poeta, con su tiempo caen en cascada las palabras que \u00e9l am\u00f3. Esto es y no otra cosa \u2018El tiempo robado\u2019, el documental que Seminci estren\u00f3 ayer y que recuerda la figura y celebra la palabra de Tom\u00e1s Salvador Gonz\u00e1lez (Zamora, 1952, M\u00f3stoles, 2019) fallecido a los 67 a\u00f1os con una obra cuajada, pero al que no es aventurado pensar que le quedaban muchas cosas por decir y por vivir.<\/p>\n<div id=\"attachment_1516\" style=\"width: 420px\" class=\"wp-caption alignright\"><a href=\"https:\/\/static-blogs.elnortedecastilla.es\/wp-content\/uploads\/sites\/2\/2020\/10\/Foto-DIRECTOR-Juan-Carlos-Rivas.jpeg\"><img aria-describedby=\"caption-attachment-1516\" loading=\"lazy\" class=\"wp-image-1516 \" src=\"https:\/\/static-blogs.elnortedecastilla.es\/wp-content\/uploads\/sites\/2\/2020\/10\/Foto-DIRECTOR-Juan-Carlos-Rivas-300x279.jpeg\" alt=\"\" width=\"410\" height=\"382\" srcset=\"https:\/\/static-blogs.elnortedecastilla.es\/wp-content\/uploads\/sites\/2\/2020\/10\/Foto-DIRECTOR-Juan-Carlos-Rivas-300x279.jpeg 300w, https:\/\/static-blogs.elnortedecastilla.es\/wp-content\/uploads\/sites\/2\/2020\/10\/Foto-DIRECTOR-Juan-Carlos-Rivas.jpeg 729w\" sizes=\"(max-width: 410px) 100vw, 410px\" \/><\/a><p id=\"caption-attachment-1516\" class=\"wp-caption-text\">Juan Carlos Rivas, director<\/p><\/div>\n<p>El autor de libros como \u2018La sumisi\u00f3n de los \u00e1rboles\u2019 o \u2018Favorables pa\u00eds poemas\u2019 queda retratado a trav\u00e9s de las palabras de su familia, de su mujer, Cristina del Teso, de su hijo Bruno, de sus hermanos Mar\u00eda Antonia y Bonifacio y muy especialmente de sus amigos, en su mayor\u00eda tambi\u00e9n escritores y poetas que formaron el llamado Grupo de Valladolid, pues en su Facultad de Filosof\u00eda y Letras se conocieron y en esta ciudad surgieron sus primeros proyectos literarios en torno a revistas como \u2018Un \u00e1ngel m\u00e1s\u2019 o \u2018El signo del gorri\u00f3n\u2019. Muchos de ellos aparecen en el documental (Gustavo Mart\u00edn Garzo, Luis Marig\u00f3mez, Esperanza Ortega, Miguel Casado, Olvido Garc\u00eda Vald\u00e9s, Miguel \u00c1ngel Moreno, Christine Monot, su primera mujer) y estuvieron ayer en la proyecci\u00f3n. Otros, como Ildefonso Rodr\u00edguez, V\u00edctor M. D\u00edez o Tom\u00e1s S\u00e1nchez Santiago, que tambi\u00e9n formaron parte de esa comunidad en torno a la palabra, aparecen en diversos momentos de la pel\u00edcula. Como dijo el director de la Seminci, Javier Angulo, la de ayer fue la tarde de los poetas, pues la sala estaba llena de escritores.<\/p>\n<p>Aunque la direcci\u00f3n y el guion se deben a Juan Carlos Rivas (cr\u00edtico de cine y realizador) se trata de una obra coral, pues son los amigos y su familia quienes van, tesela a tesela, componiendo el mosaico de una personalidad muy atractiva, de un escritor riguroso, de un amante del buen cine, de un profesor que embarcaba a los alumnos en la aventura de amar la literatura y las artes, de alguien para el que la \u00e9tica no era una palabra vac\u00eda. Nada amante de los fastos literarios, su tendencia al recogimiento, su opci\u00f3n por vivir apartado en Arenas de San Pedro, probablemente le privaron de un mayor reconocimiento, sin duda merecido. Solitario, pero necesitado del murmullo de la amistad, como reconoce en un poema, son ahora esos amigos los que construyen el edificio de su memoria, que tuvo ya algunos cimientos cercanos al momento de su partida: la Poes\u00eda Reunida, (\u2018Una lengua que \u00e9l hablaba\u2019), que publica Dilema un a\u00f1o antes de su muerte, y dos libros p\u00f3stumos: \u2018Restos de infancia\u2019, y \u2018De Aleda a Aldea\u2019, dedicado a su poes\u00eda visual. Esta faceta de su obra, derivada de su instinto para relacionar palabra e imagen, el papel que en la investigaci\u00f3n en torno a las palabras tuvieron los titulares del peri\u00f3dico \u2018El Pa\u00eds\u2019 que segu\u00eda d\u00eda a d\u00eda y, sobre todo, la voz del poeta, forman parte importante del documental.<\/p>\n<p>El actor Javier Guti\u00e9rrez, que ha colaborado en el film poniendo voz a los poemas de Tom\u00e1s Salvador, dijo ayer durante su presentaci\u00f3n que, cuando termin\u00f3 de verlo, sinti\u00f3 ganas de salir corriendo a una librer\u00eda y comprar los libros del autor homenajeado. Y as\u00ed es en efecto: la pel\u00edcula, llama a conocer su poes\u00eda, y no solo a la suya, a poes\u00eda y al arte en general y es tambi\u00e9n una invitaci\u00f3n a descubrir el sentido de la vida, que no es otro que el amor. Y en esto hay que reconocer la mano que ha mecido la cuna de la a\u00f1oranza, es decir la labor de Juan Carlos Rivas. Este tipo de homenajes se la juegan en el gui\u00f3n y en el montaje. Y ambos son un acierto.<\/p>\n<p>OPERA PRIMA Y HOLOCAUSTO<\/p>\n<p>La Secci\u00f3n Oficial a concurso cont\u00f3 en la segunda jornada del Festival con \u2018El profesor de persa\u2019 (\u2018Persian Lessons\u2019) tercer largometraje del director ucraniano Vadim Perelman, cuya primera pel\u00edcula, \u2018Casa de arena y nieba\u2019 (con Jennifer Connely y Ben Kingsley), logr\u00f3 tres nominaciones a los Oscars. Aqu\u00ed se introduce en un campo de concentraci\u00f3n de la Alemania nazi para contar la historia (basada en hechos reales seg\u00fan se anuncia en los t\u00edtulos de cr\u00e9dito) de Gilles, un joven jud\u00edo que es arrestado por las SS en la Francia ocupada. A punto de ser asesinado, Gilles salva la vida mintiendo acerca de su origen. Afirma no ser jud\u00edo sino persa. Pero la casualidad que le salva la vida, un libro que le acaban de regalar a cambio de comida, ser\u00e1 su espada de Damocles, cuando un oficial del campo le obliga a darle clases de farsi, idioma que desconoce por completo.<a href=\"https:\/\/static-blogs.elnortedecastilla.es\/wp-content\/uploads\/sites\/2\/2020\/10\/Persian-Lessons.jpg\"><img loading=\"lazy\" class=\"alignright wp-image-1518\" src=\"https:\/\/static-blogs.elnortedecastilla.es\/wp-content\/uploads\/sites\/2\/2020\/10\/Persian-Lessons-300x205.jpg\" alt=\"\" width=\"446\" height=\"305\" srcset=\"https:\/\/static-blogs.elnortedecastilla.es\/wp-content\/uploads\/sites\/2\/2020\/10\/Persian-Lessons-300x205.jpg 300w, https:\/\/static-blogs.elnortedecastilla.es\/wp-content\/uploads\/sites\/2\/2020\/10\/Persian-Lessons-768x524.jpg 768w, https:\/\/static-blogs.elnortedecastilla.es\/wp-content\/uploads\/sites\/2\/2020\/10\/Persian-Lessons-1024x699.jpg 1024w, https:\/\/static-blogs.elnortedecastilla.es\/wp-content\/uploads\/sites\/2\/2020\/10\/Persian-Lessons.jpg 1552w\" sizes=\"(max-width: 446px) 100vw, 446px\" \/><\/a><\/p>\n<p>Las guerras est\u00e1n llenas de historias incre\u00edbles, de salvaciones casi milagrosas, en las que el azar, el miedo y la buena o mala suerte juegan una macabra partida de ajedrez con las v\u00edctimas. Vadim Perelman cuenta una historia original y lo hace correctamente, acad\u00e9micamente, sin asumir riesgos, confiado en un guion que logra mantener la atenci\u00f3n sobre la suerte que correr\u00e1 el protagonista (al que el miedo agudizar\u00e1 el ingenio y la voluntad) y en las interpretaciones cre\u00edbles de los actores principales, el argentino Nahuel P\u00e9rez Biscayart y el alem\u00e1n Lars Eidenger.<\/p>\n<p>La ma\u00f1ana hab\u00eda comenzado con la prescindible \u2018Puppy Love\u2019, opera prima de Michael Maxxis. Un festival de marginalidad, sexo duro, prostituci\u00f3n, palizas, drogas y poco rock and roll. Cuenta la historia de Morgan un joven que presuntamente tiene una lesi\u00f3n cerebral, es decir, que es discapacitado ps\u00edquico, aunque, comparado con los descerebrados que le rodean (desde su hermano, a su madre adicta al juego, y a los \u2018figuras\u2019 que va encontrando en su camino) parece raro, s\u00ed, pero tambi\u00e9n el m\u00e1s sensato. El filme, galer\u00eda de bestias pardas, machistas y en general de personajes con pocas luces, es de dif\u00edcil digesti\u00f3n, aunque de vez en cuando ofrezca el remanso de paz de una piscina comunitaria, en una de cuyas balsas de agua caliente el protagonista (el actor Hopper Jack Penn, a la saz\u00f3n hijo de Sean Penn y Robin Wright) est\u00e1 contando su historia a unos desconocidos.<\/p>\n<p>El filme podr\u00eda tener alg\u00fan pasatiempo: contar por ejemplo las veces que se pronuncia la palabra \u2018fuck\u2019, (decenas y decenas) pero es un entretenimiento tan in\u00fatil por otra parte como el propio filme. Eso s\u00ed, hay que reconocer a Michael Maxxis su agilidad para la narraci\u00f3n f\u00edlmica, su capacidad t\u00e9cnica, por lo que no es ilusorio esperar alguna obra suya estimable en el futuro si encuentra una historia potente que contar.<\/p>\n","protected":false},"excerpt":{"rendered":"<p>EL TIEMPO RECOBRADO DE TOM\u00c1S SALVADOR. LA PRESCINDIBLE \u2018PUPPY LOVE\u2019 Y UNA HISTORIA ORIGINAL EN TORNO AL HOLOCAUSTO A\u00a0veces ocurre: un amigo muere y su tiempo se precipita, se agolpa, cae en cascada sobre quienes lo amaron. Y quienes lo amaron han de coger ese tiempo con las manos, amasar con \u00e9l su figura y [&hellip;]<\/p>\n","protected":false},"author":2,"featured_media":0,"comment_status":"open","ping_status":"open","sticky":false,"template":"","format":"standard","meta":[],"categories":[1],"tags":[],"_links":{"self":[{"href":"https:\/\/blogs.elnortedecastilla.es\/angelicatanarro\/wp-json\/wp\/v2\/posts\/1514"}],"collection":[{"href":"https:\/\/blogs.elnortedecastilla.es\/angelicatanarro\/wp-json\/wp\/v2\/posts"}],"about":[{"href":"https:\/\/blogs.elnortedecastilla.es\/angelicatanarro\/wp-json\/wp\/v2\/types\/post"}],"author":[{"embeddable":true,"href":"https:\/\/blogs.elnortedecastilla.es\/angelicatanarro\/wp-json\/wp\/v2\/users\/2"}],"replies":[{"embeddable":true,"href":"https:\/\/blogs.elnortedecastilla.es\/angelicatanarro\/wp-json\/wp\/v2\/comments?post=1514"}],"version-history":[{"count":2,"href":"https:\/\/blogs.elnortedecastilla.es\/angelicatanarro\/wp-json\/wp\/v2\/posts\/1514\/revisions"}],"predecessor-version":[{"id":1520,"href":"https:\/\/blogs.elnortedecastilla.es\/angelicatanarro\/wp-json\/wp\/v2\/posts\/1514\/revisions\/1520"}],"wp:attachment":[{"href":"https:\/\/blogs.elnortedecastilla.es\/angelicatanarro\/wp-json\/wp\/v2\/media?parent=1514"}],"wp:term":[{"taxonomy":"category","embeddable":true,"href":"https:\/\/blogs.elnortedecastilla.es\/angelicatanarro\/wp-json\/wp\/v2\/categories?post=1514"},{"taxonomy":"post_tag","embeddable":true,"href":"https:\/\/blogs.elnortedecastilla.es\/angelicatanarro\/wp-json\/wp\/v2\/tags?post=1514"}],"curies":[{"name":"wp","href":"https:\/\/api.w.org\/{rel}","templated":true}]}}