{"id":1521,"date":"2020-10-26T19:46:37","date_gmt":"2020-10-26T18:46:37","guid":{"rendered":"https:\/\/blogs.elnortedecastilla.es\/angelicatanarro\/?p=1521"},"modified":"2020-10-26T19:46:37","modified_gmt":"2020-10-26T18:46:37","slug":"65-seminci-tomaiii","status":"publish","type":"post","link":"https:\/\/blogs.elnortedecastilla.es\/angelicatanarro\/2020\/10\/26\/65-seminci-tomaiii\/","title":{"rendered":"65 SEMINCI. TOMAIII"},"content":{"rendered":"<p><span style=\"font-size: 14pt;\"><strong>EL DESGARRO DE UN PADRE CON HIJO AUTISTA Y LOS DESVELOS DE UN M\u00daSICO TRADICIONAL PARA TRIUNFAR DIALOGAN EN LA JORNADA DEL LUNES<\/strong><\/span><\/p>\n<div id=\"attachment_1523\" style=\"width: 559px\" class=\"wp-caption alignright\"><a href=\"https:\/\/static-blogs.elnortedecastilla.es\/wp-content\/uploads\/sites\/2\/2020\/10\/here-we-are-a041c005-191007-r34d00009583-c-spiro-films-scaled.jpg\"><img aria-describedby=\"caption-attachment-1523\" loading=\"lazy\" class=\"wp-image-1523\" src=\"https:\/\/static-blogs.elnortedecastilla.es\/wp-content\/uploads\/sites\/2\/2020\/10\/here-we-are-a041c005-191007-r34d00009583-c-spiro-films-scaled-300x169.jpg\" alt=\"\" width=\"549\" height=\"309\" srcset=\"https:\/\/static-blogs.elnortedecastilla.es\/wp-content\/uploads\/sites\/2\/2020\/10\/here-we-are-a041c005-191007-r34d00009583-c-spiro-films-scaled-300x169.jpg 300w, https:\/\/static-blogs.elnortedecastilla.es\/wp-content\/uploads\/sites\/2\/2020\/10\/here-we-are-a041c005-191007-r34d00009583-c-spiro-films-scaled-768x432.jpg 768w, https:\/\/static-blogs.elnortedecastilla.es\/wp-content\/uploads\/sites\/2\/2020\/10\/here-we-are-a041c005-191007-r34d00009583-c-spiro-films-scaled-1024x576.jpg 1024w\" sizes=\"(max-width: 549px) 100vw, 549px\" \/><\/a><p id=\"caption-attachment-1523\" class=\"wp-caption-text\">Shai Avivi y Noam Imber, en una escena del filme<\/p><\/div>\n<p>Tercera jornada de esta silenciosa Seminci. La primera propuesta de la ma\u00f1ana ven\u00eda de Israel, de un director, Nir Bergman, que no es nuevo en el Festival, ya que debut\u00f3 en la 47 Semana con su opera prima, \u2018Alas rotas\u2019, y no le fue mal, ya que consigui\u00f3 el premio de la Juventud en la Secci\u00f3n Punto de Encuentro. \u2018Here we are\u2019 ten\u00eda que haberse presentado en el Festival de Cannes suspendido por la pandemia. En Valladolid ha dejado buen sabor de boca, al menos en el pase de prensa. Ambientada en Tel Aviv, plantea un conflicto universal: el de un padre que ha dedicado su vida a cuidar de su hijo autista pero que se enfrenta al momento en que debe separarse de \u00e9l.<\/p>\n<p>En el film, Aharon es un dise\u00f1ador gr\u00e1fico de \u00e9xito en su juventud que abandona su carrera para dedicarse al cuidado de su hijo Uri, un ni\u00f1o con deficiencia ps\u00edquica derivada del autismo. Cuando Bergman nos los presenta Uri ya es un joven en la veintena y su padre, un hombre maduro divorciado que ha convertido a su hijo en el centro de su vida. Duerme con \u00e9l, acompa\u00f1a sus rutinas, es el que sabe manejar sus estados de \u00e1nimo cuando llegan las crisis. Pero la madre de Uri y ex esposa de Aharon quiere internarlo en un centro especializado. Ella piensa en el futuro, en ese momento en que su padre ya mayor no pueda cuidarlo. Y ha conseguido plaza en uno de los centros de mejor fama. El padre se opone a internarlo y la mala relaci\u00f3n entre ambos progenitores complica la situaci\u00f3n. Aharon emprender\u00e1 con su hijo una huida hacia adelante que pondr\u00e1 de manifiesto que la relaci\u00f3n estrecha entre padre e hijo es tambi\u00e9n para el primero una coartada, un escondite donde acomodar sus frustraciones.<\/p>\n<p>Pel\u00edcula sin grandes pretensiones, bien narrada, sin efectismos, que logra en una suave escalada de tensi\u00f3n emocional que el espectador se ponga en el papel de comprender el desgarro del progenitor que se ve en la encrucijada de decidir que ser\u00e1 lo mejor para su hijo.<\/p>\n<p>Cuenta con dos buenas interpretaciones: Sobrio en el papel de padre Shai Avivi, uno de esos actores cuyo rostro dice sin palabras y que resiste los primeros planos; y eficaz y cre\u00edble Noam Imber en el papel de Uri. Para este actor, el mundo del autismo no le era ajeno, ya que su padre trabajaba en un centro para discapacitados. Nada en la historia le era ajeno en realidad al equipo de la pel\u00edcula, ya que la historia est\u00e1 basada en la experiencia familiar de la guionista del film, Dana Idisis.<\/p>\n<p>En el pertinaz silencio de este a\u00f1o en las salas, se oyeron algunos aplausos.<\/p>\n<p>TRADICI\u00d3N Y COMERCIO<\/p>\n<div id=\"attachment_1526\" style=\"width: 576px\" class=\"wp-caption alignright\"><a href=\"https:\/\/static-blogs.elnortedecastilla.es\/wp-content\/uploads\/sites\/2\/2020\/10\/TheDisciple_Still-02-buena.jpg\"><img aria-describedby=\"caption-attachment-1526\" loading=\"lazy\" class=\"wp-image-1526\" src=\"https:\/\/static-blogs.elnortedecastilla.es\/wp-content\/uploads\/sites\/2\/2020\/10\/TheDisciple_Still-02-buena-300x151.jpg\" alt=\"\" width=\"566\" height=\"285\" srcset=\"https:\/\/static-blogs.elnortedecastilla.es\/wp-content\/uploads\/sites\/2\/2020\/10\/TheDisciple_Still-02-buena-300x151.jpg 300w, https:\/\/static-blogs.elnortedecastilla.es\/wp-content\/uploads\/sites\/2\/2020\/10\/TheDisciple_Still-02-buena.jpg 703w\" sizes=\"(max-width: 566px) 100vw, 566px\" \/><\/a><p id=\"caption-attachment-1526\" class=\"wp-caption-text\">Una escena de &#8216;El disc\u00edpulo&#8217;<\/p><\/div>\n<p>M\u00e1s dif\u00edcil le resulta al espectador occidental empatizar con los anhelos del protagonista de \u2018El disc\u00edpulo\u2019, filme indio que complet\u00f3 la Secci\u00f3n Oficial del lunes. Una estimable pel\u00edcula, que, sin embargo, no llega a rematarse del todo. Cuenta los esfuerzos de Sharad Nerulkar, un joven m\u00fasico cuya \u00fanica ambici\u00f3n en la vida es continuar la tradici\u00f3n centenaria de la m\u00fasica del Norte de su pa\u00eds y dominar sus ragas o estados mel\u00f3dicos. En su caso, adem\u00e1s, contin\u00faa la tradici\u00f3n familiar pues su padre fue tambi\u00e9n un int\u00e9rprete reconocido. Tiene a uno de los grandes int\u00e9rpretes, el anciano Guruji, como maestro y mentor, al que cuidar\u00e1 como a un padre cuando las fuerzas le fallan. Sharad, a quien acompa\u00f1amos en su esfuerzos por abrirse paso en su carrera sin salirse de la pureza del canon y al que en \u2018flash back\u2019 vemos de ni\u00f1o siguiendo los pasos del progenitor, se emplea a fondo en su objetivo, pero el talento no le acompa\u00f1a. Le falta esa chispa de genio que se hace m\u00e1s necesaria cuando la tradici\u00f3n est\u00e1 adem\u00e1s amenazada por la corriente de superficialidad y el triunfo de la m\u00e1s ramplona comercialidad. Las im\u00e1genes del programa de talentos &#8216;Fame&#8217;, de la televisi\u00f3n india, intercalados en la segunda parte de la historia, son calcadas a las del Idol Kids de nuestras pantallas, quedando claro que en este mundo global en todas partes se cuecen habas y shows prefabricados.<\/p>\n<p>El director Chaitanya Tamhane, que se estren\u00f3 en el largometraje con \u2018Court\u2019, filme de amplio recorrido en festivales de todo el mundo, ha contado en la producci\u00f3n con el mexicano Alfonso Cuaron para este segundo film. Que tiene sin duda grandes cualidades, desde la direcci\u00f3n art\u00edstica y la ambientaci\u00f3n, a los travellings del protagonista cruzando la ciudad en moto mientras escucha los audios de una maestra de la voz en los que descansa la filosof\u00eda de la pel\u00edcula. Pero el guion no acaba de quedar bien definido, deja zonas de sombra, m\u00e1s oscuras a\u00fan para los ne\u00f3fitos en las tradiciones musicales indias.<\/p>\n<p>Tamhane arriesg\u00f3 buscando para los papeles profesionales a m\u00fasicos de carrera, lo que juega en beneficio de la banda sonora y no desluce los pasajes interpretativos.<\/p>\n<p>Aunque ambos filmes son muy \u2018de Seminci\u2019 y aunque sea pronto para decirlo, pues esto no ha hecho m\u00e1s que empezar, estamos a la espera de la pel\u00edcula del Festival. Eso s\u00ed, sin hacer apenas ruido y detr\u00e1s de nuestras mascarillas.<\/p>\n","protected":false},"excerpt":{"rendered":"<p>EL DESGARRO DE UN PADRE CON HIJO AUTISTA Y LOS DESVELOS DE UN M\u00daSICO TRADICIONAL PARA TRIUNFAR DIALOGAN EN LA JORNADA DEL LUNES Tercera jornada de esta silenciosa Seminci. La primera propuesta de la ma\u00f1ana ven\u00eda de Israel, de un director, Nir Bergman, que no es nuevo en el Festival, ya que debut\u00f3 en la [&hellip;]<\/p>\n","protected":false},"author":2,"featured_media":0,"comment_status":"open","ping_status":"open","sticky":false,"template":"","format":"standard","meta":[],"categories":[3,4,5,7,8,15,20,1],"tags":[],"_links":{"self":[{"href":"https:\/\/blogs.elnortedecastilla.es\/angelicatanarro\/wp-json\/wp\/v2\/posts\/1521"}],"collection":[{"href":"https:\/\/blogs.elnortedecastilla.es\/angelicatanarro\/wp-json\/wp\/v2\/posts"}],"about":[{"href":"https:\/\/blogs.elnortedecastilla.es\/angelicatanarro\/wp-json\/wp\/v2\/types\/post"}],"author":[{"embeddable":true,"href":"https:\/\/blogs.elnortedecastilla.es\/angelicatanarro\/wp-json\/wp\/v2\/users\/2"}],"replies":[{"embeddable":true,"href":"https:\/\/blogs.elnortedecastilla.es\/angelicatanarro\/wp-json\/wp\/v2\/comments?post=1521"}],"version-history":[{"count":2,"href":"https:\/\/blogs.elnortedecastilla.es\/angelicatanarro\/wp-json\/wp\/v2\/posts\/1521\/revisions"}],"predecessor-version":[{"id":1527,"href":"https:\/\/blogs.elnortedecastilla.es\/angelicatanarro\/wp-json\/wp\/v2\/posts\/1521\/revisions\/1527"}],"wp:attachment":[{"href":"https:\/\/blogs.elnortedecastilla.es\/angelicatanarro\/wp-json\/wp\/v2\/media?parent=1521"}],"wp:term":[{"taxonomy":"category","embeddable":true,"href":"https:\/\/blogs.elnortedecastilla.es\/angelicatanarro\/wp-json\/wp\/v2\/categories?post=1521"},{"taxonomy":"post_tag","embeddable":true,"href":"https:\/\/blogs.elnortedecastilla.es\/angelicatanarro\/wp-json\/wp\/v2\/tags?post=1521"}],"curies":[{"name":"wp","href":"https:\/\/api.w.org\/{rel}","templated":true}]}}