{"id":1555,"date":"2020-10-31T19:06:42","date_gmt":"2020-10-31T18:06:42","guid":{"rendered":"https:\/\/blogs.elnortedecastilla.es\/angelicatanarro\/?p=1555"},"modified":"2020-10-31T19:06:42","modified_gmt":"2020-10-31T18:06:42","slug":"65-seminci-y-toma-viii","status":"publish","type":"post","link":"https:\/\/blogs.elnortedecastilla.es\/angelicatanarro\/2020\/10\/31\/65-seminci-y-toma-viii\/","title":{"rendered":"65 SEMINCI. Y TOMA VIII"},"content":{"rendered":"<p><strong><span style=\"font-size: 14pt;\">EL FESTIVAL GANA<\/span><\/strong><\/p>\n<p>Este a\u00f1o si alguien ha triunfado en Seminci ha sido el propio Festival. Probablemente, muchos no ten\u00edamos nada claro que lleg\u00e1ramos al final con todas las secciones cumplidas. As\u00ed que, en buena lid, la Espiga de Oro Especial deber\u00eda ser en este caso para su director, Javier Angulo, y el equipo que lo han hecho posible. Cuando una nueva amenaza de cierre se cierne sobre los espect\u00e1culos p\u00fablicos, nada mejor que haber mantenido la llama y haberlo hecho de una manera responsable. Cuidando de actores, directores, equipos de filmaci\u00f3n y p\u00fablico. Felicidades, pues.<\/p>\n<div id=\"attachment_1556\" style=\"width: 465px\" class=\"wp-caption alignright\"><a href=\"https:\/\/static-blogs.elnortedecastilla.es\/wp-content\/uploads\/sites\/2\/2020\/10\/Felk\u00e9sz\u00fcl\u00e9s_Preparations_still3-2buena.jpg\"><img aria-describedby=\"caption-attachment-1556\" loading=\"lazy\" class=\"wp-image-1556\" src=\"https:\/\/static-blogs.elnortedecastilla.es\/wp-content\/uploads\/sites\/2\/2020\/10\/Felk\u00e9sz\u00fcl\u00e9s_Preparations_still3-2buena-300x169.jpg\" alt=\"\" width=\"455\" height=\"256\" srcset=\"https:\/\/static-blogs.elnortedecastilla.es\/wp-content\/uploads\/sites\/2\/2020\/10\/Felk\u00e9sz\u00fcl\u00e9s_Preparations_still3-2buena-300x169.jpg 300w, https:\/\/static-blogs.elnortedecastilla.es\/wp-content\/uploads\/sites\/2\/2020\/10\/Felk\u00e9sz\u00fcl\u00e9s_Preparations_still3-2buena.jpg 665w\" sizes=\"(max-width: 455px) 100vw, 455px\" \/><\/a><p id=\"caption-attachment-1556\" class=\"wp-caption-text\">La premiada actriz Natasa Stork, en una escena de &#8216;Preparativos&#8230;&#8217;<\/p><\/div>\n<p>\u2026Y lleg\u00f3 el palmar\u00e9s, ese momento emocionante que este a\u00f1o se ha vivido tambi\u00e9n en sordina, sin el bullicio que suele acompa\u00f1ar la lectura de los premios en el sal\u00f3n de los Espejos del Teatro Calder\u00f3n, con apenas expresiones a favor o en contra, aunque el presidente del jurado, el productor Peter Beale, se quedara algo sorprendido por una ligera protesta al mencionar la Espiga de Plata para \u2018Gaza mon amour\u2019.<\/p>\n<p>Pero vayamos de m\u00e1s a menos. La gran triunfadora ha sido sin duda la h\u00fangara de largo t\u00edtulo y mayor alcance: \u2018Preparativos para estar juntos un periodo de tiempo desconocido\u2019. Su directora, Lili Horv\u00e1t tambi\u00e9n se ha llevado el premio Pilar Mir\u00f3 al Mejor Nuevo Director y su protagonista, Natasa Sotrk, el de Mejor Actriz. Ambas saludaban v\u00eda zoom a la prensa especializada presente en Valladolid. Las decisiones del jurado adem\u00e1s de soberanas son impredecibles, pero esta vez, mi criterio coincide plenamente con esta decisi\u00f3n. No voy a repetir lo que ya dije en mi cr\u00f3nica, pero el film de Horv\u00e1t pone el foco de manera inteligente sobre la psicolog\u00eda del enamoramiento, mantiene el misterio hasta el final y conduce con sobriedad a dos actores dispuestos a hacer el viaje en el tono adecuado. Con solo dos films en su carrera Horv\u00e1t muestra su capacidad para la direcci\u00f3n construyendo im\u00e1genes poderosas, en este caso alternando belleza y tensi\u00f3n.<\/p>\n<p>Dado que ella trajo aqu\u00ed su primer largo, &#8216;The Wednesday Child&#8217;, proyectado en Punto de Encuentro, quien sabe si no estaremos ante una de esas directoras que, como Guediguian, Loach o el recientemente desaparecido Paskaljevic, establecieron una estrecha relaci\u00f3n con Seminci.<\/p>\n<p>M\u00e1s discutible es la Espiga de Plata para \u2018Gaza mon amour\u2019 de los hermanos Nasser, los inconfundibles Arab y Tarzan que, con su peculiar look, asistieron a la lectura del palmar\u00e9s y dedicaron su premio al pueblo palestino al que representar\u00e1n con este filme en los Oscar de 2021. Al filme, correcto, amable, le falta ese algo que tienen las grandes pel\u00edculas.<\/p>\n<p>Nada que objetar al premio al Mejor Actor para Shai Avivi, el padre angustiado por el futuro de su hijo autista en el filme \u2018Here we are\u2019 de Nir Bergaman. Saber decir sin palabras es el mejor elogio que puede recibir un actor.<\/p>\n<p>El premio al Mejor Director tiene en esta ocasi\u00f3n dos nombres: el del dibujante Aurel, por la pel\u00edcula de animaci\u00f3n \u2018Josep\u2019, y el de Ivan Ostrochovky, por \u2018Servants\u2019. Ambos filme, muy distintos, situados en el lugar intermedio de una hipot\u00e9tica clasificaci\u00f3n dentro de la Secci\u00f3n Oficial del certamen.<\/p>\n<p>Aunque no estuvo en el palmar\u00e9s oficial, la estupenda y emotiva \u2018Nowhere special\u2019 fue premiada por el p\u00fablico para alegr\u00eda de sus productores, pues suele ser el premio que garantiza una buena distribuci\u00f3n.<\/p>\n<p>Se debat\u00eda en los d\u00edas finales del festival si una pel\u00edcula ya premiada en un certamen de la categor\u00eda de Berl\u00edn deber\u00eda ser premiada en otro festival que, aunque m\u00e1s modesto, aspire a significar algo en el ranking de los festivales. La cosa iba por la iran\u00ed \u2018There is no evil\u2019, que ven\u00eda con el Oso de Oro a cuestas y se mostr\u00f3 como uno de los filmes m\u00e1s potentes de esta edici\u00f3n. El jurado resolvi\u00f3 el dilema concedi\u00e9ndola una menci\u00f3n especial.<\/p>\n<p>El cine iran\u00ed vuelve a demostrar su buen estado de forma, y eso que la segunda pel\u00edcula de esta nacionalidad a competici\u00f3n, \u2018La tierra bald\u00eda\u2019, se fue de vac\u00edo a pesar de su calidad.<\/p>\n<p>M\u00e1s suerte tuvo la china \u2018La nube en su cuarto\u2019 que, a pesar de su decepcionante factura, se ha encontrado el \u00fanico premio que podr\u00eda encajar: el de Mejor Direcci\u00f3n de Fotograf\u00eda para Matthias Delvaux. El premio al Mejor Montaje para Vessela Martschewski por \u2018Persian Lessons\u2019 completa los premios principales.<\/p>\n<p>Javier Angulo agradeci\u00f3 a su equipo los esfuerzos para ir lidiando d\u00eda a d\u00eda con los cambios y los imprevistos que la pandemia que nos rodea iba dejando a la orilla de la isla que ha sido este certamen. Y anunci\u00f3 que para el pr\u00f3ximo festival, del 22 al 29 de octubre, el pa\u00eds invitado ser\u00e1, crucemos los dedos, Argentina.<\/p>\n<p>Fin de la serie \u00a1Nos vemos en los cines y esperemos que siga siendo as\u00ed por mucho tiempo!<\/p>\n<p>&nbsp;<\/p>\n","protected":false},"excerpt":{"rendered":"<p>EL FESTIVAL GANA Este a\u00f1o si alguien ha triunfado en Seminci ha sido el propio Festival. Probablemente, muchos no ten\u00edamos nada claro que lleg\u00e1ramos al final con todas las secciones cumplidas. As\u00ed que, en buena lid, la Espiga de Oro Especial deber\u00eda ser en este caso para su director, Javier Angulo, y el equipo que [&hellip;]<\/p>\n","protected":false},"author":2,"featured_media":0,"comment_status":"open","ping_status":"open","sticky":false,"template":"","format":"standard","meta":[],"categories":[3,5,7,8,20],"tags":[792],"_links":{"self":[{"href":"https:\/\/blogs.elnortedecastilla.es\/angelicatanarro\/wp-json\/wp\/v2\/posts\/1555"}],"collection":[{"href":"https:\/\/blogs.elnortedecastilla.es\/angelicatanarro\/wp-json\/wp\/v2\/posts"}],"about":[{"href":"https:\/\/blogs.elnortedecastilla.es\/angelicatanarro\/wp-json\/wp\/v2\/types\/post"}],"author":[{"embeddable":true,"href":"https:\/\/blogs.elnortedecastilla.es\/angelicatanarro\/wp-json\/wp\/v2\/users\/2"}],"replies":[{"embeddable":true,"href":"https:\/\/blogs.elnortedecastilla.es\/angelicatanarro\/wp-json\/wp\/v2\/comments?post=1555"}],"version-history":[{"count":2,"href":"https:\/\/blogs.elnortedecastilla.es\/angelicatanarro\/wp-json\/wp\/v2\/posts\/1555\/revisions"}],"predecessor-version":[{"id":1558,"href":"https:\/\/blogs.elnortedecastilla.es\/angelicatanarro\/wp-json\/wp\/v2\/posts\/1555\/revisions\/1558"}],"wp:attachment":[{"href":"https:\/\/blogs.elnortedecastilla.es\/angelicatanarro\/wp-json\/wp\/v2\/media?parent=1555"}],"wp:term":[{"taxonomy":"category","embeddable":true,"href":"https:\/\/blogs.elnortedecastilla.es\/angelicatanarro\/wp-json\/wp\/v2\/categories?post=1555"},{"taxonomy":"post_tag","embeddable":true,"href":"https:\/\/blogs.elnortedecastilla.es\/angelicatanarro\/wp-json\/wp\/v2\/tags?post=1555"}],"curies":[{"name":"wp","href":"https:\/\/api.w.org\/{rel}","templated":true}]}}