{"id":1773,"date":"2022-10-09T11:47:06","date_gmt":"2022-10-09T10:47:06","guid":{"rendered":"https:\/\/blogs.elnortedecastilla.es\/angelicatanarro\/?p=1773"},"modified":"2022-10-09T11:47:06","modified_gmt":"2022-10-09T10:47:06","slug":"mon-montoya-sale-a-la-superficie","status":"publish","type":"post","link":"https:\/\/blogs.elnortedecastilla.es\/angelicatanarro\/2022\/10\/09\/mon-montoya-sale-a-la-superficie\/","title":{"rendered":"Mon Montoya sale a la superficie"},"content":{"rendered":"<p>EL PALACIO DE QUINTANAR EXHIBE &#8216;DIARIO DE UN SUMERGIDO&#8217;, NUEVE A\u00d1OS DE TRABAJO DEL ARTISTA<\/p>\n<p>No se entender\u00eda la pintura de Mon Montoya sin su relaci\u00f3n con la literatura y con la escritura. Con la literatura como ese espacio donde se construyen mundos imaginarios, relatos de memoria y olvido; y con la escritura, entendida en su sentido m\u00e1s f\u00edsico, la mano que con un pincel escribe palabras dibujadas sobre el lienzo. Montoya ha salido a la superficie despu\u00e9s de nueve a\u00f1os de silencio expositivo. \u2018Diario de un artista sumergido\u2019 es una novela escrita en cien cap\u00edtulos, unos m\u00e1s extensos, otros breves como aforismos.<a href=\"https:\/\/static-blogs.elnortedecastilla.es\/wp-content\/uploads\/sites\/2\/2022\/10\/e5101855-7545-456e-85e0-801a69494abd.jpg\">.\u00a0<img loading=\"lazy\" class=\"alignright wp-image-1774\" src=\"https:\/\/static-blogs.elnortedecastilla.es\/wp-content\/uploads\/sites\/2\/2022\/10\/e5101855-7545-456e-85e0-801a69494abd-300x169.jpg\" alt=\"\" width=\"422\" height=\"238\" srcset=\"https:\/\/static-blogs.elnortedecastilla.es\/wp-content\/uploads\/sites\/2\/2022\/10\/e5101855-7545-456e-85e0-801a69494abd-300x169.jpg 300w, https:\/\/static-blogs.elnortedecastilla.es\/wp-content\/uploads\/sites\/2\/2022\/10\/e5101855-7545-456e-85e0-801a69494abd-768x432.jpg 768w, https:\/\/static-blogs.elnortedecastilla.es\/wp-content\/uploads\/sites\/2\/2022\/10\/e5101855-7545-456e-85e0-801a69494abd-1024x576.jpg 1024w, https:\/\/static-blogs.elnortedecastilla.es\/wp-content\/uploads\/sites\/2\/2022\/10\/e5101855-7545-456e-85e0-801a69494abd.jpg 1600w\" sizes=\"(max-width: 422px) 100vw, 422px\" \/><\/a><\/p>\n<p>A\u00fan hay tiempo de leer con detenimiento esta historia que se muestra en el Palacio del Quintanar de Segovia hasta el 28 de este mes. Me pregunto al verla por las razones, las ra\u00edces de la potencia creadora de este artista que lleva cincuenta a\u00f1os dedicado con tes\u00f3n y pasi\u00f3n a su arte. Y no acierto a responderme; solo imagino un punto de partida: saberse pintor y no otra cosa, creer que, al margen de egocentrismos y otros aderezos insustanciales que a veces acompa\u00f1an esta labor, \u00e9l vino al mundo para comunicarse y explicarse a trav\u00e9s de sus lienzos y papeles.<\/p>\n<p>Nueve a\u00f1os que han dado para tanto\u2026 Visto el resultado, dos logros parecen evidentes, por un lado, haber conseguido materializar un lenguaje propio, un \u2018estilo\u2019 inconfundible, la se\u00f1a de identidad de una trayectoria; por otra saber que la vida, o sea el arte, se construye afrontando riesgos, eso que nos hace evolucionar.<\/p>\n<p>El riesgo en esos cuadros de gran formato, (cuatro por dos, tres por dos\u2026) para los que hace falta no solo fuerza f\u00edsica y mental sino aut\u00e9ntica vocaci\u00f3n. Si tuviera que encuadrarlos en un g\u00e9nero literario, por esa relaci\u00f3n expresada al comienzo de este texto, dir\u00eda que son verdaderas novelas gr\u00e1ficas. En ellas, Mon Montoa demuestra que ese mundo sumergido del estudio tiene las ventanas abiertas. Y en esos cuadros est\u00e1 la violencia y el humor de lo que nos pasa. La iron\u00eda que es el arma de la inteligencia para superar los momentos m\u00e1s oscuros. Los comparo con otros grandes cuadros de etapas pasadas y veo que hay un mayor abigarramiento de personajes, de signos, de esa escritura que es se\u00f1a de identidad. Ese barroquismo del que \u00e9l mismo habla cuando se refiere a su pintura y ese \u2018horror vacui\u2019 que la caracteriza. Es l\u00f3gico ese abundamiento. La vida va pasando y la mochila que cargamos a la espalda es cada vez mayor. Biograf\u00eda e historia. Pero no pesa tanto la mochila como para restar energ\u00eda a su trabajo, m\u00e1s bien al contrario. Y si hubiera que seguir poniendo etiquetas literarias a estas obras hablar\u00eda de autoficci\u00f3n. Y una vez m\u00e1s el artista casi sin darse cuenta est\u00e1 en el d\u00eda a d\u00eda de lo que pasa a su alrededor.<a href=\"https:\/\/static-blogs.elnortedecastilla.es\/wp-content\/uploads\/sites\/2\/2022\/10\/7a1604f2-6607-4f8c-81f5-4d20eede3e58.jpg\"><img loading=\"lazy\" class=\"alignright wp-image-1775\" src=\"https:\/\/static-blogs.elnortedecastilla.es\/wp-content\/uploads\/sites\/2\/2022\/10\/7a1604f2-6607-4f8c-81f5-4d20eede3e58-300x169.jpg\" alt=\"\" width=\"431\" height=\"243\" srcset=\"https:\/\/static-blogs.elnortedecastilla.es\/wp-content\/uploads\/sites\/2\/2022\/10\/7a1604f2-6607-4f8c-81f5-4d20eede3e58-300x169.jpg 300w, https:\/\/static-blogs.elnortedecastilla.es\/wp-content\/uploads\/sites\/2\/2022\/10\/7a1604f2-6607-4f8c-81f5-4d20eede3e58-768x432.jpg 768w, https:\/\/static-blogs.elnortedecastilla.es\/wp-content\/uploads\/sites\/2\/2022\/10\/7a1604f2-6607-4f8c-81f5-4d20eede3e58-1024x576.jpg 1024w, https:\/\/static-blogs.elnortedecastilla.es\/wp-content\/uploads\/sites\/2\/2022\/10\/7a1604f2-6607-4f8c-81f5-4d20eede3e58.jpg 1600w\" sizes=\"(max-width: 431px) 100vw, 431px\" \/><\/a><\/p>\n<p>En la trayectoria de Mon Montoya siempre ha habido nombres que componen una especie de santoral laico: Lorca, Mir\u00f3, Klee\u2026 A\u00f1adir\u00eda Dubuffet, Mondrian. Y en sus lecturas apasionadas velan Rilke, Gamoneda y de forma especial Luis Javier Moreno. Al poeta y amigo segoviano dedica la serie \u2018Rota\u2019, basada en ese complejo poema en el que su autor vuelca tambi\u00e9n un poliedro de referencias personales. Tambi\u00e9n Italo Calvino est\u00e1 presente en la exposici\u00f3n a trav\u00e9s de su particular lectura de ese aut\u00e9ntico poema en prosa que es \u2018Las ciudades invisibles\u2019. La literatura siempre en paralelo a su pintura, desde el acertado t\u00edtulo de la muestra que inevitablemente nos remite al \u2018Diario del artista seriamente enfermo\u2019 de un Gil de Biedma que tambi\u00e9n anduvo por estos pagos.<\/p>\n<p>En la intimidad de los papeles est\u00e1 el germen po\u00e9tico que anida en su obra. El acuarelista que nada en los pigmentos porque nadar se ha convertido en una necesidad f\u00edsica \u2018real\u2019 y \u00e9l necesariamente tambi\u00e9n la ha convertido en argumento de su relato art\u00edstico.<\/p>\n<p>No se agosta este diario en una sola visita. Hay tiempo para leerlo con calma.<\/p>\n<p>(Las fotograf\u00edas de la exposici\u00f3n son de Antonio Tanarro)<\/p>\n<p>&#8216;Diario de un sumergido&#8217;: cien obras de Mon Montoya<\/p>\n<p>Palacio de Quintanar. Segovia. Hasta el 23 de octubre.<\/p>\n<p>&nbsp;<\/p>\n","protected":false},"excerpt":{"rendered":"<p>EL PALACIO DE QUINTANAR EXHIBE &#8216;DIARIO DE UN SUMERGIDO&#8217;, NUEVE A\u00d1OS DE TRABAJO DEL ARTISTA No se entender\u00eda la pintura de Mon Montoya sin su relaci\u00f3n con la literatura y con la escritura. Con la literatura como ese espacio donde se construyen mundos imaginarios, relatos de memoria y olvido; y con la escritura, entendida en [&hellip;]<\/p>\n","protected":false},"author":2,"featured_media":0,"comment_status":"open","ping_status":"open","sticky":false,"template":"","format":"standard","meta":[],"categories":[4,8,19],"tags":[479,860,859,861],"_links":{"self":[{"href":"https:\/\/blogs.elnortedecastilla.es\/angelicatanarro\/wp-json\/wp\/v2\/posts\/1773"}],"collection":[{"href":"https:\/\/blogs.elnortedecastilla.es\/angelicatanarro\/wp-json\/wp\/v2\/posts"}],"about":[{"href":"https:\/\/blogs.elnortedecastilla.es\/angelicatanarro\/wp-json\/wp\/v2\/types\/post"}],"author":[{"embeddable":true,"href":"https:\/\/blogs.elnortedecastilla.es\/angelicatanarro\/wp-json\/wp\/v2\/users\/2"}],"replies":[{"embeddable":true,"href":"https:\/\/blogs.elnortedecastilla.es\/angelicatanarro\/wp-json\/wp\/v2\/comments?post=1773"}],"version-history":[{"count":2,"href":"https:\/\/blogs.elnortedecastilla.es\/angelicatanarro\/wp-json\/wp\/v2\/posts\/1773\/revisions"}],"predecessor-version":[{"id":1777,"href":"https:\/\/blogs.elnortedecastilla.es\/angelicatanarro\/wp-json\/wp\/v2\/posts\/1773\/revisions\/1777"}],"wp:attachment":[{"href":"https:\/\/blogs.elnortedecastilla.es\/angelicatanarro\/wp-json\/wp\/v2\/media?parent=1773"}],"wp:term":[{"taxonomy":"category","embeddable":true,"href":"https:\/\/blogs.elnortedecastilla.es\/angelicatanarro\/wp-json\/wp\/v2\/categories?post=1773"},{"taxonomy":"post_tag","embeddable":true,"href":"https:\/\/blogs.elnortedecastilla.es\/angelicatanarro\/wp-json\/wp\/v2\/tags?post=1773"}],"curies":[{"name":"wp","href":"https:\/\/api.w.org\/{rel}","templated":true}]}}