{"id":1878,"date":"2023-08-02T16:55:05","date_gmt":"2023-08-02T15:55:05","guid":{"rendered":"https:\/\/blogs.elnortedecastilla.es\/angelicatanarro\/?p=1878"},"modified":"2023-08-02T16:59:02","modified_gmt":"2023-08-02T15:59:02","slug":"la-ultima-pelicula-de-la-directora-danesa-lone-scherfig-inaugurara-la-68-seminci","status":"publish","type":"post","link":"https:\/\/blogs.elnortedecastilla.es\/angelicatanarro\/2023\/08\/02\/la-ultima-pelicula-de-la-directora-danesa-lone-scherfig-inaugurara-la-68-seminci\/","title":{"rendered":"La \u00faltima pel\u00edcula de la directora danesa Lone Scherfig inaugurar\u00e1 la 68 Seminci"},"content":{"rendered":"<p><strong>&#8216;LA CONTADORA DE PEL\u00cdCULAS&#8217; RE\u00daNE TALENTO INTERNACIONAL A UNO Y OTRO LADO DE LA C\u00c1MARA<\/strong><\/p>\n<p>&nbsp;<\/p>\n<p>Una vieja conocida de la Seminci ser\u00e1 la encargada de abrir la 68 edici\u00f3n del Festival, en el estreno de su nuevo director, Jos\u00e9 Luis Cienfuegos. La directora danesa Lone Scherfig firma &#8216;La contadora de pel\u00edculas&#8217;, su \u00faltima obra, que abrir\u00e1 el certamen el 21 de octubre fuera de concurso. Scherfig se gan\u00f3 el aprecio del certamen vallisoletano con &#8216;Italiano para principiantes&#8217; que se alz\u00f3 con la Espiga de Oro en la edici\u00f3n 46 del Festival. Adscrita al Movimiento Dogma 95, el filme aunaba humor n\u00f3rdico con una especial sensibilidad en el dise\u00f1o de personajes. Soledad y segundas oportunidades se mezclaba en el gui\u00f3n de la propia directora. Adem\u00e1s del primer premio del Festival, la pel\u00edcula obtuvo el premio al Mejor Actor para Peter Gantzler y el premio de la Juventud. Ven\u00eda de ganar el Oso de Plata en la Berlinale.<a href=\"https:\/\/static-blogs.elnortedecastilla.es\/wp-content\/uploads\/sites\/2\/2023\/08\/P4A7899-copia-buena.jpg\"><img loading=\"lazy\" class=\"alignright wp-image-1880\" src=\"https:\/\/static-blogs.elnortedecastilla.es\/wp-content\/uploads\/sites\/2\/2023\/08\/P4A7899-copia-buena-300x200.jpg\" alt=\"\" width=\"378\" height=\"252\" srcset=\"https:\/\/static-blogs.elnortedecastilla.es\/wp-content\/uploads\/sites\/2\/2023\/08\/P4A7899-copia-buena-300x200.jpg 300w, https:\/\/static-blogs.elnortedecastilla.es\/wp-content\/uploads\/sites\/2\/2023\/08\/P4A7899-copia-buena-768x512.jpg 768w, https:\/\/static-blogs.elnortedecastilla.es\/wp-content\/uploads\/sites\/2\/2023\/08\/P4A7899-copia-buena-1024x683.jpg 1024w\" sizes=\"(max-width: 378px) 100vw, 378px\" \/><\/a><\/p>\n<p>Scherfig volvi\u00f3 a la Seminci dos a\u00f1os despu\u00e9s con su siguiente pel\u00edcula en clave de humor negro, &#8216;Wilburg se quiere suicidar&#8217;, que, aunque no llegaba a las cotas de calidad de la anterior, mereci\u00f3 tambi\u00e9n un premio de interpretaci\u00f3n para su protagonista, Jaime Sives. La tercera participaci\u00f3n de la directora danesa en Valladolid fue en 2009 con &#8216;An education&#8217;, un filme con m\u00e1s aristas que los anteriores donde volv\u00eda a demostrar su calidad como directora. La cinta obtuvo tres nominaciones a los Oscars.<\/p>\n<p>Su carrera ha seguido con posterioridad por filmes con tintes m\u00e1s comerciales como &#8216;One day&#8217;, comedia rom\u00e1ntica protagonizada por Anne Hathaway y Jim Sturgess, o &#8216;The Riot Club&#8217; en la que dirigi\u00f3 un gui\u00f3n de Laura Wade.<\/p>\n<p>PEL\u00cdCULAS CONTADAS<\/p>\n<p>La pel\u00edcula elegida para estrenar la pr\u00f3xima Semana Internacional de Cine de Valladolid re\u00fane grandes cantidades de talento cinematogr\u00e1fico a uno y otro lado de la c\u00e1mara.<\/p>\n<p>Por el lado de la interpretaci\u00f3n, cuenta como protagonistas con Ber\u00e9nice Bejo, nominada a los Oscars por &#8216;The Artist&#8217;; nuestro Antonio de la Torre, cuya sola presencia levanta cualquier filme y que fue capaz de dejarnos sin respiraci\u00f3n en &#8216;La trinchera infinita&#8217; y Daniel Br\u00fchl, de quien el p\u00fablico semincero se enamor\u00f3 con &#8216;Goodbye Lenin&#8217;, vi\u00e9ndole ocultar a su madre reci\u00e9n salida de un coma que el Muro de Berl\u00edn hab\u00eda ca\u00eddo y con \u00e9l las ideas en las que ella cre\u00eda firmemente.<a href=\"https:\/\/static-blogs.elnortedecastilla.es\/wp-content\/uploads\/sites\/2\/2023\/08\/J6A3216-copia-buena.jpg\"><img loading=\"lazy\" class=\"alignright wp-image-1881\" src=\"https:\/\/static-blogs.elnortedecastilla.es\/wp-content\/uploads\/sites\/2\/2023\/08\/J6A3216-copia-buena-300x200.jpg\" alt=\"\" width=\"357\" height=\"238\" srcset=\"https:\/\/static-blogs.elnortedecastilla.es\/wp-content\/uploads\/sites\/2\/2023\/08\/J6A3216-copia-buena-300x200.jpg 300w, https:\/\/static-blogs.elnortedecastilla.es\/wp-content\/uploads\/sites\/2\/2023\/08\/J6A3216-copia-buena-768x512.jpg 768w, https:\/\/static-blogs.elnortedecastilla.es\/wp-content\/uploads\/sites\/2\/2023\/08\/J6A3216-copia-buena-1024x683.jpg 1024w\" sizes=\"(max-width: 357px) 100vw, 357px\" \/><\/a><\/p>\n<p>&#8216;La contadora de historias&#8217; narra la vida de Mar\u00eda Margarita, una joven que vive en un pueblo minero en el coraz\u00f3n del desierto de Atacama (Chile) en la d\u00e9cada de 1960 y que desde bien peque\u00f1a tiene un don muy especial para contar pel\u00edculas. Su talento y pasi\u00f3n pronto se extienden m\u00e1s all\u00e1 de su c\u00edrculo familiar para llegar a toda la comunidad. La historia corre en paralelo con los cambios pol\u00edticos acontecidos en las \u00e9pocas de Frei, Allende y la llegada de Pinochet y revive la decadencia de los hist\u00f3ricos pueblos mineros del salitre en el norte de Chile.<\/p>\n<p>El multipremiado director brasile\u00f1o Walter Salles (&#8216;Diarios de la motocicleta&#8217;, &#8216;Estaci\u00f3n central de Brasil&#8217;) es el impulsor del proyecto en el que lleva trabajando m\u00e1s de una d\u00e9cada. &#8216;La contadora de historias&#8217; est\u00e1 basada en la novela hom\u00f3nima de Hern\u00e1n Rivera Letelier. Salles firma el gui\u00f3n junto a\u00a0Rafa Russo\u00a0(&#8216;El a\u00f1o de la furia&#8217;) e\u00a0Isabel Coixet\u00a0cuya pel\u00edcula &#8216;La librer\u00eda&#8217; inaugur\u00f3 la Seminci de 2017. Dos a\u00f1os despu\u00e9s fue reconocida con la Espiga de Honor del Festival.<\/p>\n<p>CONCURSO INFANTIL<\/p>\n<p>La productora de la pel\u00edcula, A Contracorriente Films, en colaboraci\u00f3n con la plataforma acontra+, ha puesto en marcha el Primer Concurso de Contadores y Contadoras de Pel\u00edculas, dirigido a ni\u00f1os y ni\u00f1as entre 5 y 12 a\u00f1os. Emulando a la protagonista, se invita a los participantes a contar en un video corto, en castellano, catal\u00e1n, euskera o gallego, una pel\u00edcula o fragmento de la misma y a participar en un concurso en el que se premiar\u00e1 la habilidad de los participantes para provocar en la audiencia con su relato, el deseo de ver la pel\u00edcula contada.<\/p>\n<p>&nbsp;<\/p>\n","protected":false},"excerpt":{"rendered":"<p>&#8216;LA CONTADORA DE PEL\u00cdCULAS&#8217; RE\u00daNE TALENTO INTERNACIONAL A UNO Y OTRO LADO DE LA C\u00c1MARA &nbsp; Una vieja conocida de la Seminci ser\u00e1 la encargada de abrir la 68 edici\u00f3n del Festival, en el estreno de su nuevo director, Jos\u00e9 Luis Cienfuegos. La directora danesa Lone Scherfig firma &#8216;La contadora de pel\u00edculas&#8217;, su \u00faltima obra, [&hellip;]<\/p>\n","protected":false},"author":2,"featured_media":0,"comment_status":"open","ping_status":"open","sticky":false,"template":"","format":"standard","meta":[],"categories":[3,4,5,7,8,13],"tags":[882,880,881],"_links":{"self":[{"href":"https:\/\/blogs.elnortedecastilla.es\/angelicatanarro\/wp-json\/wp\/v2\/posts\/1878"}],"collection":[{"href":"https:\/\/blogs.elnortedecastilla.es\/angelicatanarro\/wp-json\/wp\/v2\/posts"}],"about":[{"href":"https:\/\/blogs.elnortedecastilla.es\/angelicatanarro\/wp-json\/wp\/v2\/types\/post"}],"author":[{"embeddable":true,"href":"https:\/\/blogs.elnortedecastilla.es\/angelicatanarro\/wp-json\/wp\/v2\/users\/2"}],"replies":[{"embeddable":true,"href":"https:\/\/blogs.elnortedecastilla.es\/angelicatanarro\/wp-json\/wp\/v2\/comments?post=1878"}],"version-history":[{"count":3,"href":"https:\/\/blogs.elnortedecastilla.es\/angelicatanarro\/wp-json\/wp\/v2\/posts\/1878\/revisions"}],"predecessor-version":[{"id":1883,"href":"https:\/\/blogs.elnortedecastilla.es\/angelicatanarro\/wp-json\/wp\/v2\/posts\/1878\/revisions\/1883"}],"wp:attachment":[{"href":"https:\/\/blogs.elnortedecastilla.es\/angelicatanarro\/wp-json\/wp\/v2\/media?parent=1878"}],"wp:term":[{"taxonomy":"category","embeddable":true,"href":"https:\/\/blogs.elnortedecastilla.es\/angelicatanarro\/wp-json\/wp\/v2\/categories?post=1878"},{"taxonomy":"post_tag","embeddable":true,"href":"https:\/\/blogs.elnortedecastilla.es\/angelicatanarro\/wp-json\/wp\/v2\/tags?post=1878"}],"curies":[{"name":"wp","href":"https:\/\/api.w.org\/{rel}","templated":true}]}}