{"id":1910,"date":"2023-10-23T12:49:41","date_gmt":"2023-10-23T11:49:41","guid":{"rendered":"https:\/\/blogs.elnortedecastilla.es\/angelicatanarro\/?p=1910"},"modified":"2023-10-23T12:52:44","modified_gmt":"2023-10-23T11:52:44","slug":"de-la-excelencia-al-sopor","status":"publish","type":"post","link":"https:\/\/blogs.elnortedecastilla.es\/angelicatanarro\/2023\/10\/23\/de-la-excelencia-al-sopor\/","title":{"rendered":"DE LA EXCELENCIA AL SOPOR"},"content":{"rendered":"<p><strong>Vera Egito sorprende con su excelente realizaci\u00f3n de un suceso del Mayo del 68 en Brasil y Patric Chiha pone a prueba la paciencia del espectador<\/strong><\/p>\n<p>\u00a1C\u00f3mo se agradecen en los festivales (y fuera de ellos) las propuestas con personalidad! Tener algo que contar y hacerlo de una forma diferente. Una de esas propuestas es la de Vera Egito, directora brasile\u00f1a que presenta su segundo largometraje, tras \u2018Amores urbanos\u2019, en el Festival de Valladolid. \u2018A batalha da Rua Maria Ant\u00f4nia\u2019 nos traslada al mayo del 68 brasile\u00f1o y est\u00e1 basada en hechos reales: la defensa por parte de los estudiantes de Filosof\u00eda de la Universidad de Sao Paulo opuestos a la dictadura militar del recinto universitario donde se realizaba una votaci\u00f3n organizada por el Movimiento Estudiantil de Izquierda, y su enfrentamiento con la universidad privada Mackenzie (situada justo enfrente al otro lado de la Rua Maria Ant\u00f4nia), la mayor\u00eda de cuyos estudiantes, a trav\u00e9s del Comit\u00e9 de Caza al Comunista, apoyaban la dictadura. Egito nos traslada a esas horas de tensi\u00f3n previas al asalto a la Facultad por parte de las fuerzas del orden utilizando el blanco y negro granulado y la t\u00e9cnica del reportaje para hacernos sentir en el interior de la acci\u00f3n. 21 planos secuencia en los que el ardor juvenil, las dudas de la protagonista principal, el miedo y el valor, la generosidad y la violencia, el dogmatismo y la inocencia se entrecruzan en aulas y pasillos donde tambi\u00e9n cabe el deseo, el amor apasionado y el amor ocasional. Excelente realizaci\u00f3n en un tiempo medido, suficiente para alertarnos del peligro de los fascismos, de pensar que la democracia es un hecho irreversible. Confiesa la directora que el gui\u00f3n comenz\u00f3 a plantearlo en el 2010 como una mirada al pasado, que la llegada al poder del ultraderechista Jail Bolsonaro convirti\u00f3 en presente.<a href=\"https:\/\/static-blogs.elnortedecastilla.es\/wp-content\/uploads\/sites\/2\/2023\/10\/La-batalla-1.jpg\"><img loading=\"lazy\" class=\"alignright wp-image-1911\" src=\"https:\/\/static-blogs.elnortedecastilla.es\/wp-content\/uploads\/sites\/2\/2023\/10\/La-batalla-1-300x200.jpg\" alt=\"\" width=\"521\" height=\"347\" srcset=\"https:\/\/static-blogs.elnortedecastilla.es\/wp-content\/uploads\/sites\/2\/2023\/10\/La-batalla-1-300x200.jpg 300w, https:\/\/static-blogs.elnortedecastilla.es\/wp-content\/uploads\/sites\/2\/2023\/10\/La-batalla-1-768x512.jpg 768w, https:\/\/static-blogs.elnortedecastilla.es\/wp-content\/uploads\/sites\/2\/2023\/10\/La-batalla-1-1024x683.jpg 1024w, https:\/\/static-blogs.elnortedecastilla.es\/wp-content\/uploads\/sites\/2\/2023\/10\/La-batalla-1.jpg 1980w\" sizes=\"(max-width: 521px) 100vw, 521px\" \/><\/a><\/p>\n<p>Excelente tanto la realizaci\u00f3n como la direcci\u00f3n coreogr\u00e1fica de los muchos figurantes del filme a\u00fan m\u00e1s importante por la opci\u00f3n del plano secuencia; y excelente tambi\u00e9n la interpretaci\u00f3n de P\u00e2mela Germano, los ojos a trav\u00e9s de los cuales seguimos casi toda la historia con la que Egito consigui\u00f3 el premio al Mejor Film de Ficci\u00f3n en el Festival de R\u00edo de Janeiro. El p\u00fablico aplaudi\u00f3 calurosamente la proyecci\u00f3n en la que estuvo presente la directora.<\/p>\n<p>El baj\u00f3n vino de la mano de \u2018The beast in the jungle\u2019, primera de las adaptaciones que ver\u00e1 el Festival en torno a la novela hom\u00f3nima de Henry James. Aunque en este caso habr\u00eda que decir presunta adaptaci\u00f3n. Es la historia de una espera que acaba desesperando al espectador, sentado en la butaca (frente a los protagonistas sentados en el sof\u00e1 de la discoteca en la que se encuentran cada s\u00e1bado) deseando que por fin ocurra algo, aunque sea s\u00f3lo el fin de este ejercicio de paciencia. \u00a0<a href=\"https:\/\/static-blogs.elnortedecastilla.es\/wp-content\/uploads\/sites\/2\/2023\/10\/The-beast-in-the-jungle.jpg\"><img loading=\"lazy\" class=\"alignright wp-image-1912\" src=\"https:\/\/static-blogs.elnortedecastilla.es\/wp-content\/uploads\/sites\/2\/2023\/10\/The-beast-in-the-jungle-300x225.jpg\" alt=\"\" width=\"439\" height=\"329\" srcset=\"https:\/\/static-blogs.elnortedecastilla.es\/wp-content\/uploads\/sites\/2\/2023\/10\/The-beast-in-the-jungle-300x225.jpg 300w, https:\/\/static-blogs.elnortedecastilla.es\/wp-content\/uploads\/sites\/2\/2023\/10\/The-beast-in-the-jungle-768x576.jpg 768w, https:\/\/static-blogs.elnortedecastilla.es\/wp-content\/uploads\/sites\/2\/2023\/10\/The-beast-in-the-jungle.jpg 1000w\" sizes=\"(max-width: 439px) 100vw, 439px\" \/><\/a><\/p>\n<p>Un misterioso personaje convence a una antigua conocida que encuentra casualmente en un exclusivo club nocturno para que le acompa\u00f1e en la extra\u00f1a aventura de esperar un futuro acontecimiento que cambiar\u00e1 la vida de los dos. Este en principio atractivo punto de partida acaba cayendo en la inanidad. Ana\u00efs Demoustier y Tom Mercier cargan con ella sin que su presencia baste para hacer atractiva una historia cargada de artificio vac\u00edo. Nocturnidad, secuencias de baile interminables, m\u00fasica que va marcando el paso del tiempo, desde la explosi\u00f3n del sida o la llegada de Mitterand al poder, al atentado de las Torres Gemelas, sin que Patric Chiha, el director, nos d\u00e9 muchas oportunidades de ser sus c\u00f3mplices. Lo mejor, el vestuario de la protagonista, no en vano Chiha estudi\u00f3 dise\u00f1o de moda en Par\u00eds. Mejor le vemos en un desfile.<\/p>\n<p><strong>DEL SILENCIO Y SUS FORMAS<\/strong><\/p>\n<p>Y ahora una entrada a la Secci\u00f3n Oficial. Manuel Mart\u00edn Cuenca que tiene en su haber propuestas tan sorprendentes como \u2018Canibal\u2019 o \u2018El autor\u2019 compite en Seminci con \u2018El amor de Andrea\u2019. A veces una sencilla historia se convierte en una muy buena historia si est\u00e1 bien contada. Es el caso de este film en el que el director aborda una historia en la que tantos espectadores pueden ver un reflejo de su situaci\u00f3n. Andrea es una adolescente que intenta recuperar el amor de su padre, que ha desaparecido de su vida tras divorciarse de su madre. Como toda adolescente necesita respuestas, palabras que aclaren un comportamiento que no puede entender, pero su deseo choca una y otra vez con el silencio de los adultos. El del padre, uno de esos seres incapaces de empatizar con esa necesidad de explicaciones, y el de la madre, lleno de dolor y desenga\u00f1o.<a href=\"https:\/\/static-blogs.elnortedecastilla.es\/wp-content\/uploads\/sites\/2\/2023\/10\/El-amor-de-Andrea.jpg\"><img loading=\"lazy\" class=\"alignright wp-image-1913\" src=\"https:\/\/static-blogs.elnortedecastilla.es\/wp-content\/uploads\/sites\/2\/2023\/10\/El-amor-de-Andrea-300x225.jpg\" alt=\"\" width=\"461\" height=\"346\" srcset=\"https:\/\/static-blogs.elnortedecastilla.es\/wp-content\/uploads\/sites\/2\/2023\/10\/El-amor-de-Andrea-300x225.jpg 300w, https:\/\/static-blogs.elnortedecastilla.es\/wp-content\/uploads\/sites\/2\/2023\/10\/El-amor-de-Andrea-768x575.jpg 768w, https:\/\/static-blogs.elnortedecastilla.es\/wp-content\/uploads\/sites\/2\/2023\/10\/El-amor-de-Andrea-1024x767.jpg 1024w\" sizes=\"(max-width: 461px) 100vw, 461px\" \/><\/a><\/p>\n<p>Se dir\u00eda que \u2018El amor de Andrea\u2019 es una pel\u00edcula de silencios. De silencios de dos tipos: el fr\u00edo e incomprensible de los adultos y el cargado de sentido de Andrea (fant\u00e1stica Lupe Mateo Barredo). Silencios y miradas concretadas en los ojos de esa ni\u00f1a obligada a madurar antes de tiempo (como en tantos casos similares), en la de sus hermanos (qu\u00e9 dif\u00edcil dirigir a los ni\u00f1os y qu\u00e9 buen resultado dan estos) y en las de esos adultos incapaces de acompa\u00f1arlos. La Bah\u00eda de C\u00e1diz y las gaviotas ponen paisaje f\u00edsico y sonoro a la pel\u00edcula.<\/p>\n","protected":false},"excerpt":{"rendered":"<p>Vera Egito sorprende con su excelente realizaci\u00f3n de un suceso del Mayo del 68 en Brasil y Patric Chiha pone a prueba la paciencia del espectador \u00a1C\u00f3mo se agradecen en los festivales (y fuera de ellos) las propuestas con personalidad! Tener algo que contar y hacerlo de una forma diferente. Una de esas propuestas es [&hellip;]<\/p>\n","protected":false},"author":2,"featured_media":0,"comment_status":"open","ping_status":"open","sticky":false,"template":"","format":"standard","meta":[],"categories":[3,5,7,8,20],"tags":[892,894,893],"_links":{"self":[{"href":"https:\/\/blogs.elnortedecastilla.es\/angelicatanarro\/wp-json\/wp\/v2\/posts\/1910"}],"collection":[{"href":"https:\/\/blogs.elnortedecastilla.es\/angelicatanarro\/wp-json\/wp\/v2\/posts"}],"about":[{"href":"https:\/\/blogs.elnortedecastilla.es\/angelicatanarro\/wp-json\/wp\/v2\/types\/post"}],"author":[{"embeddable":true,"href":"https:\/\/blogs.elnortedecastilla.es\/angelicatanarro\/wp-json\/wp\/v2\/users\/2"}],"replies":[{"embeddable":true,"href":"https:\/\/blogs.elnortedecastilla.es\/angelicatanarro\/wp-json\/wp\/v2\/comments?post=1910"}],"version-history":[{"count":2,"href":"https:\/\/blogs.elnortedecastilla.es\/angelicatanarro\/wp-json\/wp\/v2\/posts\/1910\/revisions"}],"predecessor-version":[{"id":1915,"href":"https:\/\/blogs.elnortedecastilla.es\/angelicatanarro\/wp-json\/wp\/v2\/posts\/1910\/revisions\/1915"}],"wp:attachment":[{"href":"https:\/\/blogs.elnortedecastilla.es\/angelicatanarro\/wp-json\/wp\/v2\/media?parent=1910"}],"wp:term":[{"taxonomy":"category","embeddable":true,"href":"https:\/\/blogs.elnortedecastilla.es\/angelicatanarro\/wp-json\/wp\/v2\/categories?post=1910"},{"taxonomy":"post_tag","embeddable":true,"href":"https:\/\/blogs.elnortedecastilla.es\/angelicatanarro\/wp-json\/wp\/v2\/tags?post=1910"}],"curies":[{"name":"wp","href":"https:\/\/api.w.org\/{rel}","templated":true}]}}