{"id":1947,"date":"2023-12-03T12:45:41","date_gmt":"2023-12-03T11:45:41","guid":{"rendered":"https:\/\/blogs.elnortedecastilla.es\/angelicatanarro\/?p=1947"},"modified":"2023-12-03T12:45:41","modified_gmt":"2023-12-03T11:45:41","slug":"deseo-y-tension-de-realidad","status":"publish","type":"post","link":"https:\/\/blogs.elnortedecastilla.es\/angelicatanarro\/2023\/12\/03\/deseo-y-tension-de-realidad\/","title":{"rendered":"Deseo y tensi\u00f3n de realidad"},"content":{"rendered":"<p><strong>(Mi lectura de la Poes\u00eda reunida de Miguel Casado, publicada en La Sombra del Cipr\u00e9s el s\u00e1bado 2 de diciembre de 2023)<\/strong><\/p>\n<p>El viaje comienza en Lisboa, aunque esto no deje de ser un accidente, una estaci\u00f3n primeriza en un itinerario po\u00e9tico y vital, si es que se pueden separar ambos planos en el caso de la vida y la trayectoria de Miguel Casado. Lisboa es el paisaje de \u2018La condici\u00f3n de pasajero\u2019 el libro que inaugura \u2018Deseo de realidad\u2019, el volumen que recoge la poes\u00eda reunida del escritor, ensayista, cr\u00edtico y traductor vallisoletano y que ayer se present\u00f3 en la Fundaci\u00f3n Santiago Montes de la mano del artista Manuel Sierra.<\/p>\n<p>Hay creadores que transitan por diversos espacios, tendencias, territorios o influencias m\u00e1s o menos evidentes hasta encontrar su propia voz si, en el mejor de los casos, consiguen encontrarla. No es el caso del autor de \u2018La mujer autom\u00e1tica\u2019. Su voz, como se puede comprobar en este volumen que re\u00fane los libros dados a imprenta desde 1986, ya resuena n\u00edtida en el citado \u2018La condici\u00f3n de pasajero\u2019, libro que precedi\u00f3 a \u2018Inventario\u2019 con el que el poeta gan\u00f3 el premio Hiperi\u00f3n. El que esa resonancia pueda sentirse ya tan temprano no quiere decir que en su mirada po\u00e9tica no se perciba un camino ascendente (ascendente hacia la hondura, si se me permite el ox\u00edmoron), un tomar cuerpo (cuerpo de realidad habr\u00eda que decir en este caso) que cristaliza en \u2018Tienda de fieltro\u2019 y alcanza su cima (por ahora) en \u2018El sentimiento de la vista\u2019.<a href=\"https:\/\/static-blogs.elnortedecastilla.es\/wp-content\/uploads\/sites\/2\/2023\/12\/P\u00e1gina-Miguel-Casado.jpg\"><img loading=\"lazy\" class=\"alignright wp-image-1948\" src=\"https:\/\/static-blogs.elnortedecastilla.es\/wp-content\/uploads\/sites\/2\/2023\/12\/P\u00e1gina-Miguel-Casado-235x300.jpg\" alt=\"\" width=\"360\" height=\"460\" srcset=\"https:\/\/static-blogs.elnortedecastilla.es\/wp-content\/uploads\/sites\/2\/2023\/12\/P\u00e1gina-Miguel-Casado-235x300.jpg 235w, https:\/\/static-blogs.elnortedecastilla.es\/wp-content\/uploads\/sites\/2\/2023\/12\/P\u00e1gina-Miguel-Casado.jpg 502w\" sizes=\"(max-width: 360px) 100vw, 360px\" \/><\/a><\/p>\n<p>\u00bfQu\u00e9 es un volumen de poes\u00eda reunida m\u00e1s all\u00e1 de la recopilaci\u00f3n en orden cronol\u00f3gico de aquello que el autor ha querido legarnos en unidad? La oportunidad de hacer el camino siguiendo sus propias huellas, las se\u00f1ales que fue dejando en el trayecto. Es importante en este caso, aunque parezca una obviedad, hacerlo con orden y sin prisas, siguiendo las pautas que aun sin pretenderlo ha ido dejando libro a libro sobre c\u00f3mo ha ido perfeccionando su m\u00e9todo de contemplaci\u00f3n. Ese modo de encuentro po\u00e9tico con la realidad.<\/p>\n<p>Digo contemplaci\u00f3n y me viene a la memoria un libro de quien fuera su amigo y al tiempo poeta minuciosamente estudiado por \u00e9l: Luis Javier Moreno. En \u2018El final de la contemplaci\u00f3n\u2019, en el que el poeta segoviano desentra\u00f1a algunas de las claves de los pintores que admiraba, escribe a prop\u00f3sito de la pintura de \u00c1ngel Crist\u00f3bal: \u201cAl fin la luz obtiene el privilegio\/ de ver llegar al d\u00eda, los colores del d\u00eda, \/ en la naturaleza de sus formas\u201d. Y ese es el privilegio, tras una lectura reposada, minuciosa, y al tiempo relajada y dispuesta al placer de lo revelado, que encontramos en \u2018Deseo de realidad\u2019: La naturaleza de las formas a la luz de su contemplaci\u00f3n.<\/p>\n<p>Ya el t\u00edtulo del libro encierra en s\u00ed numerosas claves o, mejor dicho, la clave. El mismo Miguel Casado nos da una pista en la nota final sobre ese \u2018deseo de realidad\u2019 que aparece con frecuencia en sus ensayos cr\u00edticos reconociendo que su mirada de analista de la obra ajena se alimenta de la forma en que se sit\u00faan los poemas. Y a\u00fan ampl\u00eda el concepto y lo distingue de su hacer po\u00e9tico: \u201cEn los ensayos se puede trabajar indagando en un concepto, analizando sus aspectos, desarrollando sus relaciones. En los poemas no, en los poemas es, literalmente, un <em>deseo<\/em>. Se desea lo que falta, lo que no se tiene. Falta realidad, vivimos una acelerada p\u00e9rdida de realidad, no solo por la ya familiar presencia de lo virtual, sino por el deterioro de la naturaleza, la progresiva ausencia de contacto con lo(s) que existe(n) fuera de nosotros, la sustituci\u00f3n de las cosas por su valor mercantil, la vigencia de esa <em>sociedad del espect\u00e1culo<\/em> de la que habl\u00f3 Debord hace ya muchas d\u00e9cadas. El deseo de realidad es tensi\u00f3n hacia ella, hacia las cosas y los seres, el impulso de las palabas que pudieran nombrarlos, identificarse con ellos, llenarse de esa forma suya de existir\u201d, afirma el poeta.<\/p>\n<p>Es tambi\u00e9n, parafraseando sus versos de \u2018Falso movimiento\u2019, un modo de mirar que se abre y que, como escribe m\u00e1s adelante, no precisa de modelo en las estrellas \u201c(\u2026) porque lo tengo aqu\u00ed; nada como esta erupci\u00f3n de vida\/ me afirma tanto en la materia (\u2026)\u201d<\/p>\n<p>Y as\u00ed, eliminando desde el principio ret\u00f3ricas superfluas, brillos enga\u00f1osos, met\u00e1foras estridentes, limpiando todo aquello que no nos acerque a esa realidad buscada en \u201cla voracidad de los detalles, la obsesiva\/ observaci\u00f3n, el tacto\u201d, afirma su po\u00e9tica. La de la tensi\u00f3n y acercamiento a la realidad que tienen su expresi\u00f3n m\u00e1s n\u00edtida en su por ahora \u00faltima entrega, \u2018El sentimiento de la vista\u2019, donde la poes\u00eda es ya cauce y corriente y en ocasiones armon\u00eda de contrarios: \u201cLuz de la noche, \/ equilibrio de verdad y mentira, \/ corriente sin manantial (\u2026) Oye lo que sabe y lo que no sabe\/ resuena en sus tendones\u201d.<\/p>\n<p>Cuando public\u00f3 \u2018Tienda de fieltro\u2019, el libro anterior a \u00e9ste, Miguel Casado era ya un n\u00f3mada de s\u00ed mismo. \u201cConverso con el hombre que siempre va conmigo\u201d escribe Machado en su retrato. Casado nos invita a participar en ese soliloquio personal que no evita la mirada emp\u00e1tica de quien siempre ha sido y es un hombre comprometido, como tambi\u00e9n en ocasiones demuestra su poes\u00eda.<\/p>\n<p>Merece la pena, si no se ha hecho a\u00fan, acercarse a ella con la mirada abierta y, si ya se conoce, es un \u00edntimo placer comprobar si el tiempo tambi\u00e9n ha le\u00eddo estos poemas de quien tanto nos ha ense\u00f1ado a leer a los dem\u00e1s. Los que han sido clave en nuestra formaci\u00f3n sentimental e intelectual. Tambi\u00e9n eso le debemos.<\/p>\n","protected":false},"excerpt":{"rendered":"<p>(Mi lectura de la Poes\u00eda reunida de Miguel Casado, publicada en La Sombra del Cipr\u00e9s el s\u00e1bado 2 de diciembre de 2023) El viaje comienza en Lisboa, aunque esto no deje de ser un accidente, una estaci\u00f3n primeriza en un itinerario po\u00e9tico y vital, si es que se pueden separar ambos planos en el caso [&hellip;]<\/p>\n","protected":false},"author":2,"featured_media":0,"comment_status":"open","ping_status":"open","sticky":false,"template":"","format":"standard","meta":[],"categories":[3,8,11,12,13,19,1],"tags":[902,901,903],"_links":{"self":[{"href":"https:\/\/blogs.elnortedecastilla.es\/angelicatanarro\/wp-json\/wp\/v2\/posts\/1947"}],"collection":[{"href":"https:\/\/blogs.elnortedecastilla.es\/angelicatanarro\/wp-json\/wp\/v2\/posts"}],"about":[{"href":"https:\/\/blogs.elnortedecastilla.es\/angelicatanarro\/wp-json\/wp\/v2\/types\/post"}],"author":[{"embeddable":true,"href":"https:\/\/blogs.elnortedecastilla.es\/angelicatanarro\/wp-json\/wp\/v2\/users\/2"}],"replies":[{"embeddable":true,"href":"https:\/\/blogs.elnortedecastilla.es\/angelicatanarro\/wp-json\/wp\/v2\/comments?post=1947"}],"version-history":[{"count":2,"href":"https:\/\/blogs.elnortedecastilla.es\/angelicatanarro\/wp-json\/wp\/v2\/posts\/1947\/revisions"}],"predecessor-version":[{"id":1950,"href":"https:\/\/blogs.elnortedecastilla.es\/angelicatanarro\/wp-json\/wp\/v2\/posts\/1947\/revisions\/1950"}],"wp:attachment":[{"href":"https:\/\/blogs.elnortedecastilla.es\/angelicatanarro\/wp-json\/wp\/v2\/media?parent=1947"}],"wp:term":[{"taxonomy":"category","embeddable":true,"href":"https:\/\/blogs.elnortedecastilla.es\/angelicatanarro\/wp-json\/wp\/v2\/categories?post=1947"},{"taxonomy":"post_tag","embeddable":true,"href":"https:\/\/blogs.elnortedecastilla.es\/angelicatanarro\/wp-json\/wp\/v2\/tags?post=1947"}],"curies":[{"name":"wp","href":"https:\/\/api.w.org\/{rel}","templated":true}]}}