{"id":20,"date":"2006-09-14T00:00:00","date_gmt":"2006-09-14T00:00:00","guid":{"rendered":"http:\/\/blogs.elnortedecastilla.es\/angelicatanarro\/?p=20"},"modified":"2006-09-14T00:00:00","modified_gmt":"2006-09-14T00:00:00","slug":"modelos-belleza","status":"publish","type":"post","link":"https:\/\/blogs.elnortedecastilla.es\/angelicatanarro\/2006\/09\/14\/modelos-belleza\/","title":{"rendered":"Modelos de belleza"},"content":{"rendered":"<p>(De cercano e invisible) Caminan despacio o muy despacio. A veces se apoyan en un bast\u00f3n o en un par de muletas y aun as\u00ed se las apa\u00f1an para llevar una bolsa con el pan. En sus piernas arqueadas, en sus fr\u00e1giles huesos, o en sus andares que revelan alguna antigua lesi\u00f3n de cadera est\u00e1n impresos a\u00f1os de trabajo, de llevar una familia y la propia vida a cuestas.<br \/>\nDefinitivamente, la ciudad no est\u00e1 hecha para ellas. No es f\u00e1cil competir con esos transe\u00fantes apresurados que no tienen en cuenta que un leve empuj\u00f3n puede costarles un grave problema. Ni con esos automovilistas enloquecidos que, si les toca parar en un paso de peatones, maldicen a los que lo cruzan lentamente sin tener en cuenta su ajetreada agenda y su estresada vida.<br \/>\nPero est\u00e1n ah\u00ed. Las veo salir de la iglesia haciendo equilibrios sobre esos cierres de madera en el suelo, que solo se quitan para las bodas \u2013\u00bfc\u00f3mo es posible que sus responsables no cuiden a la clientela m\u00e1s fiel que tienen? Ni siquiera aqu\u00ed funciona la caridad cristiana\u2013, las veo luchar con la pendiente de las supuestas rampas para minusv\u00e1lidos, aut\u00e9nticas cuestas insalvables cuya \u00fanica finalidad es que el inspector de turno apruebe que el bordillo cumple la normativa \u2013\u00bfsaben los que hacen la vista gorda con la normativa que esas rampas absurdas que no tienen el desnivel adecuado son una trampa para las personas impedidas?\u2013, las veo, en fin, sopesando con paciencia el camino m\u00e1s seguro para llegar hasta la tienda, hasta su banco favorito o hasta la cafeter\u00eda donde han quedado con otras mujeres, a compartir soledades y recuerdos. Lo del autob\u00fas es casi una misi\u00f3n imposible.<br \/>\nA veces las veo acompa\u00f1adas por mujeres mucho m\u00e1s j\u00f3venes que ellas y me asombro de la fuerza de los genes. Otras, la compa\u00f1\u00eda tiene rasgos ex\u00f3ticos y trato de imaginar sus conversaciones, si las hay, y una rutina hecha de necesidades mutuamente satisfechas.<br \/>\nHace a\u00f1os que sobrepasaron esa edad a la que, seg\u00fan dicen, las mujeres se vuelven invisibles. Pero la coqueter\u00eda es su baluarte, su resistencia. Est\u00e1 en el collar de perlas, en esa chaqueta que casi siempre les queda grande o en los labios pintados hasta para comprar el pan. El pelo blanco es su se\u00f1al de rebeld\u00eda. Por fin se liberaron del fastidioso asunto del tinte que empezaba a provocarles un problema de salud.<br \/>\nHan pasado con creces la edad de la jubilaci\u00f3n, pero tienen apretadas agendas, horarios con ni\u00f1os y comidas y meriendas. Las hay que, algo m\u00e1s liberadas, retoman alguna afici\u00f3n olvidada o devoran libros y peri\u00f3dicos y, si se las escuchara, hablar\u00eda por su boca la sabidur\u00eda bien informada.<br \/>\nEst\u00e1n en el mundo aunque su opini\u00f3n ha contado poco en el mundo. No s\u00e9 si ser\u00e1n invisibles pero yo me quedo embobada mir\u00e1ndolas porque son un canto a la vida. En sus manos algo deformes por la artritis, en su andar vacilante y en sus ojos veo la belleza total. \u00a1Que guapas son las mujeres que han aprendido a no rendirse!<\/p>\n","protected":false},"excerpt":{"rendered":"<p>(De cercano e invisible) Caminan despacio o muy despacio. A veces se apoyan en un bast\u00f3n o en un par de muletas y aun as\u00ed se las apa\u00f1an para llevar una bolsa con el pan. En sus piernas arqueadas, en sus fr\u00e1giles huesos, o en sus andares que revelan alguna antigua lesi\u00f3n de cadera est\u00e1n [&hellip;]<\/p>\n","protected":false},"author":2,"featured_media":0,"comment_status":"open","ping_status":"closed","sticky":false,"template":"","format":"standard","meta":[],"categories":[8],"tags":[],"_links":{"self":[{"href":"https:\/\/blogs.elnortedecastilla.es\/angelicatanarro\/wp-json\/wp\/v2\/posts\/20"}],"collection":[{"href":"https:\/\/blogs.elnortedecastilla.es\/angelicatanarro\/wp-json\/wp\/v2\/posts"}],"about":[{"href":"https:\/\/blogs.elnortedecastilla.es\/angelicatanarro\/wp-json\/wp\/v2\/types\/post"}],"author":[{"embeddable":true,"href":"https:\/\/blogs.elnortedecastilla.es\/angelicatanarro\/wp-json\/wp\/v2\/users\/2"}],"replies":[{"embeddable":true,"href":"https:\/\/blogs.elnortedecastilla.es\/angelicatanarro\/wp-json\/wp\/v2\/comments?post=20"}],"version-history":[{"count":0,"href":"https:\/\/blogs.elnortedecastilla.es\/angelicatanarro\/wp-json\/wp\/v2\/posts\/20\/revisions"}],"wp:attachment":[{"href":"https:\/\/blogs.elnortedecastilla.es\/angelicatanarro\/wp-json\/wp\/v2\/media?parent=20"}],"wp:term":[{"taxonomy":"category","embeddable":true,"href":"https:\/\/blogs.elnortedecastilla.es\/angelicatanarro\/wp-json\/wp\/v2\/categories?post=20"},{"taxonomy":"post_tag","embeddable":true,"href":"https:\/\/blogs.elnortedecastilla.es\/angelicatanarro\/wp-json\/wp\/v2\/tags?post=20"}],"curies":[{"name":"wp","href":"https:\/\/api.w.org\/{rel}","templated":true}]}}