{"id":2000,"date":"2024-10-18T14:58:59","date_gmt":"2024-10-18T13:58:59","guid":{"rendered":"https:\/\/blogs.elnortedecastilla.es\/angelicatanarro\/?p=2000"},"modified":"2024-10-18T14:58:59","modified_gmt":"2024-10-18T13:58:59","slug":"69seminci-toma-1-elegante-artificio","status":"publish","type":"post","link":"https:\/\/blogs.elnortedecastilla.es\/angelicatanarro\/2024\/10\/18\/69seminci-toma-1-elegante-artificio\/","title":{"rendered":"69Seminci Toma 1. Elegante artificio"},"content":{"rendered":"<p><a href=\"https:\/\/static-blogs.elnortedecastilla.es\/wp-content\/uploads\/sites\/2\/2024\/10\/SO-Polvo-sera\u0301n-03-nuevo.jpg\"><img loading=\"lazy\" class=\"alignright wp-image-2001\" src=\"https:\/\/static-blogs.elnortedecastilla.es\/wp-content\/uploads\/sites\/2\/2024\/10\/SO-Polvo-sera\u0301n-03-nuevo-300x160.jpg\" alt=\"\" width=\"486\" height=\"259\" srcset=\"https:\/\/static-blogs.elnortedecastilla.es\/wp-content\/uploads\/sites\/2\/2024\/10\/SO-Polvo-sera\u0301n-03-nuevo-300x160.jpg 300w, https:\/\/static-blogs.elnortedecastilla.es\/wp-content\/uploads\/sites\/2\/2024\/10\/SO-Polvo-sera\u0301n-03-nuevo-768x410.jpg 768w, https:\/\/static-blogs.elnortedecastilla.es\/wp-content\/uploads\/sites\/2\/2024\/10\/SO-Polvo-sera\u0301n-03-nuevo-1024x547.jpg 1024w\" sizes=\"(max-width: 486px) 100vw, 486px\" \/><\/a>Carlos Marques-Marcet (10.000 Kil\u00f3metros&#8217;, &#8216;Los d\u00edas que vendr\u00e1n&#8217;) ha elegido la est\u00e9tica preciosista y el artificio elegante para acercarse al que est\u00e1 siendo un tema estrella en el cine reciente: la muerte o c\u00f3mo afrontar los \u00faltimos momentos de una vida. Aceptadas esas claves, que pasan por la introducci\u00f3n de coreograf\u00edas visualmente muy potentes en momentos \u00e1lgidos de la historia, es decir, si se acepta que el 30 por ciento al menos del filme no se cuenta en modo realista, el espectador tiene muchas oportunidades para el disfrute. Un riesgo calculado, una apuesta por la belleza en encuadres, paisajes y coreograf\u00edas y hasta un punto de humor negro alivian el dramatismo del tema: una mujer enferma, actriz de \u00e9xito, que no quiere sucumbir al deterioro de la enfermedad y decide acudir a una cl\u00ednica en Suiza para una muerte asistida y un marido a\u00fan enamorado despu\u00e9s de una larga convivencia dispuesto a seguir sus pasos. Contar con \u00c1ngela Molina, a quien la c\u00e1mara siempre quiso y con un actor como Alfredo Castro es rodar sobre seguro. El proyecto largamente concebido, seg\u00fan contaba su director en la rueda de prensa posterior al primer pase de la pel\u00edcula, contaba desde el minuto uno (antes de una primera versi\u00f3n del gui\u00f3n y mucho antes de pensar siquiera en el reparto) con la complicidad de la compa\u00f1\u00eda de danza La Veronal (qu\u00e9 magn\u00edfico trabajo el suyo con su director Marcos Morau al frente), y con la m\u00fasica de Mar\u00eda Arnal. Todo contribuye a la buena factura del puzle.<\/p>\n<p>Se puede decir que la 69 Seminci ha comenzado en alto.<\/p>\n","protected":false},"excerpt":{"rendered":"<p>Carlos Marques-Marcet (10.000 Kil\u00f3metros&#8217;, &#8216;Los d\u00edas que vendr\u00e1n&#8217;) ha elegido la est\u00e9tica preciosista y el artificio elegante para acercarse al que est\u00e1 siendo un tema estrella en el cine reciente: la muerte o c\u00f3mo afrontar los \u00faltimos momentos de una vida. Aceptadas esas claves, que pasan por la introducci\u00f3n de coreograf\u00edas visualmente muy potentes en [&hellip;]<\/p>\n","protected":false},"author":2,"featured_media":0,"comment_status":"open","ping_status":"open","sticky":false,"template":"","format":"standard","meta":[],"categories":[3,4,5,7,8,20],"tags":[914,916,915],"_links":{"self":[{"href":"https:\/\/blogs.elnortedecastilla.es\/angelicatanarro\/wp-json\/wp\/v2\/posts\/2000"}],"collection":[{"href":"https:\/\/blogs.elnortedecastilla.es\/angelicatanarro\/wp-json\/wp\/v2\/posts"}],"about":[{"href":"https:\/\/blogs.elnortedecastilla.es\/angelicatanarro\/wp-json\/wp\/v2\/types\/post"}],"author":[{"embeddable":true,"href":"https:\/\/blogs.elnortedecastilla.es\/angelicatanarro\/wp-json\/wp\/v2\/users\/2"}],"replies":[{"embeddable":true,"href":"https:\/\/blogs.elnortedecastilla.es\/angelicatanarro\/wp-json\/wp\/v2\/comments?post=2000"}],"version-history":[{"count":2,"href":"https:\/\/blogs.elnortedecastilla.es\/angelicatanarro\/wp-json\/wp\/v2\/posts\/2000\/revisions"}],"predecessor-version":[{"id":2003,"href":"https:\/\/blogs.elnortedecastilla.es\/angelicatanarro\/wp-json\/wp\/v2\/posts\/2000\/revisions\/2003"}],"wp:attachment":[{"href":"https:\/\/blogs.elnortedecastilla.es\/angelicatanarro\/wp-json\/wp\/v2\/media?parent=2000"}],"wp:term":[{"taxonomy":"category","embeddable":true,"href":"https:\/\/blogs.elnortedecastilla.es\/angelicatanarro\/wp-json\/wp\/v2\/categories?post=2000"},{"taxonomy":"post_tag","embeddable":true,"href":"https:\/\/blogs.elnortedecastilla.es\/angelicatanarro\/wp-json\/wp\/v2\/tags?post=2000"}],"curies":[{"name":"wp","href":"https:\/\/api.w.org\/{rel}","templated":true}]}}