{"id":2014,"date":"2024-10-22T20:37:17","date_gmt":"2024-10-22T19:37:17","guid":{"rendered":"https:\/\/blogs.elnortedecastilla.es\/angelicatanarro\/?p=2014"},"modified":"2024-10-22T20:37:17","modified_gmt":"2024-10-22T19:37:17","slug":"69seminci-toma-iii","status":"publish","type":"post","link":"https:\/\/blogs.elnortedecastilla.es\/angelicatanarro\/2024\/10\/22\/69seminci-toma-iii\/","title":{"rendered":"69Seminci. Toma III"},"content":{"rendered":"<p><strong>EXCELENTES DEBUTANTES<\/strong><\/p>\n<p><a href=\"https:\/\/static-blogs.elnortedecastilla.es\/wp-content\/uploads\/sites\/2\/2024\/10\/SO-Armand-1-baja.jpg\"><img loading=\"lazy\" class=\"alignright wp-image-2015\" src=\"https:\/\/static-blogs.elnortedecastilla.es\/wp-content\/uploads\/sites\/2\/2024\/10\/SO-Armand-1-baja-300x162.jpg\" alt=\"\" width=\"419\" height=\"226\" srcset=\"https:\/\/static-blogs.elnortedecastilla.es\/wp-content\/uploads\/sites\/2\/2024\/10\/SO-Armand-1-baja-300x162.jpg 300w, https:\/\/static-blogs.elnortedecastilla.es\/wp-content\/uploads\/sites\/2\/2024\/10\/SO-Armand-1-baja-768x415.jpg 768w, https:\/\/static-blogs.elnortedecastilla.es\/wp-content\/uploads\/sites\/2\/2024\/10\/SO-Armand-1-baja-1024x554.jpg 1024w, https:\/\/static-blogs.elnortedecastilla.es\/wp-content\/uploads\/sites\/2\/2024\/10\/SO-Armand-1-baja.jpg 1998w\" sizes=\"(max-width: 419px) 100vw, 419px\" \/><\/a>Turbia. As\u00ed es, \u2018Armand\u2019, la opera prima de Halfdan Ullmann Tondel que viene a Seminci con la C\u00e1mara de Oro conseguida en Cannes a la mejor primera pel\u00edcula. Halfdan Ullmann maneja acertadamente la c\u00e1mara para crear un ambiente asfixiante que crece a medida que avanza el film. Aqu\u00ed la oscuridad dentro y fuera de los personajes. Los padres de Jon y la madre de Armand dos compa\u00f1eros de colegio de seis a\u00f1os son convocados por la direcci\u00f3n del centro ante la posibilidad de que este \u00faltimo haya abusado de su compa\u00f1ero. El asunto es grave y ha de ser tratado con cautela por la dificultad de llegar a la verdad y la edad de los implicados. Pero seg\u00fan se desarrolla la trama en la turbiedad del colegio vac\u00edo, en la ira mal reprimida de los padres afectados, en la ambig\u00fcedad del director del centro, en la imagen de \u00a0la enfermera a la que sin saber por qu\u00e9 le sangra la nariz, en la suspicacia que despierta la madre de Armand y su comportamiento extravagante, se comprueba que los ni\u00f1os (siempre ausentes como otro de los personajes implicados) son solo una excusa para dirimir odios de adultos, heridas mal cerradas, venganzas sin cumplir.<\/p>\n<p>No hay duda de que al director el talento le viene de familia (es nieto de Ingmar Bergman y Liv Ullmann) y no parece aventurado esperar buenas noticias futuras en torno a su carrera. En esta primera pel\u00edcula ya demuestra sus dotes: la historia avanza en turbiedad y tensi\u00f3n con la c\u00e1mara muy cerca de los rostros de sus actores (muy buenos int\u00e9rpretes todos ellos, en particular Renate Reinsve a quien ya vimos triunfar en ediciones pasadas con \u2018La peor persona del mundo\u2019) hasta ese aguacero final que parece lavar la turbiedad previa, aunque la frase final sobre la distancia a la que hay que mirar al pr\u00f3jimo no sea precisamente luminosa. Lo malo del filme, y ya lo hemos visto en m\u00e1s de una ocasi\u00f3n en esta Seminci, es la medida: subrayar en demas\u00eda, exagerar el tono nunca es conveniente.<\/p>\n<p>CRUDA CONTENCI\u00d3N<\/p>\n<p><a href=\"https:\/\/static-blogs.elnortedecastilla.es\/wp-content\/uploads\/sites\/2\/2024\/10\/SO-Vermiglio-1-baja.jpg\"><img loading=\"lazy\" class=\"alignright wp-image-2016\" src=\"https:\/\/static-blogs.elnortedecastilla.es\/wp-content\/uploads\/sites\/2\/2024\/10\/SO-Vermiglio-1-baja-300x162.jpg\" alt=\"\" width=\"420\" height=\"227\" srcset=\"https:\/\/static-blogs.elnortedecastilla.es\/wp-content\/uploads\/sites\/2\/2024\/10\/SO-Vermiglio-1-baja-300x162.jpg 300w, https:\/\/static-blogs.elnortedecastilla.es\/wp-content\/uploads\/sites\/2\/2024\/10\/SO-Vermiglio-1-baja-768x414.jpg 768w, https:\/\/static-blogs.elnortedecastilla.es\/wp-content\/uploads\/sites\/2\/2024\/10\/SO-Vermiglio-1-baja-1024x551.jpg 1024w, https:\/\/static-blogs.elnortedecastilla.es\/wp-content\/uploads\/sites\/2\/2024\/10\/SO-Vermiglio-1-baja.jpg 1920w\" sizes=\"(max-width: 420px) 100vw, 420px\" \/><\/a>Mucho m\u00e1s contenida es \u2018Vermiglio\u2019 el filme de Maura Delpero que obtuvo el Gran Premio del Jurado en el Festival de Venecia. Contenida que no complaciente en su mirada al transcurrir de doce meses en la vida de una familia afincada en una aldea perdida en los Alpes italianos durante el \u00faltimo a\u00f1o de la II Guerra Mundial. La llegada de un desertor de la guerra alterar\u00e1 la cotidianidad de la familia numerosa del maestro. Este es un hombre aparentemente cabal, culto, humanista pero, al fin, un hombre de su tiempo: en su relaci\u00f3n con su esposa, constantemente embarazada, y sus hijos. Delpero cuenta esa vida perfectamente trasladable a otros mundos campesinos y a otras guerras cercanas a nuestra geograf\u00eda y nuestro tiempo de un modo sutil, con la quietud de la c\u00e1mara y la belleza del paisaje. Con templanza. Lo que no impide trasladar la dureza de las condiciones de vida de los habitantes de la aldea, incluso de aquellos m\u00e1s favorecidos por vivir en una casa donde libros y hasta un gram\u00f3fono donde suena m\u00fasica cl\u00e1sica aportan algo de calidez.<\/p>\n<p>SE\u00d1ALES M\u00c1GICAS<\/p>\n<p><a href=\"https:\/\/static-blogs.elnortedecastilla.es\/wp-content\/uploads\/sites\/2\/2024\/10\/SO-Mitad-Ana-2\u00a9Niete-baja.jpg\"><img loading=\"lazy\" class=\"alignright wp-image-2017\" src=\"https:\/\/static-blogs.elnortedecastilla.es\/wp-content\/uploads\/sites\/2\/2024\/10\/SO-Mitad-Ana-2\u00a9Niete-baja-200x300.jpg\" alt=\"\" width=\"264\" height=\"396\" srcset=\"https:\/\/static-blogs.elnortedecastilla.es\/wp-content\/uploads\/sites\/2\/2024\/10\/SO-Mitad-Ana-2\u00a9Niete-baja-200x300.jpg 200w, https:\/\/static-blogs.elnortedecastilla.es\/wp-content\/uploads\/sites\/2\/2024\/10\/SO-Mitad-Ana-2\u00a9Niete-baja-768x1152.jpg 768w, https:\/\/static-blogs.elnortedecastilla.es\/wp-content\/uploads\/sites\/2\/2024\/10\/SO-Mitad-Ana-2\u00a9Niete-baja-682x1024.jpg 682w\" sizes=\"(max-width: 264px) 100vw, 264px\" \/><\/a>De un modo tambi\u00e9n sutil, sin excesivos subrayados y con inteligencia cuenta Marta Nieto en su primera pel\u00edcula como directora la historia de Son y su madre. &#8216;La mitad de Ana&#8217; podr\u00eda ser una pel\u00edcula m\u00e1s sobre una ni\u00f1a que no est\u00e1 a gusto en su cuerpo y quiere que le traten como a un ni\u00f1o, pero amplia el foco y se convierte pronto en la historia de una madre en crisis que ha de enfrentarse a este momento tambi\u00e9n cr\u00edtico en la vida de su reto\u00f1o desde una situaci\u00f3n de precariedad: madre separada con un empleo inestable que le aparta de su verdadera vocaci\u00f3n que es la pintura y una relaci\u00f3n tensa con el padre que no ayuda precisamente. Nieto cuenta esta historia que afecta a tantas mujeres que se ven amenazadas con perder la custodia de sus hijos sin aspavientos. Ana es\u00a0 vigilante en la Museo Reina Sof\u00eda y contempla cada d\u00eda \u2018Un mundo\u2019 el cuadro que \u00c1ngeles Santos pint\u00f3 en Valladolid con apenas 17 a\u00f1os y le vali\u00f3 (tras a\u00f1os de olvido e incomprensi\u00f3n) un puesto destacado en la historia reciente del arte espa\u00f1ol. El surrealismo de la pintura (el realismo m\u00e1gico, como se insiste en la pel\u00edcula) le sirve a la directora para introducir tambi\u00e9n un elemento m\u00e1gico en el filme anclado en el cuadro. Las se\u00f1ales que emergen del mundo que ide\u00f3 la artista iluminar\u00e1n su situaci\u00f3n, le ayudar\u00e1n a comprender que olvidarse de s\u00ed por la obsesi\u00f3n de ser una buena madre no es el camino, a empezar a recuperarse y con ello recuperar el sitio en la vida de su hijo. La pel\u00edcula aporta esa mirada detenida, sugerente, sutil que vemos en la manera de contar las historias de las nuevas realizadoras y, sin ser redonda, supone un trabajo delante y detr\u00e1s de la c\u00e1mara (ella es tambi\u00e9n la protagonista de &#8216;La mitad de Ana&#8217;) o de pie en un escenario. Habr\u00e1 que estar atentos a sus pr\u00f3ximos proyectos.<\/p>\n","protected":false},"excerpt":{"rendered":"<p>EXCELENTES DEBUTANTES Turbia. As\u00ed es, \u2018Armand\u2019, la opera prima de Halfdan Ullmann Tondel que viene a Seminci con la C\u00e1mara de Oro conseguida en Cannes a la mejor primera pel\u00edcula. Halfdan Ullmann maneja acertadamente la c\u00e1mara para crear un ambiente asfixiante que crece a medida que avanza el film. Aqu\u00ed la oscuridad dentro y fuera [&hellip;]<\/p>\n","protected":false},"author":2,"featured_media":0,"comment_status":"open","ping_status":"open","sticky":false,"template":"","format":"standard","meta":[],"categories":[4,5,7,8,9,20,21],"tags":[914,920,921,919],"_links":{"self":[{"href":"https:\/\/blogs.elnortedecastilla.es\/angelicatanarro\/wp-json\/wp\/v2\/posts\/2014"}],"collection":[{"href":"https:\/\/blogs.elnortedecastilla.es\/angelicatanarro\/wp-json\/wp\/v2\/posts"}],"about":[{"href":"https:\/\/blogs.elnortedecastilla.es\/angelicatanarro\/wp-json\/wp\/v2\/types\/post"}],"author":[{"embeddable":true,"href":"https:\/\/blogs.elnortedecastilla.es\/angelicatanarro\/wp-json\/wp\/v2\/users\/2"}],"replies":[{"embeddable":true,"href":"https:\/\/blogs.elnortedecastilla.es\/angelicatanarro\/wp-json\/wp\/v2\/comments?post=2014"}],"version-history":[{"count":2,"href":"https:\/\/blogs.elnortedecastilla.es\/angelicatanarro\/wp-json\/wp\/v2\/posts\/2014\/revisions"}],"predecessor-version":[{"id":2019,"href":"https:\/\/blogs.elnortedecastilla.es\/angelicatanarro\/wp-json\/wp\/v2\/posts\/2014\/revisions\/2019"}],"wp:attachment":[{"href":"https:\/\/blogs.elnortedecastilla.es\/angelicatanarro\/wp-json\/wp\/v2\/media?parent=2014"}],"wp:term":[{"taxonomy":"category","embeddable":true,"href":"https:\/\/blogs.elnortedecastilla.es\/angelicatanarro\/wp-json\/wp\/v2\/categories?post=2014"},{"taxonomy":"post_tag","embeddable":true,"href":"https:\/\/blogs.elnortedecastilla.es\/angelicatanarro\/wp-json\/wp\/v2\/tags?post=2014"}],"curies":[{"name":"wp","href":"https:\/\/api.w.org\/{rel}","templated":true}]}}