{"id":2023,"date":"2024-10-24T16:57:39","date_gmt":"2024-10-24T15:57:39","guid":{"rendered":"https:\/\/blogs.elnortedecastilla.es\/angelicatanarro\/?p=2023"},"modified":"2024-10-25T16:18:16","modified_gmt":"2024-10-25T15:18:16","slug":"69seminci-toma-iii-valentia-y-talento","status":"publish","type":"post","link":"https:\/\/blogs.elnortedecastilla.es\/angelicatanarro\/2024\/10\/24\/69seminci-toma-iii-valentia-y-talento\/","title":{"rendered":"69SEMINCI. Toma IV. VALENT\u00cdA Y TALENTO"},"content":{"rendered":"<p><strong>MAR COLL ESTRENA SU TERCER LARGOMETRJE, &#8216;SALVE MAR\u00cdA&#8217;, UN THRILLER PSICOL\u00d3GICO EN TORNO A LA MATERNIDAD ARREPENTIDA<\/strong><\/p>\n<p><a href=\"https:\/\/static-blogs.elnortedecastilla.es\/wp-content\/uploads\/sites\/2\/2024\/10\/SO-Salve-Maria-6224\u00a9Llui\u0301s-Tudela-baja.jpg\"><img loading=\"lazy\" class=\"alignright wp-image-2024\" src=\"https:\/\/static-blogs.elnortedecastilla.es\/wp-content\/uploads\/sites\/2\/2024\/10\/SO-Salve-Maria-6224\u00a9Llui\u0301s-Tudela-baja-300x200.jpg\" alt=\"\" width=\"405\" height=\"270\" srcset=\"https:\/\/static-blogs.elnortedecastilla.es\/wp-content\/uploads\/sites\/2\/2024\/10\/SO-Salve-Maria-6224\u00a9Llui\u0301s-Tudela-baja-300x200.jpg 300w, https:\/\/static-blogs.elnortedecastilla.es\/wp-content\/uploads\/sites\/2\/2024\/10\/SO-Salve-Maria-6224\u00a9Llui\u0301s-Tudela-baja-768x512.jpg 768w, https:\/\/static-blogs.elnortedecastilla.es\/wp-content\/uploads\/sites\/2\/2024\/10\/SO-Salve-Maria-6224\u00a9Llui\u0301s-Tudela-baja-1024x683.jpg 1024w\" sizes=\"(max-width: 405px) 100vw, 405px\" \/><\/a>Valiente. Es el primer adjetivo que me sale para hablar de \u2018Salve Mar\u00eda\u2019, tercer largometraje de Mar Coll y su regreso a la Seminci donde en 2013 estren\u00f3 su segunda pel\u00edcula, \u2018Todos quieren lo mejor para ella\u2019, que supuso el premio a la mejor interpretaci\u00f3n femenina para Nora Navas, su protagonista. Cuatro a\u00f1os antes, Mar Coll se hab\u00eda ganado un puesto de honor en la historia de nuestro cine m\u00e1s reciente con su luminoso debut: \u2018Tres d\u00edas con la familia\u2019 le vali\u00f3 el Goya a la mejor direcci\u00f3n novel y contribuy\u00f3 a dar visibilidad a una serie de directoras j\u00f3venes que han revolucionado las pantallas y los festivales dentro y fuera de Espa\u00f1a. Supuso sin duda un momento fundacional ya que detr\u00e1s vendr\u00edan las obras de Pilar Palomero, Clara Sim\u00f3n, Alaida Ruiz de Az\u00faa, Bel\u00e9n Funes y tantas otras.<\/p>\n<p>\u2018Salve Mar\u00eda\u2019 se atreve con un tema tab\u00fa, la maternidad arrepentida, el desapego hacia el beb\u00e9 que acaba de llegar al mundo, la depresi\u00f3n y la culpa, el miedo a no estar a la altura. Magn\u00edficamente interpretada por Laura Weissmahr en el papel de Mar\u00eda, una escritora que acaba de ser madre y cuya angustia se ve agravada cuando conoce la noticia de una parricida que ha ahogado a sus beb\u00e9s reci\u00e9n nacidos en la ba\u00f1era de su casa y se obsesiona con ella. La c\u00e1mara sigue el rosto de Mar\u00eda y \u00e9sta imanta por completo la atenci\u00f3n del espectador. Junto a ella, su pareja, un hombre en principio atento y preocupado pero que no puede o no sabe ver lo que le est\u00e1 ocurriendo a ella. La incomunicaci\u00f3n, la incapacidad de verbalizar el trauma y la incomprensi\u00f3n a su alrededor incrementan su sensaci\u00f3n de soledad de la joven madre.<\/p>\n<p>Mar Coll vuelve a mostrar su talento, acompa\u00f1ada una vez m\u00e1s por su guionista de cabecera, Valentina Viso. Ambas han trabajado en la adaptaci\u00f3n de la novela \u2018Las madres no\u2019 de Katixa Aguirre y han contado con la inspiraci\u00f3n de Zeltia Montes, cuya m\u00fasica es un aut\u00e9ntico pilar del film. La pel\u00edcula introduce algunas de las citas que ya estaban en la novela sobre el tema de la maternidad visto desde su lado m\u00e1s oscuro o al menos nada pol\u00edticamente correcto. De todas ellas (aparecen Silvia Plath, Simone de Beauvoir&#8230;) la que a mi juicio refleja mejor el tema de la pel\u00edcula es la que reza: \u2018Las madres no escriben est\u00e1n escritas\u2019. Algunas no lo est\u00e1n y Mar Coll contribuye con su cine a paliar esta laguna.<\/p>\n<p>Coll no ha escrito una pel\u00edcula para mujeres, si bien muchas se pueden ver secretamente reflejadas. Es tambi\u00e9n una pel\u00edcula sobre la mirada de los hombres, sobre la incomunicaci\u00f3n en la pareja, sobre la necesidad de verbalizar nuestros miedos. Y a pesar de la oscuridad del tema, de la oscuridad de muchos planos del filme y de la tensi\u00f3n que rezuma el desarrollo de la historia, la directora encuentra un camino de luz al final. No hablamos de happy end, es un final agridulce, real, pero inevitablemente luminoso. Vayan a verla.<\/p>\n<p>&nbsp;<\/p>\n<p>&nbsp;<\/p>\n","protected":false},"excerpt":{"rendered":"<p>MAR COLL ESTRENA SU TERCER LARGOMETRJE, &#8216;SALVE MAR\u00cdA&#8217;, UN THRILLER PSICOL\u00d3GICO EN TORNO A LA MATERNIDAD ARREPENTIDA Valiente. Es el primer adjetivo que me sale para hablar de \u2018Salve Mar\u00eda\u2019, tercer largometraje de Mar Coll y su regreso a la Seminci donde en 2013 estren\u00f3 su segunda pel\u00edcula, \u2018Todos quieren lo mejor para ella\u2019, que [&hellip;]<\/p>\n","protected":false},"author":2,"featured_media":0,"comment_status":"open","ping_status":"open","sticky":false,"template":"","format":"standard","meta":[],"categories":[5,7,8,9,13,20],"tags":[914,302,922],"_links":{"self":[{"href":"https:\/\/blogs.elnortedecastilla.es\/angelicatanarro\/wp-json\/wp\/v2\/posts\/2023"}],"collection":[{"href":"https:\/\/blogs.elnortedecastilla.es\/angelicatanarro\/wp-json\/wp\/v2\/posts"}],"about":[{"href":"https:\/\/blogs.elnortedecastilla.es\/angelicatanarro\/wp-json\/wp\/v2\/types\/post"}],"author":[{"embeddable":true,"href":"https:\/\/blogs.elnortedecastilla.es\/angelicatanarro\/wp-json\/wp\/v2\/users\/2"}],"replies":[{"embeddable":true,"href":"https:\/\/blogs.elnortedecastilla.es\/angelicatanarro\/wp-json\/wp\/v2\/comments?post=2023"}],"version-history":[{"count":2,"href":"https:\/\/blogs.elnortedecastilla.es\/angelicatanarro\/wp-json\/wp\/v2\/posts\/2023\/revisions"}],"predecessor-version":[{"id":2026,"href":"https:\/\/blogs.elnortedecastilla.es\/angelicatanarro\/wp-json\/wp\/v2\/posts\/2023\/revisions\/2026"}],"wp:attachment":[{"href":"https:\/\/blogs.elnortedecastilla.es\/angelicatanarro\/wp-json\/wp\/v2\/media?parent=2023"}],"wp:term":[{"taxonomy":"category","embeddable":true,"href":"https:\/\/blogs.elnortedecastilla.es\/angelicatanarro\/wp-json\/wp\/v2\/categories?post=2023"},{"taxonomy":"post_tag","embeddable":true,"href":"https:\/\/blogs.elnortedecastilla.es\/angelicatanarro\/wp-json\/wp\/v2\/tags?post=2023"}],"curies":[{"name":"wp","href":"https:\/\/api.w.org\/{rel}","templated":true}]}}