{"id":31,"date":"2007-02-01T19:11:00","date_gmt":"2007-02-01T19:11:00","guid":{"rendered":"http:\/\/blogs.elnortedecastilla.es\/angelicatanarro\/?p=31"},"modified":"2007-02-01T19:11:00","modified_gmt":"2007-02-01T19:11:00","slug":"una-autocritica","status":"publish","type":"post","link":"https:\/\/blogs.elnortedecastilla.es\/angelicatanarro\/2007\/02\/01\/una-autocritica\/","title":{"rendered":"UNA DE AUTOCR\u00cdTICA"},"content":{"rendered":"<p><em>Publicado en EL NORTE DE CASTILLA EL 1 DE FEBRERO DEL 2007<\/em><\/p>\n<p>\u00bfHasta cuando vamos a consentir que tambi\u00e9n en pol\u00edtica se nos trate como a consumidores con escaso cerebro? La pregunta me la hago a m\u00ed misma y a la sociedad civil (\u00bfd\u00f3nde est\u00e1?). Tambi\u00e9n es una pregunta-autocr\u00edtica a todos los que nos dedicamos a este oficio de contar a la gente lo que le pasa a la gente, sea cual sea nuestro grado de responsabilidad en \u00e9l.<br \/>\nEstos d\u00edas se habla mucho de la bronca pol\u00edtica. Los medios la reproducimos hasta la n\u00e1usea, la jaleamos y, desgraciadamente, muchas veces la fomentamos. Pero yo echo de menos los matices. Porque hablamos a bulto y somos, cuando menos, timoratos a la hora de se\u00f1alar a quines la provocan, a quienes encienden la mecha, a quienes sacan partido de ella. Porque no todos tienen la misma responsabilidad. En esto tambi\u00e9n hay grados. Pero meter a todos en el mismo saco de la bronca es hacer un favor a quienes comienzan diciendo que todos los pol\u00edticos son iguales y terminan sembrando la sospecha sobre las instituciones democr\u00e1ticas. Ejercer la cr\u00edtica responsable, invitar a la reflexi\u00f3n y fomentar el criterio es el papel de la prensa en el sistema democr\u00e1tico. (\u00bfDisneylandia?)<br \/>\nEl asunto afecta a todos los sectores de la vida social. El otro d\u00eda visit\u00f3 Valladolid la ministra de Cultura. Durante el \u2018canutazo\u2019 (absurda expresi\u00f3n que define el momento en que el ministro o cargo p\u00fablico de turno hace una parada para \u2018atender\u2019 a los medios, normalmente de pie y en las peores condiciones posibles para trabajar) solo hubo un tema. \u00bfUn tema interesante? \u00bfSe le pregunt\u00f3 a la ministra por los proyectos de calado que har\u00e1n subir el nivel cultural de la ciudadan\u00eda y por lo tanto la har\u00e1 m\u00e1s libre? \u00bfDel empleo en esa tarea del dinero p\u00fablico en lugar de fomentar la cultura espect\u00e1culo? No. Por Dios. A la segunda pregunta ya hab\u00eda salido el manoseado y casi putrefacto tema del Archivo de Salamanca.  Algo que ya huele, pero que alg\u00fan pol\u00edtico considera que todav\u00eda puede darle r\u00e9ditos. Un tema que tendr\u00eda que haberse solucionado hace tiempo con la r\u00e1pida devoluci\u00f3n de los documentos a sus leg\u00edtimos due\u00f1os y la garant\u00eda de que los investigadores seguir\u00e1n teniendo acceso a ellos, \u00fanicos grupos de poblaci\u00f3n a los que les importaba el asunto desde siempre.<br \/>\nPues bien, ah\u00ed se acab\u00f3 la posibilidad de hablar de algo positivo porque detr\u00e1s del archivo ven\u00eda un retablo y detr\u00e1s un \u2018qu\u00edtame all\u00e1 esas piezas\u2019 (o esos dineros), que en esto se ha convertido la pol\u00edtica cultural del momento. Pero las declaraciones de la ministra serv\u00edan para ir corriendo a la otra parte, su hom\u00f3loga en la regi\u00f3n, y conseguir otros tantos titulares. Y as\u00ed vamos los periodistas haciendo nuestra bonita labor de correveidiles, grabadora en mano, fomentando que los cargos p\u00fablicos se dediquen a la pol\u00edtica del \u00ab\u00a1y t\u00fa m\u00e1s!\u00bb.<br \/>\nPol\u00edtica de corralillo. Medios a tono. Tambi\u00e9n aqu\u00ed unos m\u00e1s que otros. No s\u00e9 a ustedes pero a m\u00ed estas cosas me ponen triste.<\/p>\n","protected":false},"excerpt":{"rendered":"<p>Publicado en EL NORTE DE CASTILLA EL 1 DE FEBRERO DEL 2007 \u00bfHasta cuando vamos a consentir que tambi\u00e9n en pol\u00edtica se nos trate como a consumidores con escaso cerebro? La pregunta me la hago a m\u00ed misma y a la sociedad civil (\u00bfd\u00f3nde est\u00e1?). Tambi\u00e9n es una pregunta-autocr\u00edtica a todos los que nos dedicamos [&hellip;]<\/p>\n","protected":false},"author":2,"featured_media":0,"comment_status":"open","ping_status":"closed","sticky":false,"template":"","format":"standard","meta":[],"categories":[8],"tags":[],"_links":{"self":[{"href":"https:\/\/blogs.elnortedecastilla.es\/angelicatanarro\/wp-json\/wp\/v2\/posts\/31"}],"collection":[{"href":"https:\/\/blogs.elnortedecastilla.es\/angelicatanarro\/wp-json\/wp\/v2\/posts"}],"about":[{"href":"https:\/\/blogs.elnortedecastilla.es\/angelicatanarro\/wp-json\/wp\/v2\/types\/post"}],"author":[{"embeddable":true,"href":"https:\/\/blogs.elnortedecastilla.es\/angelicatanarro\/wp-json\/wp\/v2\/users\/2"}],"replies":[{"embeddable":true,"href":"https:\/\/blogs.elnortedecastilla.es\/angelicatanarro\/wp-json\/wp\/v2\/comments?post=31"}],"version-history":[{"count":0,"href":"https:\/\/blogs.elnortedecastilla.es\/angelicatanarro\/wp-json\/wp\/v2\/posts\/31\/revisions"}],"wp:attachment":[{"href":"https:\/\/blogs.elnortedecastilla.es\/angelicatanarro\/wp-json\/wp\/v2\/media?parent=31"}],"wp:term":[{"taxonomy":"category","embeddable":true,"href":"https:\/\/blogs.elnortedecastilla.es\/angelicatanarro\/wp-json\/wp\/v2\/categories?post=31"},{"taxonomy":"post_tag","embeddable":true,"href":"https:\/\/blogs.elnortedecastilla.es\/angelicatanarro\/wp-json\/wp\/v2\/tags?post=31"}],"curies":[{"name":"wp","href":"https:\/\/api.w.org\/{rel}","templated":true}]}}