{"id":33,"date":"2007-02-08T17:21:00","date_gmt":"2007-02-08T17:21:00","guid":{"rendered":"http:\/\/blogs.elnortedecastilla.es\/angelicatanarro\/?p=33"},"modified":"2007-02-08T17:21:00","modified_gmt":"2007-02-08T17:21:00","slug":"la-era-macro","status":"publish","type":"post","link":"https:\/\/blogs.elnortedecastilla.es\/angelicatanarro\/2007\/02\/08\/la-era-macro\/","title":{"rendered":"LA ERA MACRO"},"content":{"rendered":"<p>Leo unas declaraciones del alcalde de Arganda del Rey, localidad madrile\u00f1a que aspira, al parecer con muchas posibilidades de \u00e9xito, a ser sede del Festival Rock in Rio, cita musical que servir\u00e1 para inaugurar uno de esos \u2018macro espacios\u2019 que sirven para \u2018poner en el mapa\u2019 a los pueblos o ciudades que los acogen. La \u2018Ciudad del Rock\u2019 de Arganda se resume en esto: 200.000 metros cuadrados de superficie (20 estadios como el Santiago Bernab\u00e9u, especifican las agencias para que no haya dudas), capacidad para 100.000 personas, 40 tiendas, seis grandes restaurantes&#8230; Yo solo de leerlo ya me agobio.<br \/>\n\u00bfSe imaginan la cantidad de publicidad directa e indirecta que ser\u00e1 necesaria de aqu\u00ed al 2008 para conseguir que el susodicho Festival sea un \u00e9xito de p\u00fablico (\u00fanico par\u00e1metro por el cual ahora algo se convierte en \u00e9xito o fracaso, es decir, la \u2018rentabilidad\u2019) y hasta los birmanos sean capaces de situar a Arganda del Rey en el mapa mundi? \u00bfSe imaginan la cantidad de cosas de las que se dejar\u00e1 de hablar porque al lado de semejante \u2018macroevento\u2019 ya nada alcanzar\u00e1 el nivel necesario para ser considerado de inter\u00e9s general? \u00bfEmpiezan a ver como se enrosca la pescadilla que se muerde la cola?<br \/>\nDefinitivamente, la era macro desarrolla el gen masoquista de la gente. Y no solo por lo inc\u00f3modo que debe de resultar \u2013yo la verdad no practico porque las masas me dan miedo\u2013 asistir a un concierto soportando empujones, horas de espera, decibelios insultantes para cualquier mediana sensibilidad auditiva&#8230;  Cuando el \u2018share\u2019 se ha convertido en la mayor amenaza de cualquier programador, promotor, editor, especulador, en el filtro que tapona las iniciativas delgadas y apuesta por las de trazo grueso, ampliamos los aforos y afilamos la espada de Damocles.  Y todo para que luego la mega estrella de turno haga un mega corte de mangas tipo \u2018stones\u2019 y nos deje atragant\u00e1ndonos con nuestros r\u00edos de tinta.<br \/>\nNo s\u00e9&#8230; \u00bfTanto tenemos que comprar como para que se justifiquen todos los hipermegamercados que se proyectan en Valladolid? \u00bfTantos coches tenemos que aparcar que justifiquen todos los superagujeros que infringimos a las ciudades? \u00bfTantos turistas son necesarios para que nos acabemos cargando a base de hiperhoteles, mega-centros-de-ocio y dem\u00e1s horteradas \u2018king size\u2019, a menudo adem\u00e1s delictivas, aquello por lo que se supone que nos visitan los turistas?<br \/>\nVivimos \u00e9pocas de macroconfusi\u00f3n y en medio de ese r\u00edo revuelto todo lo que no es susceptible de ser bendecido por una estad\u00edstica favorable queda en el margen. El asunto es que cada vez hay m\u00e1s cosas en el margen convertido en aut\u00e9ntico agujero negro. Temo por los peque\u00f1os caf\u00e9s, por las peque\u00f1as librer\u00edas, por las editoriales independientes que adem\u00e1s se atreven con la poes\u00eda, por los peque\u00f1os cines que se atreven con la versi\u00f3n original y otras rarezas, por los peque\u00f1os teatros, por los peque\u00f1os-grandes refugios. \u00bfQuedar\u00e1n barridos por la megaordinariez?<\/p>\n","protected":false},"excerpt":{"rendered":"<p>Leo unas declaraciones del alcalde de Arganda del Rey, localidad madrile\u00f1a que aspira, al parecer con muchas posibilidades de \u00e9xito, a ser sede del Festival Rock in Rio, cita musical que servir\u00e1 para inaugurar uno de esos \u2018macro espacios\u2019 que sirven para \u2018poner en el mapa\u2019 a los pueblos o ciudades que los acogen. La [&hellip;]<\/p>\n","protected":false},"author":2,"featured_media":0,"comment_status":"open","ping_status":"closed","sticky":false,"template":"","format":"standard","meta":[],"categories":[8],"tags":[],"_links":{"self":[{"href":"https:\/\/blogs.elnortedecastilla.es\/angelicatanarro\/wp-json\/wp\/v2\/posts\/33"}],"collection":[{"href":"https:\/\/blogs.elnortedecastilla.es\/angelicatanarro\/wp-json\/wp\/v2\/posts"}],"about":[{"href":"https:\/\/blogs.elnortedecastilla.es\/angelicatanarro\/wp-json\/wp\/v2\/types\/post"}],"author":[{"embeddable":true,"href":"https:\/\/blogs.elnortedecastilla.es\/angelicatanarro\/wp-json\/wp\/v2\/users\/2"}],"replies":[{"embeddable":true,"href":"https:\/\/blogs.elnortedecastilla.es\/angelicatanarro\/wp-json\/wp\/v2\/comments?post=33"}],"version-history":[{"count":0,"href":"https:\/\/blogs.elnortedecastilla.es\/angelicatanarro\/wp-json\/wp\/v2\/posts\/33\/revisions"}],"wp:attachment":[{"href":"https:\/\/blogs.elnortedecastilla.es\/angelicatanarro\/wp-json\/wp\/v2\/media?parent=33"}],"wp:term":[{"taxonomy":"category","embeddable":true,"href":"https:\/\/blogs.elnortedecastilla.es\/angelicatanarro\/wp-json\/wp\/v2\/categories?post=33"},{"taxonomy":"post_tag","embeddable":true,"href":"https:\/\/blogs.elnortedecastilla.es\/angelicatanarro\/wp-json\/wp\/v2\/tags?post=33"}],"curies":[{"name":"wp","href":"https:\/\/api.w.org\/{rel}","templated":true}]}}