{"id":104,"date":"2013-07-03T20:18:17","date_gmt":"2013-07-03T18:18:17","guid":{"rendered":"http:\/\/blogs.elnortedecastilla.es\/asolasconloslibros\/?p=104"},"modified":"2013-07-03T20:18:17","modified_gmt":"2013-07-03T18:18:17","slug":"ojos-azules-en-kabul-de-anabel-botella","status":"publish","type":"post","link":"https:\/\/blogs.elnortedecastilla.es\/asolasconloslibros\/?p=104","title":{"rendered":"Ojos azules en Kabul de Anabel Botella"},"content":{"rendered":"<p><em>Ojos azules en Kabul<\/em> es una novela de <strong>Anabel Botella<\/strong>, publicada por la <span style=\"text-decoration: underline;\">Plataforma Neo<\/span>.<\/p>\n<p>Una novela que tiene como protagonista esencial a una ni\u00f1a que perder\u00e1 la inocencia ante nuestra mirada, porque es diferente. Una ni\u00f1a que sufrir\u00e1 por su diferencia en un pa\u00eds donde todo se iguala mediante la literalidad de la palabra heredada en boca de los que la guardan. La diferencia de esta ni\u00f1a, va a ser el detonante de la crueldad con que la tratan para conseguir hacerla igual, porque s\u00f3lo si sufre podr\u00e1 lograr que los dem\u00e1s se compadezcan y le otorguen el perd\u00f3n. Sin embargo, nos reencontramos con la protagonista a\u00f1os despu\u00e9s, lejos de su lugar de nacimiento y sufrimiento, integrada con su diferencia en una sociedad que no lo otorga compasi\u00f3n, sino el amor.<\/p>\n<p><a href=\"\/asolasconloslibros\/wp-content\/uploads\/sites\/29\/2013\/07\/RESEG212ojosazulesencubierta.jpg\"><img loading=\"lazy\" class=\"alignright size-medium wp-image-105\" title=\"Cubierta_ojos azules.indd\" src=\"\/asolasconloslibros\/wp-content\/uploads\/sites\/29\/2013\/07\/RESEG212ojosazulesencubierta.jpg\" alt=\"\" width=\"190\" height=\"300\" \/><\/a><\/p>\n<p>La novela de Anabel Botella no pretende que tomemos conciencia de una situaci\u00f3n particular del trato a la mujer, y a lo desigual, por participaci\u00f3n, y que nos rasguemos las vestiduras desde este occidente falsamente solidario por lo que ocurre en ese lejano, lejano oriente. M\u00e1s bien, lo que pretende es que su novela nos explote en las manos como una bomba y nos cause p\u00e1nico. Pretende sin duda abrirnos los ojos m\u00e1s all\u00e1 de que mec\u00e1nicamente procuremos dar una limosna solidaria a la protagonista de la historia, Saira. No, no cre\u00e1is que ser\u00e1 una lectura donde se os pedir\u00e1 vuestro apoyo a esta mujer Afgana que sufre sin que nadie lo sepa.<\/p>\n<p>No, no ser\u00e1 una lectura f\u00e1cil de esas de publicidad rosa y f\u00e1cil, con la cara prestada por la realeza, donde al final se os da un n\u00famero de cuenta y con eso cubr\u00eds el expediente. No, no es la novela de una activista pol\u00edtica que pretende crear activistas que la acompa\u00f1en en una campa\u00f1a contra la esclavitud, el horror de la igualaci\u00f3n, el asesinato sistem\u00e1tico de lo diferente. No. Os digo que es algo mucho m\u00e1s duro, una carga de profundidad contra nuestra ceguera provocada por el buen vivir, una bomba a un coraz\u00f3n, el occidental, que se maneja tan mec\u00e1nicamente como sus cachivaches tecnol\u00f3gicos, un misil a unos o\u00eddos empapados de la cera de las cotizaciones burs\u00e1tiles.<\/p>\n<p>Todo esto lo comprender\u00e9is en la contraposici\u00f3n dual\u00e9ctica de Saira arrastrada por Ramin en Kabul, y su correlato contradictorio en Valencia, con una Saira repleta de amor, pero un amor nacido en el sufrimiento, por lo que resulta doblemente maravillante. He ah\u00ed el inter\u00e9s que posee esta novela y que debiera<\/p>\n<p>Como habr\u00e9is comprendido, la novela se sit\u00faa en dos ambientes distintos, y en dos \u00f3rbitas sentimentales distintas. En la primera, prima la seriedad, el dolor, el sufrimiento, perfectamente delineado por la propia cultura Afgana, a la que se presenta con fundamento en un trabajo de investigaci\u00f3n arduo y digno. El segundo ambiente es una nube de color rosa, una habanera de amor que emerge y se sumerge en una Valencia de luz y tracas de sonido triunfante. Lo curioso es que estos dos ambientes no son independientes, sino, muy al contrario, funcionan, y he ah\u00ed la originalidad de la novela, como realidades complementarias la una de la otra, como los espejos distorsionantes de las ferias de los pueblos (que no dejan de ser bombas para aquellos que se miran en ellos)<\/p>\n<p>La seriedad del sufrimiento y la veleidad del amor, unidos por ese quicio de sentimentalidad que es la propia Saira, y que hacen que la novela sea al tiempo un conato de sufrimiento y un arrojo de amor, y esto es lo que compromete a que hablemos de una novela bella. La seriedad del sufrimiento en Kabul, con esa escritura dura, un lenguaje que se compone de palabras como explosivo pl\u00e1stico, frente al lenguaje luminoso y puro cuando nos trasladamos a Valencia. Pero no se da el uno sin el otro, y he ah\u00ed la elegancia agradable de esta novela, que, sin duda, puede considerarse una lectura que emociona y que puede registrarse en nuestra memoria como lo esperado frente a lo imprevisto, \u00a0el aguante para lo inopinado, el sufrimiento frente al amor.<\/p>\n<p>Una novela agradable de leer, que merece el tiempo que le dedicamos.<\/p>\n<!-- AddThis Advanced Settings generic via filter on the_content --><!-- AddThis Share Buttons generic via filter on the_content -->","protected":false},"excerpt":{"rendered":"<p>Ojos azules en Kabul es una novela de Anabel Botella, publicada por la Plataforma Neo. Una novela que tiene como protagonista esencial a una ni\u00f1a que perder\u00e1 la inocencia ante nuestra mirada, porque es diferente. Una ni\u00f1a que sufrir\u00e1 por su diferencia en un pa\u00eds donde todo se iguala mediante la literalidad de la palabra [&hellip;]<!-- AddThis Advanced Settings generic via filter on get_the_excerpt --><!-- AddThis Share Buttons generic via filter on get_the_excerpt --><\/p>\n","protected":false},"author":41,"featured_media":0,"comment_status":"open","ping_status":"open","sticky":false,"template":"","format":"standard","meta":[],"categories":[3],"tags":[25,200,215],"_links":{"self":[{"href":"https:\/\/blogs.elnortedecastilla.es\/asolasconloslibros\/index.php?rest_route=\/wp\/v2\/posts\/104"}],"collection":[{"href":"https:\/\/blogs.elnortedecastilla.es\/asolasconloslibros\/index.php?rest_route=\/wp\/v2\/posts"}],"about":[{"href":"https:\/\/blogs.elnortedecastilla.es\/asolasconloslibros\/index.php?rest_route=\/wp\/v2\/types\/post"}],"author":[{"embeddable":true,"href":"https:\/\/blogs.elnortedecastilla.es\/asolasconloslibros\/index.php?rest_route=\/wp\/v2\/users\/41"}],"replies":[{"embeddable":true,"href":"https:\/\/blogs.elnortedecastilla.es\/asolasconloslibros\/index.php?rest_route=%2Fwp%2Fv2%2Fcomments&post=104"}],"version-history":[{"count":0,"href":"https:\/\/blogs.elnortedecastilla.es\/asolasconloslibros\/index.php?rest_route=\/wp\/v2\/posts\/104\/revisions"}],"wp:attachment":[{"href":"https:\/\/blogs.elnortedecastilla.es\/asolasconloslibros\/index.php?rest_route=%2Fwp%2Fv2%2Fmedia&parent=104"}],"wp:term":[{"taxonomy":"category","embeddable":true,"href":"https:\/\/blogs.elnortedecastilla.es\/asolasconloslibros\/index.php?rest_route=%2Fwp%2Fv2%2Fcategories&post=104"},{"taxonomy":"post_tag","embeddable":true,"href":"https:\/\/blogs.elnortedecastilla.es\/asolasconloslibros\/index.php?rest_route=%2Fwp%2Fv2%2Ftags&post=104"}],"curies":[{"name":"wp","href":"https:\/\/api.w.org\/{rel}","templated":true}]}}