{"id":120,"date":"2013-10-25T10:50:30","date_gmt":"2013-10-25T08:50:30","guid":{"rendered":"http:\/\/blogs.elnortedecastilla.es\/asolasconloslibros\/?p=120"},"modified":"2013-10-25T10:50:30","modified_gmt":"2013-10-25T08:50:30","slug":"120","status":"publish","type":"post","link":"https:\/\/blogs.elnortedecastilla.es\/asolasconloslibros\/?p=120","title":{"rendered":"Hermanos en la urdimbre"},"content":{"rendered":"<p><span style=\"font-size: medium;\">En la \u00faltima edici\u00f3n de &#8220;<strong>Con voz propia<\/strong>&#8220;, preguntaba el amigo\u00a0<em>Ricardo Ruiz<\/em>\u00a0si la poes\u00eda ten\u00eda lugar f\u00edsico, es decir, si hab\u00eda poes\u00eda de aqu\u00ed y all\u00e1 y acull\u00e1.<\/span><br \/>\n<span style=\"font-size: medium;\">En ese momento, la pregunta me tom\u00f3 in albis (pa\u00eds cercano a la poes\u00eda) y respond\u00ed cualquier barrab\u00e1s \u2013 ada (l\u00edbrele el cielo que no yo) de la que adem\u00e1s me agasaj\u00e9 satisfecho de ego \u2013 latra (que es enfermedad de poetas y pol\u00edticos).<\/span><br \/>\n<span style=\"font-size: medium;\">No dej\u00e9 de personarme en la pu\u00f1etera pregunta y ya de manera ult\u00f3rcrata, cuando llega a las manos el buen art\u00edculo en\u00a0<em>&#8220;El Adelantado&#8221;<\/em>\u00a0de Segovia de quien me adelanta a la respuesta, el gran amigo\u00a0<strong>Apuleyo Soto<\/strong>\u00a0(poeta versado y barbado, como Valle y ni\u00f1o que juega a las palabras &#8220;pa que abras&#8221; a la vida y al humor como Quevedo), Apuleyo sin m\u00e1s para los amigos y para los imberbes (como yo mismo, no por poeta y s\u00ed por imberbe y Francisco Puch), que dice que la poes\u00eda es &#8220;los amigos umbilicales&#8221;. Y c\u00f3mo me gana esta maravillosa, preciosa, precisa, acepci\u00f3n definitoria, porque hace referencia al ombligo, a la uni\u00f3n y alimento, al punto medio (\u00bftambi\u00e9n al Aristot\u00e9lico?), a los manuscritos, a la conclusi\u00f3n, y, adem\u00e1s, al sol y sus cuadrantes estelares.<\/span><br \/>\n<span style=\"font-size: medium;\">Pero quiz\u00e1 me gana m\u00e1s, querido Apuleyo, porque me retrotrae a otra palabra que degusto siempre &#8220;urdidumbre&#8221;, palabra que traduce la plat\u00f3nica &#8220;Symplok\u00e9&#8221; que es la manera en la que se encontraban las ideas. <\/span><\/p>\n<p><span style=\"font-size: medium;\">Y es que los poetas tambi\u00e9n est\u00e1n en Symplok\u00e9, interunidos, intertejidos, entretejidos, entreverados (adivinos del desorden, sospechosos del caos), entremetidos y entremezclados, siempre relacionados, interrelacionados y siempre en la necesidad de expresar dicha relaci\u00f3n.<\/span><br \/>\n<span style=\"font-size: medium;\">Pero dudo que la tal urdimbre constituya una patria, m\u00e1s bien, como dice\u00a0<strong>Os\u00e9s<\/strong>, una fatr\u00eda (y cabe\u00a0<em>Ferm\u00edn, Tino, Oscar, Heliodoro, Eliseo, Izarra, Bouza, Villalmanzo, Alberto<\/em>\u00a0y hasta los que se autoexcluyen a la \u00faltimidad por divinos) y como quiere\u00a0<strong>Octavio U\u00f1a<\/strong>, de comunicaci\u00f3n.<\/span><br \/>\n<span style=\"font-size: medium;\">Gracias a Apuleyo, dasdas le sean, le respondo a Ricardo Ru\u00edz que la poes\u00eda es la fatria para los hermanastros en urdimbre y ese es su lugar, su \u00fanico lugar<\/span><br \/>\n<span style=\"font-size: medium;\">Lo dem\u00e1s, poes\u00eda hisp\u00e1nica, gallega o comanche son s\u00f3lo desafortunadas expresiones de la nostalgia del tradicionalismo y hasta m\u00e1s propias del psicoan\u00e1lisis cultural.<\/span><\/p>\n<!-- AddThis Advanced Settings generic via filter on the_content --><!-- AddThis Share Buttons generic via filter on the_content -->","protected":false},"excerpt":{"rendered":"<p>En la \u00faltima edici\u00f3n de &#8220;Con voz propia&#8220;, preguntaba el amigo\u00a0Ricardo Ruiz\u00a0si la poes\u00eda ten\u00eda lugar f\u00edsico, es decir, si hab\u00eda poes\u00eda de aqu\u00ed y all\u00e1 y acull\u00e1. En ese momento, la pregunta me tom\u00f3 in albis (pa\u00eds cercano a la poes\u00eda) y respond\u00ed cualquier barrab\u00e1s \u2013 ada (l\u00edbrele el cielo que no yo) de [&hellip;]<!-- AddThis Advanced Settings generic via filter on get_the_excerpt --><!-- AddThis Share Buttons generic via filter on get_the_excerpt --><\/p>\n","protected":false},"author":41,"featured_media":0,"comment_status":"open","ping_status":"open","sticky":false,"template":"","format":"standard","meta":[],"categories":[4],"tags":[18,33,49,98,112,123,135,203,216,232,250,256,264,274],"_links":{"self":[{"href":"https:\/\/blogs.elnortedecastilla.es\/asolasconloslibros\/index.php?rest_route=\/wp\/v2\/posts\/120"}],"collection":[{"href":"https:\/\/blogs.elnortedecastilla.es\/asolasconloslibros\/index.php?rest_route=\/wp\/v2\/posts"}],"about":[{"href":"https:\/\/blogs.elnortedecastilla.es\/asolasconloslibros\/index.php?rest_route=\/wp\/v2\/types\/post"}],"author":[{"embeddable":true,"href":"https:\/\/blogs.elnortedecastilla.es\/asolasconloslibros\/index.php?rest_route=\/wp\/v2\/users\/41"}],"replies":[{"embeddable":true,"href":"https:\/\/blogs.elnortedecastilla.es\/asolasconloslibros\/index.php?rest_route=%2Fwp%2Fv2%2Fcomments&post=120"}],"version-history":[{"count":0,"href":"https:\/\/blogs.elnortedecastilla.es\/asolasconloslibros\/index.php?rest_route=\/wp\/v2\/posts\/120\/revisions"}],"wp:attachment":[{"href":"https:\/\/blogs.elnortedecastilla.es\/asolasconloslibros\/index.php?rest_route=%2Fwp%2Fv2%2Fmedia&parent=120"}],"wp:term":[{"taxonomy":"category","embeddable":true,"href":"https:\/\/blogs.elnortedecastilla.es\/asolasconloslibros\/index.php?rest_route=%2Fwp%2Fv2%2Fcategories&post=120"},{"taxonomy":"post_tag","embeddable":true,"href":"https:\/\/blogs.elnortedecastilla.es\/asolasconloslibros\/index.php?rest_route=%2Fwp%2Fv2%2Ftags&post=120"}],"curies":[{"name":"wp","href":"https:\/\/api.w.org\/{rel}","templated":true}]}}