{"id":138,"date":"2013-12-26T15:09:49","date_gmt":"2013-12-26T14:09:49","guid":{"rendered":"http:\/\/blogs.elnortedecastilla.es\/asolasconloslibros\/?p=138"},"modified":"2013-12-26T15:09:49","modified_gmt":"2013-12-26T14:09:49","slug":"138","status":"publish","type":"post","link":"https:\/\/blogs.elnortedecastilla.es\/asolasconloslibros\/?p=138","title":{"rendered":"Coppini: esp\u00edritu punk, voz de Till"},"content":{"rendered":"<p><span style=\"font-size: large;\">Falleci\u00f3 Coppini, que no muri\u00f3. Quien tras de s\u00ed testamenta un legado tan rico por realizar, no puede morir. Lo trasmit\u00ed en la mesa de Navidad, acaba de morir Germ\u00e1n Coppini, y fue mi hijo quien me precis\u00f3, fallecido, que quien ha construido un mundo personal y po\u00e9tico de tan extraordinaria riqueza, permanece siempre en los ojos de la gente.<\/span><\/p>\n<p><span style=\"font-size: large;\">Mira t\u00fa por d\u00f3nde, ahora s\u00ed podemos mirar a los ojos de la gente.<\/span><\/p>\n<p><span style=\"font-size: large;\">Nos enteramos por Costas, la misma noche del fallecimiento, que lo anunci\u00f3 en un gorgoj\u00e9o cruel. Harto incre\u00edble, prefer\u00eda pensar que se trataba de una equivocaci\u00f3n o algo as\u00ed. \u00bfC\u00f3mo pod\u00eda morir de repente alguien que tiene s\u00f3lo dos a\u00f1os m\u00e1s que el que esto escribe? Sin embargo, otro texto breve de Costas no permit\u00eda lugar a hurgar en la duda, hab\u00eda fallecido y nadie se encontraba con humor de contar nada.<\/span><\/p>\n<p><span style=\"font-size: large;\">Coppini con Costas y Hern\u00e1ndez fundan Siniestro Total, al car\u00f3n de un siniestro real y total. Conocemos as\u00ed la voz gris\u00e1cea del cantor que luc\u00eda con la misma protocolaria inercia y desgana, una gabardina trescuartos mientras le picaba un huevo o un traje de ejecutivo vagante al tiempo que exig\u00eda con floja flema en la voz, un chupito de amor. Una voz gris\u00e1cea y ociosa, que hab\u00eda tomado la determinaci\u00f3n de ser ella misma lo gris\u00e1ceo en s\u00ed, para que el resto del mundo ya no fuese mudo y colorease su voz de lo primario. De lo m\u00e1s primario.<\/span><\/p>\n<p><span style=\"font-size: large;\">A la vez, c\u00e1lida la voz, que envolv\u00eda como el fluido donde se gesta la vida, amni\u00f3tico. Una envoltura amni\u00f3tica que invitaba a romper las costras de otrora para edificar un mundo sin resentimiento. Una invitaci\u00f3n a que realiz\u00e1semos lo mejor que sab\u00edamos hacer, es decir, nada. Ah, \u00bfs\u00ed?, pues a hacer nada.<\/span><\/p>\n<p><span style=\"font-size: large;\">Aquella gris\u00e1cea calidez que nos permiti\u00f3 acceder a qu\u00e9 consist\u00eda la movida, as\u00ed mal llamada, porque consist\u00eda en una inacci\u00f3n despreocupada en la que tanto val\u00eda el roto como el descosido y el moco y la ladilla y el pedo y la putilla. La movida que consisti\u00f3 en moher lo pat\u00e9ticamente hip\u00f3crita que se hab\u00eda heredado del dictador de palio y palo, y que hoy est\u00e1 de nuevo presente en lo pol\u00edticamente correcto.<\/span><\/p>\n<p><span style=\"font-size: large;\">Aquella gris\u00e1cea calidez que era po\u00e9tica de la imaginaci\u00f3n y del desgarro nos mostrar\u00eda, a trav\u00e9s de melod\u00edas de un minuto, precoces como Ulises, que la movida prend\u00eda en algo interno y era brote psic\u00f3tico esquizofr\u00e9nico de le mejor cepa, como se dir\u00eda del dada, y aunque se denomin\u00f3 punk, es como decir dada.<\/span><\/p>\n<p><span style=\"font-size: large;\">Aquella gris\u00e1cea y c\u00e1lida voz que flotaba sobre una r\u00eda, como la ciudad que la vio surgir por vez primera en la Navidad Rock de 1981, Vigo, y que se convirti\u00f3 en vig\u00eda de esa nueva navegaci\u00f3n interior, mal llamada movida. Vigo, pero tambi\u00e9n Lugo y Bilbao y Gijon y Hawai, desde donde la transmiti\u00f3 para el mundanal silencio, Ordov\u00e1s (el nombre al que escuchaba todo el mundo, incluso los que se hac\u00edan los sordos porque eran de otro caudillo)<\/span><\/p>\n<p><span style=\"font-size: large;\">Aquella gris\u00e1cea y c\u00e1lida voz que persisti\u00f3 en su internalizaci\u00f3n a la b\u00fasqueda de la mism\u00edsima imaginaci\u00f3n, para encarnarla, y que fructific\u00f3 en aquellas m\u00fasicas po\u00e9ticas que se adelantaron incluso a este tiempo, Golpes Bajos.<\/span><\/p>\n<p><span style=\"font-size: large;\">Aquella gris\u00e1cea y c\u00e1lida voz que persisti\u00f3 en su af\u00e1n de ser voz que flotara sobre una r\u00eda y navegara hacia el futuro, trayendo ya un mensaje que era un masaje que no supimos recibir, habr\u00e1 malos tiempos para la l\u00edrica, habr\u00e1 un momento en que las ciudades no floten sobre las r\u00edas ni los r\u00edos, llegara aquel d\u00eda fat\u00eddico donde se mate al rock en beneficio del Beneficio, creando voces frankenstein.<\/span><\/p>\n<p><span style=\"font-size: large;\">Aquella gris\u00e1cea y c\u00e1lida voz, repleta de talento, que era ya gran voz, alert\u00f3 sobre los fantasmas del futuro, no s\u00f3lo con el advenimiento de los tiempos sin l\u00edrica, sino con la desgracia de que todos los que se confabularon en aquella movida interior que se denomin\u00f3 movida, se transformar\u00edan en grandes desconocidos, lo que propiciar\u00eda a\u00fan m\u00e1s si cabe, la llegada de estos tiempos adada\u00edsticos, postpunkis, de vocecillas que tienen la calidez impostada.<\/span><\/p>\n<p><span style=\"font-size: large;\">German Coppini naci\u00f3 con su voz en el Nadal rock de 1981 y se nos oculto en un Nadal sin rock del 2013, indic\u00e1ndonos sin duda, que debi\u00e9ramos recuperar aquella movida interior de una vez, y que dej\u00e1semos de ser desconocidos.<\/span><\/p>\n<p><span style=\"font-size: large;\">Los dioses de la infancia parecen dormidos, acobardados o han declinado nuestra compa\u00f1\u00eda.<\/span><\/p>\n<p><a href=\"http:\/\/www.youtube.com\/watch?v=gMrGFf49QgU\" rel=\"external nofollow\">Geman Coppini y golpes bajos<\/a><\/p>\n<p>&nbsp;<\/p>\n<p><span style=\"font-size: large;\">Postda: \u00a0Dedico este poema de Perdurablemente Anfetam\u00ednico, a Coppini. Como ninguno de los poemas pose\u00eda t\u00edtulo, este lo gana, Canci\u00f3n Coppini<\/span><\/p>\n<p><span style=\"font-size: large;\"><strong>Todo viv\u00eda lleno de \u00e1ngeles, arc\u00e1ngeles,<\/strong><\/span><\/p>\n<p><span style=\"font-size: large;\">nuestras venas de el\u00edpticos daimones,<\/span><\/p>\n<p><span style=\"font-size: large;\">oscuras petulancias, los ojos oquedades,<\/span><\/p>\n<p><span style=\"font-size: large;\">nada hallamos que no fueran obviedades.<\/span><\/p>\n<p>&nbsp;<\/p>\n<p><span style=\"font-size: large;\">Que deb\u00edamos la voz y la centena,<\/span><\/p>\n<p><span style=\"font-size: large;\">la falange del dedo me\u00f1ique, al chatarrero,<\/span><\/p>\n<p><span style=\"font-size: large;\">un beso al contrahecho portero,<\/span><\/p>\n<p><span style=\"font-size: large;\">el humor y la hierbabuena.<\/span><\/p>\n<p>&nbsp;<\/p>\n<p><span style=\"font-size: large;\">Todo estaba lleno de \u00e1ngeles, arc\u00e1ngeles,<\/span><\/p>\n<p><span style=\"font-size: large;\">rubias que miraban luctuosas al rictus bucal,<\/span><\/p>\n<p><span style=\"font-size: large;\">danzantes que equivocaron el paso al saltar,<\/span><\/p>\n<p><span style=\"font-size: large;\">enmiendas a un pol\u00edtico que conoce a Sat\u00e1n.<\/span><\/p>\n<p>&nbsp;<\/p>\n<p><span style=\"font-size: large;\">Que deb\u00edamos el cereal, el l\u00fapulo,<\/span><\/p>\n<p><span style=\"font-size: large;\">el horror y el tomillo,<\/span><\/p>\n<p><span style=\"font-size: large;\">una caricia al rebocillo,<\/span><\/p>\n<p><span style=\"font-size: large;\">el hedor al jardinero sin escr\u00fapulo.<\/span><\/p>\n<p>&nbsp;<\/p>\n<p><span style=\"font-size: large;\">Todo estaba lleno de \u00e1ngeles, arc\u00e1ngeles,<\/span><\/p>\n<p><span style=\"font-size: large;\">comprobaciones del aire infectado,<\/span><\/p>\n<p><span style=\"font-size: large;\">conexiones a dioses sin errores,<\/span><\/p>\n<p><span style=\"font-size: large;\">cuentos, cuentas, el cuerpo detallado.<\/span><\/p>\n<p>&nbsp;<\/p>\n<p><span style=\"font-size: large;\">Sub\u00ed riscos, baj\u00e9 salinas, la vida: ociosa.<\/span><\/p>\n<p>&nbsp;<\/p>\n<!-- AddThis Advanced Settings generic via filter on the_content --><!-- AddThis Share Buttons generic via filter on the_content -->","protected":false},"excerpt":{"rendered":"<p>Falleci\u00f3 Coppini, que no muri\u00f3. Quien tras de s\u00ed testamenta un legado tan rico por realizar, no puede morir. Lo trasmit\u00ed en la mesa de Navidad, acaba de morir Germ\u00e1n Coppini, y fue mi hijo quien me precis\u00f3, fallecido, que quien ha construido un mundo personal y po\u00e9tico de tan extraordinaria riqueza, permanece siempre en [&hellip;]<!-- AddThis Advanced Settings generic via filter on get_the_excerpt --><!-- AddThis Share Buttons generic via filter on get_the_excerpt --><\/p>\n","protected":false},"author":41,"featured_media":0,"comment_status":"open","ping_status":"open","sticky":false,"template":"","format":"standard","meta":[],"categories":[4],"tags":[53,69,71,115,122,124,194,246],"_links":{"self":[{"href":"https:\/\/blogs.elnortedecastilla.es\/asolasconloslibros\/index.php?rest_route=\/wp\/v2\/posts\/138"}],"collection":[{"href":"https:\/\/blogs.elnortedecastilla.es\/asolasconloslibros\/index.php?rest_route=\/wp\/v2\/posts"}],"about":[{"href":"https:\/\/blogs.elnortedecastilla.es\/asolasconloslibros\/index.php?rest_route=\/wp\/v2\/types\/post"}],"author":[{"embeddable":true,"href":"https:\/\/blogs.elnortedecastilla.es\/asolasconloslibros\/index.php?rest_route=\/wp\/v2\/users\/41"}],"replies":[{"embeddable":true,"href":"https:\/\/blogs.elnortedecastilla.es\/asolasconloslibros\/index.php?rest_route=%2Fwp%2Fv2%2Fcomments&post=138"}],"version-history":[{"count":0,"href":"https:\/\/blogs.elnortedecastilla.es\/asolasconloslibros\/index.php?rest_route=\/wp\/v2\/posts\/138\/revisions"}],"wp:attachment":[{"href":"https:\/\/blogs.elnortedecastilla.es\/asolasconloslibros\/index.php?rest_route=%2Fwp%2Fv2%2Fmedia&parent=138"}],"wp:term":[{"taxonomy":"category","embeddable":true,"href":"https:\/\/blogs.elnortedecastilla.es\/asolasconloslibros\/index.php?rest_route=%2Fwp%2Fv2%2Fcategories&post=138"},{"taxonomy":"post_tag","embeddable":true,"href":"https:\/\/blogs.elnortedecastilla.es\/asolasconloslibros\/index.php?rest_route=%2Fwp%2Fv2%2Ftags&post=138"}],"curies":[{"name":"wp","href":"https:\/\/api.w.org\/{rel}","templated":true}]}}