{"id":14,"date":"2012-06-25T18:36:22","date_gmt":"2012-06-25T16:36:22","guid":{"rendered":"http:\/\/blogs.elnortedecastilla.es\/asolasconloslibros\/?p=14"},"modified":"2012-06-25T18:36:22","modified_gmt":"2012-06-25T16:36:22","slug":"assur-de-francisco-narla","status":"publish","type":"post","link":"https:\/\/blogs.elnortedecastilla.es\/asolasconloslibros\/?p=14","title":{"rendered":"ASSUR DE FRANCISCO NARLA"},"content":{"rendered":"<p>EDITORIAL:\u00a0Temas de hoy<img class=\"alignright\" src=\"\/\/4.bp.blogspot.com\/-7bbgUDsQj5A\/T857vCbwLaI\/AAAAAAAADsM\/IKv0TQxx_cY\/s400\/Portada+Librop.jpg\" alt=\"\" \/> COLECCI\u00d3N:\u00a0TH Novela<br \/>\nP\u00c1GINAS:\u00a0960.<\/p>\n<p>Este escritor lucense, se luce presentando su tercera novela, de t\u00edtulo Assur. Antes nos sorprendi\u00f3 con una delicia de novela, Los lobos del centeno; y con otra, a medio camino entre la ficci\u00f3n y la realidad t\u00e9cnica del vuelo, Caja negra. La primera, me gust\u00f3 porque remit\u00eda a las leyendas ancestrales de Ca- lech, que es como me gusta denominar a m\u00ed a esta nosa terra. Aunque el imaginario que rescataba de esa Galicia, era demasiado consciente. La segunda, no pude leerla, lo confieso, excesivamente involucrado en otros quehaceres propios.<\/p>\n<p>Esta nueva novela se ha presentado a todo el mundo como el proyecto m\u00e1s personal de Francisco Narla, y no lo dudamos, porque en cada p\u00e1gina, en cada frase, en cada palabra, refulge la mirada ansiosa de procurar la siguiente palabra, la siguiente frase, la siguiente p\u00e1gina. Porque la historia le brota como una erupci\u00f3n volc\u00e1nica necesaria. Es una historia que se cuece en el interior del volc\u00e1n, como en Lanzarote, en la parrilla sobre la lava, la carne. Y permitidme que inicie la recesi\u00f3n de la novela de Narla de esta manera, la historia de Assur es carne viva o s\u00edmbolo rescatado que se nos clava en lo profundo del alma y nos remite, queriendo, a lo m\u00e1s profundo del insconciente colectivo. Un incosnciente profundo y verdadero, no manido y de programa televisado. Y quiz\u00e1 sea de esta manera, por lo que es original esta historia.<\/p>\n<p>La historia es larga, no de saga ni epopeya inventada o revelada al autor, sino de historia a sangre y fuego. Una historia contada desde la precisi\u00f3n del coleccionista de hechos, al m\u00ednimo detalle, sobre las incursiones de los temibles guerreros n\u00f3rdicos sobre la capital oficial del otro reino que no es de este mundo, Compostela. Quiero llamar la atenci\u00f3n sobre este detalle de inter\u00e9s capital, el rigor en el proceso de documentaci\u00f3n, que no es propio de esas novelas &#8220;hist\u00f3ricas&#8221; que inundan las librer\u00edas, donde la Historia queda supeditada a la historia como trama. Aqu\u00ed, al rev\u00e9s, leemos y descubrimos que la historia como trama es el entretenimiento que hilvana la poco conocida Historia elegida por Narla, la invasi\u00f3n vikinga de compostela en el siglo X. Gentes n\u00f3rdicos a la b\u00fasqueda de lo que oculta Compostela, y en su camino, saquean y asesinan, raptan y devastan y muestran su cara m\u00e1s audaz, conquistadora.<\/p>\n<p>Pero faltan novecientas p\u00e1ginas, porque el libro es largo y se asemeja a la carpeta a fin de curso, repleta de apuntes. Aunque no son para quemar, llegados a estas fechas sanjuaneras, sino para disfrutar. O quiz\u00e1 vivificados por el fuego, somos capaces de convenir en la originalidad de la historia, que son los ojos de un ni\u00f1o, que no crece, como un peterpan de Ca &#8211; lech, los que nos van conduciendo a la lo largo de esta historia de n\u00f3rdicos y nordoestanos, en pugna real durante a\u00f1os. Los ojos de ni\u00f1o muy inocente, dedicado a la cuida del ganado y a la pesca de la trucha, al que le cambian la vida estos vikingos, que usurpan la vida de los otros. Y vamos a acompa\u00f1ar a ese ni\u00f1o a lo largo de novecientas p\u00e1ginas, luchando por su vida, por la de los otros, por la v\u00eda de las estrellas, por campos de sangre, por campos de amor.<\/p>\n<p>Del hundimiento del \u00e1nimo a la resurrecci\u00f3n del \u00e1nima, quiz\u00e1 pudiera ser el t\u00edtulo de estas novecientas p\u00e1ginas que hemos le\u00eddo, que os invito a leer, donde un ni\u00f1o debiera haber crecido en un paisaje id\u00edlico (como tenemos amigos comunes, s\u00e9 del lugar donde descansa Narla, semejante al ed\u00e9n inicial de la novela, con lobo y todo) pero que precis\u00f3 retrasar su vida en el ed\u00e9n porque deb\u00eda cumplir con una misi\u00f3n casi divina. Y en esto consiste la belleza de esta novela, en ese transcendental retorno al origen para volver a crecer y recuperar su infancia, y progredir hacia la madurez. Pero s\u00f3lo en ese instante puede reemprenderse la vida.<\/p>\n<p>Y como no todo es recesi\u00f3n, toca ahora que dirij\u00e1is los pasos a la librer\u00eda, acoj\u00e1is entre vuestras manos el libro, lo abr\u00e1is por la primera p\u00e1gina, ASSUR, de Francisco Narla, y comenc\u00e9is a leerla. Merece el momento de arrebato que requiere.<\/p>\n<p style=\"text-align: right;\">JM. PRADO &#8211; ANT\u00daNEZ<\/p>\n<!-- AddThis Advanced Settings generic via filter on the_content --><!-- AddThis Share Buttons generic via filter on the_content -->","protected":false},"excerpt":{"rendered":"<p>EDITORIAL:\u00a0Temas de hoy COLECCI\u00d3N:\u00a0TH Novela P\u00c1GINAS:\u00a0960. Este escritor lucense, se luce presentando su tercera novela, de t\u00edtulo Assur. Antes nos sorprendi\u00f3 con una delicia de novela, Los lobos del centeno; y con otra, a medio camino entre la ficci\u00f3n y la realidad t\u00e9cnica del vuelo, Caja negra. La primera, me gust\u00f3 porque remit\u00eda a las [&hellip;]<!-- AddThis Advanced Settings generic via filter on get_the_excerpt --><!-- AddThis Share Buttons generic via filter on get_the_excerpt --><\/p>\n","protected":false},"author":41,"featured_media":0,"comment_status":"open","ping_status":"closed","sticky":false,"template":"","format":"standard","meta":[],"categories":[3],"tags":[38,119,254],"_links":{"self":[{"href":"https:\/\/blogs.elnortedecastilla.es\/asolasconloslibros\/index.php?rest_route=\/wp\/v2\/posts\/14"}],"collection":[{"href":"https:\/\/blogs.elnortedecastilla.es\/asolasconloslibros\/index.php?rest_route=\/wp\/v2\/posts"}],"about":[{"href":"https:\/\/blogs.elnortedecastilla.es\/asolasconloslibros\/index.php?rest_route=\/wp\/v2\/types\/post"}],"author":[{"embeddable":true,"href":"https:\/\/blogs.elnortedecastilla.es\/asolasconloslibros\/index.php?rest_route=\/wp\/v2\/users\/41"}],"replies":[{"embeddable":true,"href":"https:\/\/blogs.elnortedecastilla.es\/asolasconloslibros\/index.php?rest_route=%2Fwp%2Fv2%2Fcomments&post=14"}],"version-history":[{"count":0,"href":"https:\/\/blogs.elnortedecastilla.es\/asolasconloslibros\/index.php?rest_route=\/wp\/v2\/posts\/14\/revisions"}],"wp:attachment":[{"href":"https:\/\/blogs.elnortedecastilla.es\/asolasconloslibros\/index.php?rest_route=%2Fwp%2Fv2%2Fmedia&parent=14"}],"wp:term":[{"taxonomy":"category","embeddable":true,"href":"https:\/\/blogs.elnortedecastilla.es\/asolasconloslibros\/index.php?rest_route=%2Fwp%2Fv2%2Fcategories&post=14"},{"taxonomy":"post_tag","embeddable":true,"href":"https:\/\/blogs.elnortedecastilla.es\/asolasconloslibros\/index.php?rest_route=%2Fwp%2Fv2%2Ftags&post=14"}],"curies":[{"name":"wp","href":"https:\/\/api.w.org\/{rel}","templated":true}]}}