{"id":211,"date":"2015-01-27T09:11:01","date_gmt":"2015-01-27T08:11:01","guid":{"rendered":"http:\/\/blogs.elnortedecastilla.es\/asolasconloslibros\/?p=211"},"modified":"2015-01-27T09:11:01","modified_gmt":"2015-01-27T08:11:01","slug":"211","status":"publish","type":"post","link":"https:\/\/blogs.elnortedecastilla.es\/asolasconloslibros\/?p=211","title":{"rendered":"Leyendas de Mar\u00eda de Apuleyo Soto"},"content":{"rendered":"<h2>Soto Apuleyo, Leyendas de Mar\u00eda, 2014, Vitruvio, Madrid (ilustraciones de Diego Coca)<\/h2>\n<div><a href=\"\/asolasconloslibros\/wp-content\/uploads\/sites\/29\/2015\/01\/20150125_100813-2.jpg\"><img loading=\"lazy\" class=\"alignright size-medium wp-image-212\" title=\"20150125_100813 (2)\" src=\"\/asolasconloslibros\/wp-content\/uploads\/sites\/29\/2015\/01\/20150125_100813-2.jpg\" alt=\"\" width=\"225\" height=\"300\" srcset=\"https:\/\/static-blogs.elnortedecastilla.es\/wp-content\/uploads\/sites\/29\/2015\/01\/20150125_100813-2.jpg 1536w, https:\/\/static-blogs.elnortedecastilla.es\/wp-content\/uploads\/sites\/29\/2015\/01\/20150125_100813-2-225x300.jpg 225w, https:\/\/static-blogs.elnortedecastilla.es\/wp-content\/uploads\/sites\/29\/2015\/01\/20150125_100813-2-768x1024.jpg 768w\" sizes=\"(max-width: 225px) 100vw, 225px\" \/><\/a><\/p>\n<h2><\/h2>\n<div><span style=\"font-size: xx-large;\">L<\/span><span style=\"font-size: x-large;\">a voz clara y teatral, recitativa y cantarina, de Apuleyo Soto, festiva como s\u00f3lo la licencia po\u00e9tica permite, se reviste de la misma y nos gu\u00eda por los pensamientos y la vida de Mar\u00eda, pero a la b\u00fasqueda, a su vez, de Jes\u00fas. Unos episodios, por cierto, que no se hallan en nig\u00fan lugar, pues los Ap\u00f3steles se hicieron de Cristo, sin atender a lo que crecer\u00eda la figura de la Madre a lo largo del tiempo. Apuleyo se nos hace ap\u00f3stol po\u00e9tico de la madre, y va pintando con versos claros y di\u00e1fanos, tan claros como el agua de los r\u00edos que el discurre, a la primera disc\u00edpula Real de ese Jes\u00fas de carne y esp\u00edritu.<\/span><\/div>\n<div><span style=\"font-size: x-large;\">Es cierto, mayor seguidora nunca, pues ella misma lo llevo en su seno y le di\u00f3 umbilicalidad, la misma que el Jes\u00fas esp\u00edritu, paloma santa, se encaragr\u00e1 de prestar a los hombres venideros que atiendan a su palabra, por encima de la muerte. Porque esa umbilicalidad no se pierde tras la muerte de Jes\u00fas &#8211; persiste hoy en nosotros. Y la Mar\u00eda es la umbilicalidad de la umbicalidad, pura transcendencia, \u00bfc\u00f3mo no sentirnos en ella tanto como en el hijo, si compratimos la esperanza del hijo de vuelta a la vida, de que no hay sepulcro que no sepulte?<\/span><\/div>\n<div><span style=\"font-size: x-large;\">M\u00e1s alla del deseo deseante de otros poetas est\u00e1 esta umbilicalidad umbilical, que pone en nuestras manos las manos de Ella.\u00a0<\/span><\/div>\n<div><span style=\"font-size: x-large;\">Bonita lectura, que, adem\u00e1s, nos traslada, al seno mismo de la madre.<\/span><\/div>\n<div><\/div>\n<\/div>\n<div><\/div>\n<!-- AddThis Advanced Settings generic via filter on the_content --><!-- AddThis Share Buttons generic via filter on the_content -->","protected":false},"excerpt":{"rendered":"<p>Soto Apuleyo, Leyendas de Mar\u00eda, 2014, Vitruvio, Madrid (ilustraciones de Diego Coca) La voz clara y teatral, recitativa y cantarina, de Apuleyo Soto, festiva como s\u00f3lo la licencia po\u00e9tica permite, se reviste de la misma y nos gu\u00eda por los pensamientos y la vida de Mar\u00eda, pero a la b\u00fasqueda, a su vez, de Jes\u00fas. [&hellip;]<!-- AddThis Advanced Settings generic via filter on get_the_excerpt --><!-- AddThis Share Buttons generic via filter on get_the_excerpt --><\/p>\n","protected":false},"author":41,"featured_media":0,"comment_status":"open","ping_status":"open","sticky":false,"template":"","format":"standard","meta":[],"categories":[4],"tags":[33,87,167],"_links":{"self":[{"href":"https:\/\/blogs.elnortedecastilla.es\/asolasconloslibros\/index.php?rest_route=\/wp\/v2\/posts\/211"}],"collection":[{"href":"https:\/\/blogs.elnortedecastilla.es\/asolasconloslibros\/index.php?rest_route=\/wp\/v2\/posts"}],"about":[{"href":"https:\/\/blogs.elnortedecastilla.es\/asolasconloslibros\/index.php?rest_route=\/wp\/v2\/types\/post"}],"author":[{"embeddable":true,"href":"https:\/\/blogs.elnortedecastilla.es\/asolasconloslibros\/index.php?rest_route=\/wp\/v2\/users\/41"}],"replies":[{"embeddable":true,"href":"https:\/\/blogs.elnortedecastilla.es\/asolasconloslibros\/index.php?rest_route=%2Fwp%2Fv2%2Fcomments&post=211"}],"version-history":[{"count":0,"href":"https:\/\/blogs.elnortedecastilla.es\/asolasconloslibros\/index.php?rest_route=\/wp\/v2\/posts\/211\/revisions"}],"wp:attachment":[{"href":"https:\/\/blogs.elnortedecastilla.es\/asolasconloslibros\/index.php?rest_route=%2Fwp%2Fv2%2Fmedia&parent=211"}],"wp:term":[{"taxonomy":"category","embeddable":true,"href":"https:\/\/blogs.elnortedecastilla.es\/asolasconloslibros\/index.php?rest_route=%2Fwp%2Fv2%2Fcategories&post=211"},{"taxonomy":"post_tag","embeddable":true,"href":"https:\/\/blogs.elnortedecastilla.es\/asolasconloslibros\/index.php?rest_route=%2Fwp%2Fv2%2Ftags&post=211"}],"curies":[{"name":"wp","href":"https:\/\/api.w.org\/{rel}","templated":true}]}}