{"id":320,"date":"2017-11-01T16:58:49","date_gmt":"2017-11-01T15:58:49","guid":{"rendered":"http:\/\/blogs.elnortedecastilla.es\/asolasconloslibros\/?p=320"},"modified":"2017-11-02T08:46:11","modified_gmt":"2017-11-02T07:46:11","slug":"sonorama-fest","status":"publish","type":"post","link":"https:\/\/blogs.elnortedecastilla.es\/asolasconloslibros\/?p=320","title":{"rendered":"Sonorama es Fest"},"content":{"rendered":"<p>Es indudable que Sonorama tiene el reconocimiento m\u00e1s importante que es el del p\u00fablico que asiste a sus escenarios y los artistas que llenan el aire de Aranda del Duero de las notas ecl\u00e9cticas de su m\u00fasica y las parafilias diversas en sus letras. Es un nudo de Moebius (los giordanos hace tiempo se solucionaron en Sonorama) El que le concedan el premio <strong><em>Fest <\/em><\/strong>al mejor festival de gran formato y a la mejor aportaci\u00f3n tur\u00edstica, es importante porque es el reconocimiento de un agente externo que valora los festivales.<\/p>\n<p>Que Sonorama haya ganado en estas dos categor\u00edas viene a decir a las claras cu\u00e1l es la esencia de este festival musical que cualquier ciudad hoy quisiera para s\u00ed. El Sonorama es un gran festival y un Gran Festival, porque es grande y Grande.<\/p>\n<p>El primer grande hace referencia a en cu\u00e1ntos d\u00edas se desarrolla el festival.<\/p>\n<p>El segundo Grande es interesante porque nos explica que su grandeza es la familiaridad que anida en el mismo. No es un festival de m\u00fasicos en el escenario y gente de aqu\u00ed para all\u00e1 alocadamente, sino que m\u00fasicos y los grupos de personas se encuentran por las calles, se topan en cada esquina y comentan cada uno de los conciertos, y grupos de gente de diversidad geogr\u00e1fica y cultural, desde La Coru\u00f1a asta Gibraltar, de Lisboa a Perpi\u00f1\u00e1n, de Suecia a Tombuct\u00fa, se prestan los unos a los otros las sonrisas, como si todos ellos tuvieran una ascendencia com\u00fan, s\u00f3lo una, la m\u00fasica. S\u00f3lo coincidencias glorificadoras de origen y hermandad en la m\u00fasica. Sin diferencias de clase, condici\u00f3n, entremezclados, fluyendo l\u00edquidos por las arterias de Aranda de Duero. La vida es l\u00edquida en esta Villa en los d\u00edas del Sonorama. S\u00f3lo coincidencias absolutas y hermandad en la m\u00fasica. Comadrazgo, compadrazgo, sobrinazgo, consanguineidad, una alianza de afinidades sobre una \u00fanica realidad papable, la m\u00fasica. En este mundo donde la vida es l\u00edquida y todos formamos parte de ese l\u00edquido que recorre las arterias de Aranda de Duero y la repleta de vida, todo es dom\u00e9stico, hogare\u00f1o, intestino, originario. Tan originario que resulta pulcro y farmacopea: sin miedo al fracaso ni al dolor ni a la muerte ni a los dioses. Una vida libre. Fijaos si es Grande este grande.<\/p>\n<p>Le dieron igualmente el premio al festival que mejor aportaci\u00f3n tur\u00edstica realiza. Mejor aportaci\u00f3n tur\u00edstica porque concita en sus arterias nada constrictoras la sangre transfusionada de mil lugares geogr\u00e1ficos distintos. Unas oleadas de bienvenidos familiares de la m\u00fasica se concitan en los lugares al efecto para que se reaviven. Un proceso de retroalimentaci\u00f3n, aqu\u00ed los que llegan al festival vienen a construir un mundo, como parte del clan que son, a dar noticia de su linaje, pero tambi\u00e9n a revivir por extracci\u00f3n din\u00e1stica. Como aquel mundo celta donde las tribus se reunificaban en el lugar sagrado de Lug para elegir a la Reina de todos los Celtas, as\u00ed Aranda se convierte en el lugar sagrado de la m\u00fasica, pero no para elegir al rey por un a\u00f1o, o tambi\u00e9n, sino a revivificarse con la misma. Ese proceso de retroalimentaci\u00f3n se lleva a cabo con los dos elementos m\u00e1s b\u00e1sicos de la tradici\u00f3n natural\u00edstica: el pan y el vino. \u00a0Hijos de la tierra madre, resucitan cada cual, en su momento anual, pero en el Sonorama ambos est\u00e1n a disposici\u00f3n de cada v\u00e1stago que enlaza con el v\u00ednculo tel\u00farico de la madre naturaleza. \u00a0Sobre todo, el vino.<\/p>\n<p>Como observar\u00e9is si os alleg\u00e1is a este cognaticio festival rey de notas de guitarra y heraldo de las voces de laurel y esplendor del pop rock espa\u00f1ol, todo es entronque, en las calles y avenidas y en su recinto de los festivales, y no os sentir\u00e9is agnaticios y sin linaje que os amparar\u00e1n de seguro los. Ver\u00e9is que se le otorgaron dos de los premios con justicia por los m\u00e9ritos propios, pero que pudieran ser todos en su conjunto.<\/p>\n<p>Sonorama no limita, sino que expande; y no finge, sino que ayuda a revertir el \u00e1nima y reventar la calumnia, a corromper lo corrupto y a que te sepas a salvo bajo la vestidura sin artificios de la resolutiva m\u00fasica que todo lo diluye \u2013 hasta la m\u00e1s afectada de las famas.<\/p>\n<p>Sonorama es la vida de rodilla en rodilla, la libertad que alimenta de facilidad y de desenredos al \u00e1nima que lo precisa y se acerca a sus orillas. Lo dijimos, esos d\u00edas todo es flujo, todo es l\u00edquido, todo es esencial. Hasta el punto de que pudi\u00e9ramos conferir al Sonorama el apellido que lo faculta, Sonorama del Duero.<\/p>\n<p>&nbsp;<\/p>\n<p>&nbsp;<\/p>\n<p>&nbsp;<\/p>\n<p>&nbsp;<\/p>\n<p>&nbsp;<\/p>\n<!-- AddThis Advanced Settings generic via filter on the_content --><!-- AddThis Share Buttons generic via filter on the_content -->","protected":false},"excerpt":{"rendered":"<p>Es indudable que Sonorama tiene el reconocimiento m\u00e1s importante que es el del p\u00fablico que asiste a sus escenarios y los artistas que llenan el aire de Aranda del Duero de las notas ecl\u00e9cticas de su m\u00fasica y las parafilias diversas en sus letras. Es un nudo de Moebius (los giordanos hace tiempo se solucionaron [&hellip;]<!-- AddThis Advanced Settings generic via filter on get_the_excerpt --><!-- AddThis Share Buttons generic via filter on get_the_excerpt --><\/p>\n","protected":false},"author":41,"featured_media":0,"comment_status":"open","ping_status":"open","sticky":false,"template":"","format":"standard","meta":[],"categories":[1],"tags":[313,316,314,315,282],"_links":{"self":[{"href":"https:\/\/blogs.elnortedecastilla.es\/asolasconloslibros\/index.php?rest_route=\/wp\/v2\/posts\/320"}],"collection":[{"href":"https:\/\/blogs.elnortedecastilla.es\/asolasconloslibros\/index.php?rest_route=\/wp\/v2\/posts"}],"about":[{"href":"https:\/\/blogs.elnortedecastilla.es\/asolasconloslibros\/index.php?rest_route=\/wp\/v2\/types\/post"}],"author":[{"embeddable":true,"href":"https:\/\/blogs.elnortedecastilla.es\/asolasconloslibros\/index.php?rest_route=\/wp\/v2\/users\/41"}],"replies":[{"embeddable":true,"href":"https:\/\/blogs.elnortedecastilla.es\/asolasconloslibros\/index.php?rest_route=%2Fwp%2Fv2%2Fcomments&post=320"}],"version-history":[{"count":5,"href":"https:\/\/blogs.elnortedecastilla.es\/asolasconloslibros\/index.php?rest_route=\/wp\/v2\/posts\/320\/revisions"}],"predecessor-version":[{"id":328,"href":"https:\/\/blogs.elnortedecastilla.es\/asolasconloslibros\/index.php?rest_route=\/wp\/v2\/posts\/320\/revisions\/328"}],"wp:attachment":[{"href":"https:\/\/blogs.elnortedecastilla.es\/asolasconloslibros\/index.php?rest_route=%2Fwp%2Fv2%2Fmedia&parent=320"}],"wp:term":[{"taxonomy":"category","embeddable":true,"href":"https:\/\/blogs.elnortedecastilla.es\/asolasconloslibros\/index.php?rest_route=%2Fwp%2Fv2%2Fcategories&post=320"},{"taxonomy":"post_tag","embeddable":true,"href":"https:\/\/blogs.elnortedecastilla.es\/asolasconloslibros\/index.php?rest_route=%2Fwp%2Fv2%2Ftags&post=320"}],"curies":[{"name":"wp","href":"https:\/\/api.w.org\/{rel}","templated":true}]}}